{"id":62687,"date":"2026-07-02T10:00:42","date_gmt":"2026-07-02T08:00:42","guid":{"rendered":"https:\/\/www.polimoda.com\/?post_type=polimoda-press&#038;p=62687"},"modified":"2026-09-03T11:54:50","modified_gmt":"2026-09-03T09:54:50","slug":"best-collection-2026-no-longer-human-di-emilie-wenckstern","status":"publish","type":"polimoda-press","link":"https:\/\/www.polimoda.com\/it\/press-area\/best-collection-2026-no-longer-human-di-emilie-wenckstern\/","title":{"rendered":"Best Collection 2026: No Longer Human di Emilie Wenckstern"},"content":{"rendered":"\t\t<div data-elementor-type=\"wp-post\" data-elementor-id=\"62687\" class=\"elementor elementor-62687 elementor-62629\" data-elementor-post-type=\"polimoda-press\">\n\t\t\t\t\t\t<section class=\"elementor-section elementor-top-section elementor-element elementor-element-cded33d elementor-section-boxed elementor-section-height-default elementor-section-height-default\" data-id=\"cded33d\" data-element_type=\"section\" data-e-type=\"section\">\n\t\t\t\t\t\t<div class=\"elementor-container elementor-column-gap-default\">\n\t\t\t\t\t<div class=\"elementor-column elementor-col-25 elementor-top-column elementor-element elementor-element-f64bcb7\" data-id=\"f64bcb7\" data-element_type=\"column\" data-e-type=\"column\">\n\t\t\t<div class=\"elementor-widget-wrap\">\n\t\t\t\t\t\t\t<\/div>\n\t\t<\/div>\n\t\t\t\t<div class=\"elementor-column elementor-col-50 elementor-top-column elementor-element elementor-element-ac990b0\" data-id=\"ac990b0\" data-element_type=\"column\" data-e-type=\"column\">\n\t\t\t<div class=\"elementor-widget-wrap elementor-element-populated\">\n\t\t\t\t\t\t<div class=\"elementor-element elementor-element-619c7cb elementor-widget elementor-widget-text-editor\" data-id=\"619c7cb\" data-element_type=\"widget\" data-e-type=\"widget\" data-widget_type=\"text-editor.default\">\n\t\t\t\t<div class=\"elementor-widget-container\">\n\t\t\t\t\t\t\t\t\t<p>Emilie Wenckstern, designer tedesca neodiplomata del corso Undergraduate in Fashion Design, \u00e8 la vincitrice della Best Collection 2026 di Polimoda. Il riconoscimento le \u00e8 stato assegnato per No Longer Human, collezione presentata durante il Polimoda Graduate Show 2026, tenutosi il 15 giugno nella piazza antistante al Manifattura Campus di Polimoda a Firenze. <\/p>\t\t\t\t\t\t\t\t<\/div>\n\t\t\t\t<\/div>\n\t\t\t\t<div class=\"elementor-element elementor-element-7693e5b elementor-widget elementor-widget-image\" data-id=\"7693e5b\" data-element_type=\"widget\" data-e-type=\"widget\" data-widget_type=\"image.default\">\n\t\t\t\t<div class=\"elementor-widget-container\">\n\t\t\t\t\t\t\t\t\t\t\t\t<figure class=\"wp-caption\">\n\t\t\t\t\t\t\t\t\t\t<img fetchpriority=\"high\" decoding=\"async\" width=\"1024\" height=\"683\" src=\"https:\/\/www.polimoda.com\/wp-content\/uploads\/2026\/07\/polimoda-best-collection-2026-emilie-wenckstern-03_ph-serena-gallorini-web-1-1024x683.jpg\" class=\"attachment-large size-large wp-image-62671\" alt=\"Emilie Wenckstern lavora alla sua graduate collection, foto di Serena Gallorini\" srcset=\"https:\/\/www.polimoda.com\/wp-content\/uploads\/2026\/07\/polimoda-best-collection-2026-emilie-wenckstern-03_ph-serena-gallorini-web-1-1024x683.jpg 1024w, https:\/\/www.polimoda.com\/wp-content\/uploads\/2026\/07\/polimoda-best-collection-2026-emilie-wenckstern-03_ph-serena-gallorini-web-1-300x200.jpg 300w, https:\/\/www.polimoda.com\/wp-content\/uploads\/2026\/07\/polimoda-best-collection-2026-emilie-wenckstern-03_ph-serena-gallorini-web-1-768x512.jpg 768w, https:\/\/www.polimoda.com\/wp-content\/uploads\/2026\/07\/polimoda-best-collection-2026-emilie-wenckstern-03_ph-serena-gallorini-web-1-1536x1024.jpg 1536w, https:\/\/www.polimoda.com\/wp-content\/uploads\/2026\/07\/polimoda-best-collection-2026-emilie-wenckstern-03_ph-serena-gallorini-web-1.jpg 1920w\" sizes=\"(max-width: 1024px) 100vw, 1024px\" \/>\t\t\t\t\t\t\t\t\t\t\t<figcaption class=\"widget-image-caption wp-caption-text\">Emilie Wenckstern lavora alla sua graduate collection, foto di Serena Gallorini<\/figcaption>\n\t\t\t\t\t\t\t\t\t\t<\/figure>\n\t\t\t\t\t\t\t\t\t<\/div>\n\t\t\t\t<\/div>\n\t\t\t\t<div class=\"elementor-element elementor-element-236ba80 elementor-widget elementor-widget-text-editor\" data-id=\"236ba80\" data-element_type=\"widget\" data-e-type=\"widget\" data-widget_type=\"text-editor.default\">\n\t\t\t\t<div class=\"elementor-widget-container\">\n\t\t\t\t\t\t\t\t\t<p>Al centro della collezione una domanda radicale e contemporanea: cosa accade al corpo quando pu\u00f2 essere generato, modificato e costruito prima ancora di essere fisicamente presente? Attraverso riferimenti a bambole, manichini, figure scultoree e avatar digitali, Wenckstern indaga il confine tra umano e artificiale, trasformando il corpo in superficie, costruzione e immagine. <\/p><p>Il Graduate Show 2026 ha portato in passerella il lavoro di venti designer provenienti da quindici diverse nazionalit\u00e0, espressione di una generazione cresciuta in uno scenario globale instabile, accelerato e profondamente trasformato. Le collezioni hanno raccontato una moda personale e socialmente consapevole, in cui memoria, patrimonio culturale, identit\u00e0 ed esperienze vissute diventano strumenti di ricerca creativa. <\/p><p>La giuria di questa edizione era composta da Eva Cavalli, fashion designer e modella, Tuomas A. Laitinen, Fashion Director di SSAW Magazine, Danae Mercer, giornalista e body positivity content creator, Eugene Rabkin, founder e editor di StyleZeitgeist magazine, e l&#8217;attrice italiana di The White Lotus, Simona Tabasco. La giuria \u00e8 stata invitata a valutare le collezioni per eleggere la migliore proposta, basandosi su criteri di originalit\u00e0, esecuzione tecnica e coerenza di design. <\/p><p>\u201c<em>Di Emilie mi ha colpito il concept creativo: il modo in cui l&#8217;intelligenza artificiale ci spinge verso un&#8217;idea di &#8220;super umano&#8221;, un ideale che abbiamo cercato di raggiungere fin dal Rinascimento, e il ruolo che la moda gioca in tutto questo, mi hanno toccata profondamente. Questo ha un valore speciale per me, che lavoro nell&#8217;ambito della body confidence, ma ho anche amato l&#8217;abilit\u00e0 nella lavorazione della pelle e l&#8217;artigianalit\u00e0 che emerge dalla collezione   <\/em>\u201d, ha commentato Danae Mercer. Interpellato sul look destinato a restare pi\u00f9 impresso dopo lo show, Eugene Rabkin ha indicato senza esitazioni: \u201cL\u2019ultimo look di Emilie Wenckstern\u201d. Una scelta che conferma la forza conclusiva di No Longer Human, capace di condensare in un\u2019unica immagine la tensione tra corpo artificiale, silhouette scultorea e identit\u00e0 costruita.  <\/p>\t\t\t\t\t\t\t\t<\/div>\n\t\t\t\t<\/div>\n\t\t\t\t<div class=\"elementor-element elementor-element-b19af71 uael-img-grid__column-3 uael-img-grid-tablet__column-3 uael-img-grid-mobile__column-2 uael-ins-normal elementor-widget elementor-widget-uael-image-gallery\" data-id=\"b19af71\" data-element_type=\"widget\" data-e-type=\"widget\" data-settings=\"{&quot;gallery_columns&quot;:&quot;3&quot;,&quot;gallery_columns_tablet&quot;:&quot;3&quot;,&quot;gallery_columns_mobile&quot;:&quot;2&quot;,&quot;lightbox_margin_bottom&quot;:{&quot;unit&quot;:&quot;px&quot;,&quot;size&quot;:&quot;&quot;,&quot;sizes&quot;:[]},&quot;lightbox_margin_bottom_tablet&quot;:{&quot;unit&quot;:&quot;px&quot;,&quot;size&quot;:&quot;&quot;,&quot;sizes&quot;:[]},&quot;lightbox_margin_bottom_mobile&quot;:{&quot;unit&quot;:&quot;px&quot;,&quot;size&quot;:&quot;&quot;,&quot;sizes&quot;:[]},&quot;column_gap&quot;:{&quot;unit&quot;:&quot;px&quot;,&quot;size&quot;:20,&quot;sizes&quot;:[]},&quot;column_gap_tablet&quot;:{&quot;unit&quot;:&quot;px&quot;,&quot;size&quot;:&quot;&quot;,&quot;sizes&quot;:[]},&quot;column_gap_mobile&quot;:{&quot;unit&quot;:&quot;px&quot;,&quot;size&quot;:&quot;&quot;,&quot;sizes&quot;:[]},&quot;row_gap&quot;:{&quot;unit&quot;:&quot;px&quot;,&quot;size&quot;:20,&quot;sizes&quot;:[]},&quot;row_gap_tablet&quot;:{&quot;unit&quot;:&quot;px&quot;,&quot;size&quot;:&quot;&quot;,&quot;sizes&quot;:[]},&quot;row_gap_mobile&quot;:{&quot;unit&quot;:&quot;px&quot;,&quot;size&quot;:&quot;&quot;,&quot;sizes&quot;:[]},&quot;images_valign&quot;:&quot;flex-start&quot;}\" data-widget_type=\"uael-image-gallery.default\">\n\t\t\t\t<div class=\"elementor-widget-container\">\n\t\t\t\t\t<div class=\"uael-gallery-parent uael-caption- uael-gallery-unjustified\"><div class=\"uael-img-gallery-wrap uael-img-grid-wrap uael-img-grid-masonry-wrap uael-image-lightbox-wrap\" data-filter-default=\"All\" data-lightbox_actions=\"[&quot;slideShow&quot;,&quot;close&quot;]\" data-lightbox-gallery-loop=\"\"><div class=\"uael-grid-item  uael-img-gallery-item-1\"><div class=\"uael-grid-item-content\"><a class=\"uael-grid-img uael-grid-gallery-img uael-ins-hover elementor-clickable\" data-fancybox=\"uael-gallery\" data-caption=\"Photo by Filippo Fior and Salvatore Dragone \/ GoRunway.\" href=\"https:\/\/www.polimoda.com\/wp-content\/uploads\/2026\/07\/Emilie-Wenckstern-Emilie-Wenckstern-01-scaled.jpg\" data-elementor-open-lightbox=\"no\"><div class=\"uael-grid-img-thumbnail uael-ins-target\"><img decoding=\"async\" width=\"683\" height=\"1024\" src=\"https:\/\/www.polimoda.com\/wp-content\/uploads\/2026\/07\/Emilie-Wenckstern-Emilie-Wenckstern-01-683x1024.jpg\" class=\"attachment-large size-large wp-image-62345\" alt=\"\" srcset=\"https:\/\/www.polimoda.com\/wp-content\/uploads\/2026\/07\/Emilie-Wenckstern-Emilie-Wenckstern-01-683x1024.jpg 683w, https:\/\/www.polimoda.com\/wp-content\/uploads\/2026\/07\/Emilie-Wenckstern-Emilie-Wenckstern-01-200x300.jpg 200w, https:\/\/www.polimoda.com\/wp-content\/uploads\/2026\/07\/Emilie-Wenckstern-Emilie-Wenckstern-01-768x1152.jpg 768w, https:\/\/www.polimoda.com\/wp-content\/uploads\/2026\/07\/Emilie-Wenckstern-Emilie-Wenckstern-01-1024x1536.jpg 1024w, https:\/\/www.polimoda.com\/wp-content\/uploads\/2026\/07\/Emilie-Wenckstern-Emilie-Wenckstern-01-1365x2048.jpg 1365w, https:\/\/www.polimoda.com\/wp-content\/uploads\/2026\/07\/Emilie-Wenckstern-Emilie-Wenckstern-01-scaled.jpg 1707w\" sizes=\"(max-width: 683px) 100vw, 683px\" \/><\/div><div class=\"uael-grid-img-overlay\"><\/div><\/a><\/div><\/div><div class=\"uael-grid-item  uael-img-gallery-item-2\"><div class=\"uael-grid-item-content\"><a class=\"uael-grid-img uael-grid-gallery-img uael-ins-hover elementor-clickable\" data-fancybox=\"uael-gallery\" data-caption=\"Photo by Filippo Fior and Salvatore Dragone \/ GoRunway.\" href=\"https:\/\/www.polimoda.com\/wp-content\/uploads\/2026\/07\/Emilie-Wenckstern-Emilie-Wenckstern-02-scaled.jpg\" data-elementor-open-lightbox=\"no\"><div class=\"uael-grid-img-thumbnail uael-ins-target\"><img decoding=\"async\" width=\"683\" height=\"1024\" src=\"https:\/\/www.polimoda.com\/wp-content\/uploads\/2026\/07\/Emilie-Wenckstern-Emilie-Wenckstern-02-683x1024.jpg\" class=\"attachment-large size-large wp-image-62346\" alt=\"\" srcset=\"https:\/\/www.polimoda.com\/wp-content\/uploads\/2026\/07\/Emilie-Wenckstern-Emilie-Wenckstern-02-683x1024.jpg 683w, https:\/\/www.polimoda.com\/wp-content\/uploads\/2026\/07\/Emilie-Wenckstern-Emilie-Wenckstern-02-200x300.jpg 200w, https:\/\/www.polimoda.com\/wp-content\/uploads\/2026\/07\/Emilie-Wenckstern-Emilie-Wenckstern-02-768x1152.jpg 768w, https:\/\/www.polimoda.com\/wp-content\/uploads\/2026\/07\/Emilie-Wenckstern-Emilie-Wenckstern-02-1024x1536.jpg 1024w, https:\/\/www.polimoda.com\/wp-content\/uploads\/2026\/07\/Emilie-Wenckstern-Emilie-Wenckstern-02-1365x2048.jpg 1365w, https:\/\/www.polimoda.com\/wp-content\/uploads\/2026\/07\/Emilie-Wenckstern-Emilie-Wenckstern-02-scaled.jpg 1707w\" sizes=\"(max-width: 683px) 100vw, 683px\" \/><\/div><div class=\"uael-grid-img-overlay\"><\/div><\/a><\/div><\/div><div class=\"uael-grid-item  uael-img-gallery-item-3\"><div class=\"uael-grid-item-content\"><a class=\"uael-grid-img uael-grid-gallery-img uael-ins-hover elementor-clickable\" data-fancybox=\"uael-gallery\" data-caption=\"Photo by Filippo Fior and Salvatore Dragone \/ GoRunway.\" href=\"https:\/\/www.polimoda.com\/wp-content\/uploads\/2026\/07\/Emilie-Wenckstern-Emilie-Wenckstern-03b-scaled.jpg\" data-elementor-open-lightbox=\"no\"><div class=\"uael-grid-img-thumbnail uael-ins-target\"><img loading=\"lazy\" decoding=\"async\" width=\"683\" height=\"1024\" src=\"https:\/\/www.polimoda.com\/wp-content\/uploads\/2026\/07\/Emilie-Wenckstern-Emilie-Wenckstern-03b-683x1024.jpg\" class=\"attachment-large size-large wp-image-62347\" alt=\"\" srcset=\"https:\/\/www.polimoda.com\/wp-content\/uploads\/2026\/07\/Emilie-Wenckstern-Emilie-Wenckstern-03b-683x1024.jpg 683w, https:\/\/www.polimoda.com\/wp-content\/uploads\/2026\/07\/Emilie-Wenckstern-Emilie-Wenckstern-03b-200x300.jpg 200w, https:\/\/www.polimoda.com\/wp-content\/uploads\/2026\/07\/Emilie-Wenckstern-Emilie-Wenckstern-03b-768x1152.jpg 768w, https:\/\/www.polimoda.com\/wp-content\/uploads\/2026\/07\/Emilie-Wenckstern-Emilie-Wenckstern-03b-1024x1536.jpg 1024w, https:\/\/www.polimoda.com\/wp-content\/uploads\/2026\/07\/Emilie-Wenckstern-Emilie-Wenckstern-03b-1365x2048.jpg 1365w, https:\/\/www.polimoda.com\/wp-content\/uploads\/2026\/07\/Emilie-Wenckstern-Emilie-Wenckstern-03b-scaled.jpg 1707w\" sizes=\"(max-width: 683px) 100vw, 683px\" \/><\/div><div class=\"uael-grid-img-overlay\"><\/div><\/a><\/div><\/div><div class=\"uael-grid-item  uael-img-gallery-item-4\"><div class=\"uael-grid-item-content\"><a class=\"uael-grid-img uael-grid-gallery-img uael-ins-hover elementor-clickable\" data-fancybox=\"uael-gallery\" data-caption=\"Photo by Filippo Fior and Salvatore Dragone \/ GoRunway.\" href=\"https:\/\/www.polimoda.com\/wp-content\/uploads\/2026\/07\/Emilie-Wenckstern-Emilie-Wenckstern-04-scaled.jpg\" data-elementor-open-lightbox=\"no\"><div class=\"uael-grid-img-thumbnail uael-ins-target\"><img loading=\"lazy\" decoding=\"async\" width=\"683\" height=\"1024\" src=\"https:\/\/www.polimoda.com\/wp-content\/uploads\/2026\/07\/Emilie-Wenckstern-Emilie-Wenckstern-04-683x1024.jpg\" class=\"attachment-large size-large wp-image-62348\" alt=\"\" srcset=\"https:\/\/www.polimoda.com\/wp-content\/uploads\/2026\/07\/Emilie-Wenckstern-Emilie-Wenckstern-04-683x1024.jpg 683w, https:\/\/www.polimoda.com\/wp-content\/uploads\/2026\/07\/Emilie-Wenckstern-Emilie-Wenckstern-04-200x300.jpg 200w, https:\/\/www.polimoda.com\/wp-content\/uploads\/2026\/07\/Emilie-Wenckstern-Emilie-Wenckstern-04-768x1152.jpg 768w, https:\/\/www.polimoda.com\/wp-content\/uploads\/2026\/07\/Emilie-Wenckstern-Emilie-Wenckstern-04-1024x1536.jpg 1024w, https:\/\/www.polimoda.com\/wp-content\/uploads\/2026\/07\/Emilie-Wenckstern-Emilie-Wenckstern-04-1365x2048.jpg 1365w, https:\/\/www.polimoda.com\/wp-content\/uploads\/2026\/07\/Emilie-Wenckstern-Emilie-Wenckstern-04-scaled.jpg 1707w\" sizes=\"(max-width: 683px) 100vw, 683px\" \/><\/div><div class=\"uael-grid-img-overlay\"><\/div><\/a><\/div><\/div><div class=\"uael-grid-item  uael-img-gallery-item-5\"><div class=\"uael-grid-item-content\"><a class=\"uael-grid-img uael-grid-gallery-img uael-ins-hover elementor-clickable\" data-fancybox=\"uael-gallery\" data-caption=\"Photo by Filippo Fior and Salvatore Dragone \/ GoRunway.\" href=\"https:\/\/www.polimoda.com\/wp-content\/uploads\/2026\/07\/Emilie-Wenckstern-Emilie-Wenckstern-05-scaled.jpg\" data-elementor-open-lightbox=\"no\"><div class=\"uael-grid-img-thumbnail uael-ins-target\"><img loading=\"lazy\" decoding=\"async\" width=\"683\" height=\"1024\" src=\"https:\/\/www.polimoda.com\/wp-content\/uploads\/2026\/07\/Emilie-Wenckstern-Emilie-Wenckstern-05-683x1024.jpg\" class=\"attachment-large size-large wp-image-62349\" alt=\"\" srcset=\"https:\/\/www.polimoda.com\/wp-content\/uploads\/2026\/07\/Emilie-Wenckstern-Emilie-Wenckstern-05-683x1024.jpg 683w, https:\/\/www.polimoda.com\/wp-content\/uploads\/2026\/07\/Emilie-Wenckstern-Emilie-Wenckstern-05-200x300.jpg 200w, https:\/\/www.polimoda.com\/wp-content\/uploads\/2026\/07\/Emilie-Wenckstern-Emilie-Wenckstern-05-768x1152.jpg 768w, https:\/\/www.polimoda.com\/wp-content\/uploads\/2026\/07\/Emilie-Wenckstern-Emilie-Wenckstern-05-1024x1536.jpg 1024w, https:\/\/www.polimoda.com\/wp-content\/uploads\/2026\/07\/Emilie-Wenckstern-Emilie-Wenckstern-05-1365x2048.jpg 1365w, https:\/\/www.polimoda.com\/wp-content\/uploads\/2026\/07\/Emilie-Wenckstern-Emilie-Wenckstern-05-scaled.jpg 1707w\" sizes=\"(max-width: 683px) 100vw, 683px\" \/><\/div><div class=\"uael-grid-img-overlay\"><\/div><\/a><\/div><\/div><div class=\"uael-grid-item  uael-img-gallery-item-6\"><div class=\"uael-grid-item-content\"><a class=\"uael-grid-img uael-grid-gallery-img uael-ins-hover elementor-clickable\" data-fancybox=\"uael-gallery\" data-caption=\"Photo by Filippo Fior and Salvatore Dragone \/ GoRunway.\" href=\"https:\/\/www.polimoda.com\/wp-content\/uploads\/2026\/07\/Emilie-Wenckstern-Emilie-Wenckstern-06-scaled.jpg\" data-elementor-open-lightbox=\"no\"><div class=\"uael-grid-img-thumbnail uael-ins-target\"><img loading=\"lazy\" decoding=\"async\" width=\"683\" height=\"1024\" src=\"https:\/\/www.polimoda.com\/wp-content\/uploads\/2026\/07\/Emilie-Wenckstern-Emilie-Wenckstern-06-683x1024.jpg\" class=\"attachment-large size-large wp-image-62350\" alt=\"\" srcset=\"https:\/\/www.polimoda.com\/wp-content\/uploads\/2026\/07\/Emilie-Wenckstern-Emilie-Wenckstern-06-683x1024.jpg 683w, https:\/\/www.polimoda.com\/wp-content\/uploads\/2026\/07\/Emilie-Wenckstern-Emilie-Wenckstern-06-200x300.jpg 200w, https:\/\/www.polimoda.com\/wp-content\/uploads\/2026\/07\/Emilie-Wenckstern-Emilie-Wenckstern-06-768x1152.jpg 768w, https:\/\/www.polimoda.com\/wp-content\/uploads\/2026\/07\/Emilie-Wenckstern-Emilie-Wenckstern-06-1024x1536.jpg 1024w, https:\/\/www.polimoda.com\/wp-content\/uploads\/2026\/07\/Emilie-Wenckstern-Emilie-Wenckstern-06-1365x2048.jpg 1365w, https:\/\/www.polimoda.com\/wp-content\/uploads\/2026\/07\/Emilie-Wenckstern-Emilie-Wenckstern-06-scaled.jpg 1707w\" sizes=\"(max-width: 683px) 100vw, 683px\" \/><\/div><div class=\"uael-grid-img-overlay\"><\/div><\/a><\/div><\/div><\/div><\/div>\t\t\t\t<\/div>\n\t\t\t\t<\/div>\n\t\t\t\t<div class=\"elementor-element elementor-element-2e6bcd8 elementor-widget elementor-widget-heading\" data-id=\"2e6bcd8\" data-element_type=\"widget\" data-e-type=\"widget\" data-widget_type=\"heading.default\">\n\t\t\t\t<div class=\"elementor-widget-container\">\n\t\t\t\t\t<h2 class=\"elementor-heading-title elementor-size-default\">La collezione<\/h2>\t\t\t\t<\/div>\n\t\t\t\t<\/div>\n\t\t\t\t<div class=\"elementor-element elementor-element-546353b elementor-widget elementor-widget-text-editor\" data-id=\"546353b\" data-element_type=\"widget\" data-e-type=\"widget\" data-widget_type=\"text-editor.default\">\n\t\t\t\t<div class=\"elementor-widget-container\">\n\t\t\t\t\t\t\t\t\t<p>La collezione di Wenckstern, No Longer Human, parte da una domanda fatta all\u2019AI: se avessi un corpo, sarebbe ancora umano? Nell&#8217;era digitale l&#8217;identit\u00e0 si costruisce, la pelle diventa superficie, il corpo \u00e8 qualcosa che si progetta. La collezione sonda il confine tra umano e artificiale, interrogandosi non solo su cosa sia un corpo, ma su quando esso cessi di esserlo.  <\/p><p>\u201c<em>\u201cViviamo in un momento in cui i corpi vengono generati, modificati e possono esistere anche prima della loro presenza fisica. L&#8217;identit\u00e0 diventa costruzione, la pelle si trasforma in superficie. Ho voluto esplorare questo confine: non solo chiedermi cos&#8217;\u00e8 un corpo, ma quando \u00e8 che smette di esserlo. Per me non si tratta solo di abiti: voglio costruire un mondo che ispiri gli altri, creare un dialogo tra il corpo, l&#8217;arte e il capo   <\/em>\u201d, spiega Emilie Wenckstern.<\/p><p>Ventisette anni, nata ad Amburgo con radici spagnole, Emilie Wenckstern ha vissuto e studiato in Germania, dove ha lavorato in uno studio d&#8217;arte coltivando la propria ricerca tra scultura, arte e fotografia, prima di trasferirsi a Firenze nel 2021 per studiare Fashion Design a Polimoda, dove ha scelto di esprimere la propria visione artistica attraverso la moda. Tra le fonti di ispirazione per la sua graduate collection, il pittore e scultore tedesco Hans Bellmer, il fotografo Paul Kooiker e il design di Ala\u00efa, Margiela e Schiaparelli. <\/p><p>La sua collezione si sviluppa in sei look, articolati in due registri materici distinti e complementari. Il primo prende forma in corpetti con spalle architettoniche, giacche oversize dalle maniche a palloncino, minigonne e stivali coordinati, rivestiti dalla superficie screpolata della lana infeltrita che richiama la porcellana fratturata. Nei capi in maglia di seta, le striature completano il registro con un effetto di venature e articolazioni, mentre fasce semitrasparenti e stampe intarsiano il tessuto come un&#8217;interferenza digitale che corrode la forma sartoriale.  <\/p><p>Il secondo registro si esprime in capi total look in cuoio lucido tono su tono, sagomati sul corpo con incisioni e aperture circolari asimmetriche che richiamano le giunture di un manichino, una \u201cbambola perfetta\u201d, completati da stivali coordinati che prolungano la silhouette fino a cancellarla.<\/p><p>Tra gli accessori, ricorre una collana che sale a coprire la bocca come una semi-maschera: un dettaglio che gioca con il confine tra umano e artificiale, tra chi pu\u00f2 parlare e chi non pu\u00f2. Perch\u00e9 se una bambola ha bocca e occhi ma non pu\u00f2 comunicare, forse \u00e8 proprio la voce, la capacit\u00e0 di usarla, ci\u00f2 che ancora ci distingue. <\/p><p>Collocata al confine tra moda e scultura, No Longer Human trova bellezza in una perfezione reinterpretata e riproposta nella sua stranezza e inquietudine, canoni idealizzati e costruiti che hanno sempre meno a che fare con la realt\u00e0 della forma umana.<\/p><p>\u201c<em>\u201cLe forme sono fortemente influenzate da corpi scultorei come manichini e bambole. Mi sono concentrata su silhouette esagerate, ispirate ai punti di giunzione delle bambole, per creare un senso di anatomia costruita piuttosto che di corpi naturali. La palette \u00e8 intenzionalmente sobria, con neutri come bianco, beige e rosa pallido combinati a tonalit\u00e0 di pelle sintetica: colori che evocano sia una qualit\u00e0 carnea che un&#8217;elaborazione digitale. Ho scelto materiali che enfatizzano l&#8217;idea del corpo come qualcosa di fragile e controllato. Le superfici screpolate, ispirate alle bambole di porcellana, riflettono un senso di danno e imperfezione, mantenendo comunque una certa bellezza. Allo stesso tempo ho lavorato con la modellatura in pelle per dare forma al corpo, creando forme che richiamano l&#8217;idea di un&#8217;anatomia artificiale e costruita. Il contrasto tra texture fragili e fratturate e forme controllate e modellate riflette la tensione tra vulnerabilit\u00e0 e manipolazione del corpo      <\/em>\u201d, spiega Emilie Wenckstern.<\/p><p>Per la realizzazione del tessuto stampato, Emilie ha collaborato con Ostinelli Seta.<\/p>\t\t\t\t\t\t\t\t<\/div>\n\t\t\t\t<\/div>\n\t\t\t\t<div class=\"elementor-element elementor-element-7840daa uael-ins-normal uael-img-carousel-arrow-outside elementor-widget elementor-widget-uael-image-gallery\" data-id=\"7840daa\" data-element_type=\"widget\" data-e-type=\"widget\" data-settings=\"{&quot;slides_to_show&quot;:2,&quot;slides_to_show_tablet&quot;:3,&quot;slides_to_show_mobile&quot;:2,&quot;slides_to_scroll&quot;:1,&quot;slides_to_scroll_tablet&quot;:1,&quot;slides_to_scroll_mobile&quot;:1,&quot;lightbox_margin_bottom&quot;:{&quot;unit&quot;:&quot;px&quot;,&quot;size&quot;:&quot;&quot;,&quot;sizes&quot;:[]},&quot;lightbox_margin_bottom_tablet&quot;:{&quot;unit&quot;:&quot;px&quot;,&quot;size&quot;:&quot;&quot;,&quot;sizes&quot;:[]},&quot;lightbox_margin_bottom_mobile&quot;:{&quot;unit&quot;:&quot;px&quot;,&quot;size&quot;:&quot;&quot;,&quot;sizes&quot;:[]},&quot;column_gap&quot;:{&quot;unit&quot;:&quot;px&quot;,&quot;size&quot;:20,&quot;sizes&quot;:[]},&quot;column_gap_tablet&quot;:{&quot;unit&quot;:&quot;px&quot;,&quot;size&quot;:&quot;&quot;,&quot;sizes&quot;:[]},&quot;column_gap_mobile&quot;:{&quot;unit&quot;:&quot;px&quot;,&quot;size&quot;:&quot;&quot;,&quot;sizes&quot;:[]}}\" data-widget_type=\"uael-image-gallery.default\">\n\t\t\t\t<div class=\"elementor-widget-container\">\n\t\t\t\t\t<div class=\"uael-gallery-parent uael-caption- uael-gallery-unjustified\"><div data-image_carousel=\"{&quot;slidesToShow&quot;:2,&quot;slidesToScroll&quot;:1,&quot;autoplaySpeed&quot;:5000,&quot;autoplay&quot;:false,&quot;infinite&quot;:true,&quot;pauseOnHover&quot;:true,&quot;speed&quot;:500,&quot;arrows&quot;:true,&quot;dots&quot;:true,&quot;rtl&quot;:false,&quot;responsive&quot;:[{&quot;breakpoint&quot;:1024,&quot;settings&quot;:{&quot;slidesToShow&quot;:3,&quot;slidesToScroll&quot;:1}},{&quot;breakpoint&quot;:767,&quot;settings&quot;:{&quot;slidesToShow&quot;:2,&quot;slidesToScroll&quot;:1}}]}\" class=\"uael-img-gallery-wrap uael-img-carousel-wrap uael-nav-both uael-image-lightbox-wrap\" data-filter-default=\"All\" data-lightbox_actions=\"[&quot;slideShow&quot;,&quot;close&quot;]\" data-lightbox-gallery-loop=\"\"><div class=\"uael-grid-item  uael-img-gallery-item-1\"><div class=\"uael-grid-item-content\"><a class=\"uael-grid-img uael-grid-gallery-img uael-ins-hover elementor-clickable\" data-fancybox=\"uael-gallery\" data-caption=\"Emilie Wenkstern collection, photo by Filippo Fior and Salvatore Dragone \/ GoRunway\" href=\"https:\/\/www.polimoda.com\/wp-content\/uploads\/2026\/07\/Emilie-Wenckstern-Details-02-scaled.jpg\" data-elementor-open-lightbox=\"no\"><div class=\"uael-grid-img-thumbnail uael-ins-target\"><img loading=\"lazy\" decoding=\"async\" width=\"683\" height=\"1024\" src=\"https:\/\/www.polimoda.com\/wp-content\/uploads\/2026\/07\/Emilie-Wenckstern-Details-02-683x1024.jpg\" class=\"attachment-large size-large wp-image-62658\" alt=\"Emilie Wenkstern collection, photo by Filippo Fior and Salvatore Dragone \/ GoRunway\" srcset=\"https:\/\/www.polimoda.com\/wp-content\/uploads\/2026\/07\/Emilie-Wenckstern-Details-02-683x1024.jpg 683w, https:\/\/www.polimoda.com\/wp-content\/uploads\/2026\/07\/Emilie-Wenckstern-Details-02-200x300.jpg 200w, https:\/\/www.polimoda.com\/wp-content\/uploads\/2026\/07\/Emilie-Wenckstern-Details-02-768x1152.jpg 768w, https:\/\/www.polimoda.com\/wp-content\/uploads\/2026\/07\/Emilie-Wenckstern-Details-02-1024x1536.jpg 1024w, https:\/\/www.polimoda.com\/wp-content\/uploads\/2026\/07\/Emilie-Wenckstern-Details-02-1365x2048.jpg 1365w, https:\/\/www.polimoda.com\/wp-content\/uploads\/2026\/07\/Emilie-Wenckstern-Details-02-scaled.jpg 1707w\" sizes=\"(max-width: 683px) 100vw, 683px\" \/><\/div><div class=\"uael-grid-img-overlay\"><\/div><\/a><\/div><\/div><div class=\"uael-grid-item  uael-img-gallery-item-2\"><div class=\"uael-grid-item-content\"><a class=\"uael-grid-img uael-grid-gallery-img uael-ins-hover elementor-clickable\" data-fancybox=\"uael-gallery\" data-caption=\"Emilie Wenkstern collection, photo by Filippo Fior and Salvatore Dragone \/ GoRunway\" href=\"https:\/\/www.polimoda.com\/wp-content\/uploads\/2026\/07\/Emilie-Wenckstern-Details-06-scaled.jpg\" data-elementor-open-lightbox=\"no\"><div class=\"uael-grid-img-thumbnail uael-ins-target\"><img loading=\"lazy\" decoding=\"async\" width=\"683\" height=\"1024\" src=\"https:\/\/www.polimoda.com\/wp-content\/uploads\/2026\/07\/Emilie-Wenckstern-Details-06-683x1024.jpg\" class=\"attachment-large size-large wp-image-62656\" alt=\"Emilie Wenkstern collection, photo by Filippo Fior and Salvatore Dragone \/ GoRunway\" srcset=\"https:\/\/www.polimoda.com\/wp-content\/uploads\/2026\/07\/Emilie-Wenckstern-Details-06-683x1024.jpg 683w, https:\/\/www.polimoda.com\/wp-content\/uploads\/2026\/07\/Emilie-Wenckstern-Details-06-200x300.jpg 200w, https:\/\/www.polimoda.com\/wp-content\/uploads\/2026\/07\/Emilie-Wenckstern-Details-06-768x1152.jpg 768w, https:\/\/www.polimoda.com\/wp-content\/uploads\/2026\/07\/Emilie-Wenckstern-Details-06-1024x1536.jpg 1024w, https:\/\/www.polimoda.com\/wp-content\/uploads\/2026\/07\/Emilie-Wenckstern-Details-06-1365x2048.jpg 1365w, https:\/\/www.polimoda.com\/wp-content\/uploads\/2026\/07\/Emilie-Wenckstern-Details-06-scaled.jpg 1707w\" sizes=\"(max-width: 683px) 100vw, 683px\" \/><\/div><div class=\"uael-grid-img-overlay\"><\/div><\/a><\/div><\/div><div class=\"uael-grid-item  uael-img-gallery-item-3\"><div class=\"uael-grid-item-content\"><a class=\"uael-grid-img uael-grid-gallery-img uael-ins-hover elementor-clickable\" data-fancybox=\"uael-gallery\" data-caption=\"Photo by Filippo Fior and Salvatore Dragone \/ GoRunway.\" href=\"https:\/\/www.polimoda.com\/wp-content\/uploads\/2026\/07\/Emilie-Wenckstern-Details-26-scaled.jpg\" data-elementor-open-lightbox=\"no\"><div class=\"uael-grid-img-thumbnail uael-ins-target\"><img loading=\"lazy\" decoding=\"async\" width=\"683\" height=\"1024\" src=\"https:\/\/www.polimoda.com\/wp-content\/uploads\/2026\/07\/Emilie-Wenckstern-Details-26-683x1024.jpg\" class=\"attachment-large size-large wp-image-62344\" alt=\"Emilie Wenkstern collection, photo by Filippo Fior and Salvatore Dragone \/ GoRunway\" srcset=\"https:\/\/www.polimoda.com\/wp-content\/uploads\/2026\/07\/Emilie-Wenckstern-Details-26-683x1024.jpg 683w, https:\/\/www.polimoda.com\/wp-content\/uploads\/2026\/07\/Emilie-Wenckstern-Details-26-200x300.jpg 200w, https:\/\/www.polimoda.com\/wp-content\/uploads\/2026\/07\/Emilie-Wenckstern-Details-26-768x1152.jpg 768w, https:\/\/www.polimoda.com\/wp-content\/uploads\/2026\/07\/Emilie-Wenckstern-Details-26-1024x1536.jpg 1024w, https:\/\/www.polimoda.com\/wp-content\/uploads\/2026\/07\/Emilie-Wenckstern-Details-26-1365x2048.jpg 1365w, https:\/\/www.polimoda.com\/wp-content\/uploads\/2026\/07\/Emilie-Wenckstern-Details-26-scaled.jpg 1707w\" sizes=\"(max-width: 683px) 100vw, 683px\" \/><\/div><div class=\"uael-grid-img-overlay\"><\/div><\/a><\/div><\/div><div class=\"uael-grid-item  uael-img-gallery-item-4\"><div class=\"uael-grid-item-content\"><a class=\"uael-grid-img uael-grid-gallery-img uael-ins-hover elementor-clickable\" data-fancybox=\"uael-gallery\" data-caption=\"Photo by Filippo Fior and Salvatore Dragone \/ GoRunway.\" href=\"https:\/\/www.polimoda.com\/wp-content\/uploads\/2026\/07\/Emilie-Wenckstern-Details-13-scaled.jpg\" data-elementor-open-lightbox=\"no\"><div class=\"uael-grid-img-thumbnail uael-ins-target\"><img loading=\"lazy\" decoding=\"async\" width=\"683\" height=\"1024\" src=\"https:\/\/www.polimoda.com\/wp-content\/uploads\/2026\/07\/Emilie-Wenckstern-Details-13-683x1024.jpg\" class=\"attachment-large size-large wp-image-62352\" alt=\"\" srcset=\"https:\/\/www.polimoda.com\/wp-content\/uploads\/2026\/07\/Emilie-Wenckstern-Details-13-683x1024.jpg 683w, https:\/\/www.polimoda.com\/wp-content\/uploads\/2026\/07\/Emilie-Wenckstern-Details-13-200x300.jpg 200w, https:\/\/www.polimoda.com\/wp-content\/uploads\/2026\/07\/Emilie-Wenckstern-Details-13-768x1152.jpg 768w, https:\/\/www.polimoda.com\/wp-content\/uploads\/2026\/07\/Emilie-Wenckstern-Details-13-1024x1536.jpg 1024w, https:\/\/www.polimoda.com\/wp-content\/uploads\/2026\/07\/Emilie-Wenckstern-Details-13-1365x2048.jpg 1365w, https:\/\/www.polimoda.com\/wp-content\/uploads\/2026\/07\/Emilie-Wenckstern-Details-13-scaled.jpg 1707w\" sizes=\"(max-width: 683px) 100vw, 683px\" \/><\/div><div class=\"uael-grid-img-overlay\"><\/div><\/a><\/div><\/div><div class=\"uael-grid-item  uael-img-gallery-item-5\"><div class=\"uael-grid-item-content\"><a class=\"uael-grid-img uael-grid-gallery-img uael-ins-hover elementor-clickable\" data-fancybox=\"uael-gallery\" data-caption=\"Emilie Wenkstern collection, photo by Filippo Fior and Salvatore Dragone \/ GoRunway\" href=\"https:\/\/www.polimoda.com\/wp-content\/uploads\/2026\/07\/Emilie-Wenckstern-Details-30-scaled.jpg\" data-elementor-open-lightbox=\"no\"><div class=\"uael-grid-img-thumbnail uael-ins-target\"><img loading=\"lazy\" decoding=\"async\" width=\"683\" height=\"1024\" src=\"https:\/\/www.polimoda.com\/wp-content\/uploads\/2026\/07\/Emilie-Wenckstern-Details-30-683x1024.jpg\" class=\"attachment-large size-large wp-image-62421\" alt=\"Emilie Wenkstern collection, photo by Filippo Fior and Salvatore Dragone \/ GoRunway\" srcset=\"https:\/\/www.polimoda.com\/wp-content\/uploads\/2026\/07\/Emilie-Wenckstern-Details-30-683x1024.jpg 683w, https:\/\/www.polimoda.com\/wp-content\/uploads\/2026\/07\/Emilie-Wenckstern-Details-30-200x300.jpg 200w, https:\/\/www.polimoda.com\/wp-content\/uploads\/2026\/07\/Emilie-Wenckstern-Details-30-768x1152.jpg 768w, https:\/\/www.polimoda.com\/wp-content\/uploads\/2026\/07\/Emilie-Wenckstern-Details-30-1024x1536.jpg 1024w, https:\/\/www.polimoda.com\/wp-content\/uploads\/2026\/07\/Emilie-Wenckstern-Details-30-1365x2048.jpg 1365w, https:\/\/www.polimoda.com\/wp-content\/uploads\/2026\/07\/Emilie-Wenckstern-Details-30-scaled.jpg 1707w\" sizes=\"(max-width: 683px) 100vw, 683px\" \/><\/div><div class=\"uael-grid-img-overlay\"><\/div><\/a><\/div><\/div><div class=\"uael-grid-item  uael-img-gallery-item-6\"><div class=\"uael-grid-item-content\"><a class=\"uael-grid-img uael-grid-gallery-img uael-ins-hover elementor-clickable\" data-fancybox=\"uael-gallery\" data-caption=\"Photo by Filippo Fior and Salvatore Dragone \/ GoRunway.\" href=\"https:\/\/www.polimoda.com\/wp-content\/uploads\/2026\/07\/Emilie-Wenckstern-Details-19-scaled.jpg\" data-elementor-open-lightbox=\"no\"><div class=\"uael-grid-img-thumbnail uael-ins-target\"><img loading=\"lazy\" decoding=\"async\" width=\"683\" height=\"1024\" src=\"https:\/\/www.polimoda.com\/wp-content\/uploads\/2026\/07\/Emilie-Wenckstern-Details-19-683x1024.jpg\" class=\"attachment-large size-large wp-image-62343\" alt=\"\" srcset=\"https:\/\/www.polimoda.com\/wp-content\/uploads\/2026\/07\/Emilie-Wenckstern-Details-19-683x1024.jpg 683w, https:\/\/www.polimoda.com\/wp-content\/uploads\/2026\/07\/Emilie-Wenckstern-Details-19-200x300.jpg 200w, https:\/\/www.polimoda.com\/wp-content\/uploads\/2026\/07\/Emilie-Wenckstern-Details-19-768x1152.jpg 768w, https:\/\/www.polimoda.com\/wp-content\/uploads\/2026\/07\/Emilie-Wenckstern-Details-19-1024x1536.jpg 1024w, https:\/\/www.polimoda.com\/wp-content\/uploads\/2026\/07\/Emilie-Wenckstern-Details-19-1365x2048.jpg 1365w, https:\/\/www.polimoda.com\/wp-content\/uploads\/2026\/07\/Emilie-Wenckstern-Details-19-scaled.jpg 1707w\" sizes=\"(max-width: 683px) 100vw, 683px\" \/><\/div><div class=\"uael-grid-img-overlay\"><\/div><\/a><\/div><\/div><div class=\"uael-grid-item  uael-img-gallery-item-7\"><div class=\"uael-grid-item-content\"><a class=\"uael-grid-img uael-grid-gallery-img uael-ins-hover elementor-clickable\" data-fancybox=\"uael-gallery\" data-caption=\"Emilie Wenkstern collection, photo by Filippo Fior and Salvatore Dragone \/ GoRunway\" href=\"https:\/\/www.polimoda.com\/wp-content\/uploads\/2026\/07\/Emilie-Wenckstern-Details-22-scaled.jpg\" data-elementor-open-lightbox=\"no\"><div class=\"uael-grid-img-thumbnail uael-ins-target\"><img loading=\"lazy\" decoding=\"async\" width=\"683\" height=\"1024\" src=\"https:\/\/www.polimoda.com\/wp-content\/uploads\/2026\/07\/Emilie-Wenckstern-Details-22-683x1024.jpg\" class=\"attachment-large size-large wp-image-62655\" alt=\"Emilie Wenkstern collection, photo by Filippo Fior and Salvatore Dragone \/ GoRunway\" srcset=\"https:\/\/www.polimoda.com\/wp-content\/uploads\/2026\/07\/Emilie-Wenckstern-Details-22-683x1024.jpg 683w, https:\/\/www.polimoda.com\/wp-content\/uploads\/2026\/07\/Emilie-Wenckstern-Details-22-200x300.jpg 200w, https:\/\/www.polimoda.com\/wp-content\/uploads\/2026\/07\/Emilie-Wenckstern-Details-22-768x1152.jpg 768w, https:\/\/www.polimoda.com\/wp-content\/uploads\/2026\/07\/Emilie-Wenckstern-Details-22-1024x1536.jpg 1024w, https:\/\/www.polimoda.com\/wp-content\/uploads\/2026\/07\/Emilie-Wenckstern-Details-22-1365x2048.jpg 1365w, https:\/\/www.polimoda.com\/wp-content\/uploads\/2026\/07\/Emilie-Wenckstern-Details-22-scaled.jpg 1707w\" sizes=\"(max-width: 683px) 100vw, 683px\" \/><\/div><div class=\"uael-grid-img-overlay\"><\/div><\/a><\/div><\/div><div class=\"uael-grid-item  uael-img-gallery-item-8\"><div class=\"uael-grid-item-content\"><a class=\"uael-grid-img uael-grid-gallery-img uael-ins-hover elementor-clickable\" data-fancybox=\"uael-gallery\" data-caption=\"Emilie Wenkstern, photo by Filippo Fior and Salvatore Dragone \/ GoRunway\" href=\"https:\/\/www.polimoda.com\/wp-content\/uploads\/2026\/07\/Emilie-Wenckstern-designer-scaled.jpg\" data-elementor-open-lightbox=\"no\"><div class=\"uael-grid-img-thumbnail uael-ins-target\"><img loading=\"lazy\" decoding=\"async\" width=\"683\" height=\"1024\" src=\"https:\/\/www.polimoda.com\/wp-content\/uploads\/2026\/07\/Emilie-Wenckstern-designer-683x1024.jpg\" class=\"attachment-large size-large wp-image-62657\" alt=\"Emilie Wenkstern, photo by Filippo Fior and Salvatore Dragone \/ GoRunway\" srcset=\"https:\/\/www.polimoda.com\/wp-content\/uploads\/2026\/07\/Emilie-Wenckstern-designer-683x1024.jpg 683w, https:\/\/www.polimoda.com\/wp-content\/uploads\/2026\/07\/Emilie-Wenckstern-designer-200x300.jpg 200w, https:\/\/www.polimoda.com\/wp-content\/uploads\/2026\/07\/Emilie-Wenckstern-designer-768x1152.jpg 768w, https:\/\/www.polimoda.com\/wp-content\/uploads\/2026\/07\/Emilie-Wenckstern-designer-1024x1536.jpg 1024w, https:\/\/www.polimoda.com\/wp-content\/uploads\/2026\/07\/Emilie-Wenckstern-designer-1365x2048.jpg 1365w, https:\/\/www.polimoda.com\/wp-content\/uploads\/2026\/07\/Emilie-Wenckstern-designer-scaled.jpg 1707w\" sizes=\"(max-width: 683px) 100vw, 683px\" \/><\/div><div class=\"uael-grid-img-overlay\"><\/div><\/a><\/div><\/div><\/div><\/div>\t\t\t\t<\/div>\n\t\t\t\t<\/div>\n\t\t\t\t<div class=\"elementor-element elementor-element-2275f11 elementor-widget elementor-widget-heading\" data-id=\"2275f11\" data-element_type=\"widget\" data-e-type=\"widget\" data-widget_type=\"heading.default\">\n\t\t\t\t<div class=\"elementor-widget-container\">\n\t\t\t\t\t<h2 class=\"elementor-heading-title elementor-size-default\">Faculty e mentorship<\/h2>\t\t\t\t<\/div>\n\t\t\t\t<\/div>\n\t\t\t\t<div class=\"elementor-element elementor-element-0126761 elementor-widget elementor-widget-text-editor\" data-id=\"0126761\" data-element_type=\"widget\" data-e-type=\"widget\" data-widget_type=\"text-editor.default\">\n\t\t\t\t<div class=\"elementor-widget-container\">\n\t\t\t\t\t\t\t\t\t<p>\u201c<em>\u201cIl tema di Emilie \u00e8 quanto mai attuale. Ma non si tratta solo di un concept brillante: \u00e8 riuscita a tradurlo con grande tecnica, in modo moderno e potente <\/em>\u201d, commentano i mentor Luke e Lucie Meier.<\/p><p>No Longer Human nasce nei laboratori del Manifattura Campus, dove ogni capo \u00e8 stato ideato, sviluppato e realizzato sotto la guida della faculty di Polimoda. Nell&#8217;edizione 2026, i direttori creativi Luke e Lucie Meier, tornati nella scuola in cui si sono formati e conosciuti venticinque anni fa, hanno affiancato il direttore Massimiliano Giornetti insieme ad An Vandevorst e alla faculty, per guidare lo sviluppo delle collezioni dei diplomandi. <\/p><p>Il Graduate Show \u00e8 insieme un punto d&#8217;arrivo e un inizio: quattro anni di formazione in cui studenti provenienti da tutto il mondo hanno costruito il proprio linguaggio creativo a Firenze, traducendo radici culturali e visioni personali in collezioni pronte per l&#8217;industria, e il primo passo di una carriera nel fashion system internazionale.<\/p>\t\t\t\t\t\t\t\t<\/div>\n\t\t\t\t<\/div>\n\t\t\t\t<div class=\"elementor-element elementor-element-cdb6be6 elementor-widget-divider--view-line elementor-widget elementor-widget-divider\" data-id=\"cdb6be6\" data-element_type=\"widget\" data-e-type=\"widget\" data-widget_type=\"divider.default\">\n\t\t\t\t<div class=\"elementor-widget-container\">\n\t\t\t\t\t\t\t<div class=\"elementor-divider\">\n\t\t\t<span class=\"elementor-divider-separator\">\n\t\t\t\t\t\t<\/span>\n\t\t<\/div>\n\t\t\t\t\t\t<\/div>\n\t\t\t\t<\/div>\n\t\t\t\t<div class=\"elementor-element elementor-element-bb90f3b elementor-widget elementor-widget-heading\" data-id=\"bb90f3b\" data-element_type=\"widget\" data-e-type=\"widget\" data-widget_type=\"heading.default\">\n\t\t\t\t<div class=\"elementor-widget-container\">\n\t\t\t\t\t<h2 class=\"elementor-heading-title elementor-size-default\">Download<\/h2>\t\t\t\t<\/div>\n\t\t\t\t<\/div>\n\t\t\t\t<div class=\"elementor-element elementor-element-e378385 elementor-icon-list--layout-traditional elementor-list-item-link-full_width elementor-widget elementor-widget-icon-list\" data-id=\"e378385\" data-element_type=\"widget\" data-e-type=\"widget\" data-widget_type=\"icon-list.default\">\n\t\t\t\t<div class=\"elementor-widget-container\">\n\t\t\t\t\t\t\t<ul class=\"elementor-icon-list-items\">\n\t\t\t\t\t\t\t<li class=\"elementor-icon-list-item\">\n\t\t\t\t\t\t\t\t\t\t\t<a href=\"https:\/\/www.polimoda.com\/wp-content\/uploads\/2026\/07\/polimoda-graduate-show-2026-winner-EN.pdf\">\n\n\t\t\t\t\t\t\t\t\t\t\t\t<span class=\"elementor-icon-list-icon\">\n\t\t\t\t\t\t\t<i aria-hidden=\"true\" class=\"fas fa-file-pdf\"><\/i>\t\t\t\t\t\t<\/span>\n\t\t\t\t\t\t\t\t\t\t<span class=\"elementor-icon-list-text\">Comunicato stampa EN<\/span>\n\t\t\t\t\t\t\t\t\t\t\t<\/a>\n\t\t\t\t\t\t\t\t\t<\/li>\n\t\t\t\t\t\t\t\t<li class=\"elementor-icon-list-item\">\n\t\t\t\t\t\t\t\t\t\t\t<a href=\"https:\/\/www.polimoda.com\/wp-content\/uploads\/2026\/07\/polimoda-graduate-show-2026-winner-IT.pdf\">\n\n\t\t\t\t\t\t\t\t\t\t\t\t<span class=\"elementor-icon-list-icon\">\n\t\t\t\t\t\t\t<i aria-hidden=\"true\" class=\"fas fa-file-pdf\"><\/i>\t\t\t\t\t\t<\/span>\n\t\t\t\t\t\t\t\t\t\t<span class=\"elementor-icon-list-text\">Comunicato stampa IT<\/span>\n\t\t\t\t\t\t\t\t\t\t\t<\/a>\n\t\t\t\t\t\t\t\t\t<\/li>\n\t\t\t\t\t\t\t\t<li class=\"elementor-icon-list-item\">\n\t\t\t\t\t\t\t\t\t\t\t<a href=\"https:\/\/www.dropbox.com\/scl\/fo\/cmmuugde2n4oobjb6zusm\/ACa4p0kW5cntxSP6TiMI_k0?rlkey=sh3g4c0dap0k8y10dkl514584&#038;st=vuxepsjj&#038;dl=0\">\n\n\t\t\t\t\t\t\t\t\t\t\t\t<span class=\"elementor-icon-list-icon\">\n\t\t\t\t\t\t\t<i aria-hidden=\"true\" class=\"fas fa-images\"><\/i>\t\t\t\t\t\t<\/span>\n\t\t\t\t\t\t\t\t\t\t<span class=\"elementor-icon-list-text\">Immagini<\/span>\n\t\t\t\t\t\t\t\t\t\t\t<\/a>\n\t\t\t\t\t\t\t\t\t<\/li>\n\t\t\t\t\t\t<\/ul>\n\t\t\t\t\t\t<\/div>\n\t\t\t\t<\/div>\n\t\t\t\t\t<\/div>\n\t\t<\/div>\n\t\t\t\t<div class=\"elementor-column elementor-col-25 elementor-top-column elementor-element elementor-element-c32af94\" data-id=\"c32af94\" data-element_type=\"column\" data-e-type=\"column\">\n\t\t\t<div class=\"elementor-widget-wrap\">\n\t\t\t\t\t\t\t<\/div>\n\t\t<\/div>\n\t\t\t\t\t<\/div>\n\t\t<\/section>\n\t\t\t\t<\/div>\n\t\t","protected":false},"excerpt":{"rendered":"<p>Emilie Wenckstern, designer tedesca neodiplomata del corso Undergraduate in Fashion Design, \u00e8 la vincitrice della Best Collection 2026 di Polimoda. Il riconoscimento le \u00e8 stato assegnato per No Longer Human, collezione presentata durante il Polimoda Graduate Show 2026, tenutosi il 15 giugno nella piazza antistante al Manifattura Campus di Polimoda a Firenze. Emilie Wenckstern working [&hellip;]<\/p>\n","protected":false},"featured_media":62672,"template":"","meta":{"_acf_changed":false,"site-sidebar-layout":"no-sidebar","site-content-layout":"page-builder","ast-site-content-layout":"full-width-container","site-content-style":"default","site-sidebar-style":"default","ast-global-header-display":"","ast-banner-title-visibility":"","ast-main-header-display":"","ast-hfb-above-header-display":"","ast-hfb-below-header-display":"","ast-hfb-mobile-header-display":"","site-post-title":"","ast-breadcrumbs-content":"","ast-featured-img":"disabled","footer-sml-layout":"","ast-disable-related-posts":"","theme-transparent-header-meta":"default","adv-header-id-meta":"","stick-header-meta":"default","header-above-stick-meta":"","header-main-stick-meta":"","header-below-stick-meta":"","astra-migrate-meta-layouts":"set","ast-page-background-enabled":"default","ast-page-background-meta":{"desktop":{"background-color":"var(--ast-global-color-4)","background-image":"","background-repeat":"repeat","background-position":"center center","background-size":"auto","background-attachment":"scroll","background-type":"","background-media":"","overlay-type":"","overlay-color":"","overlay-opacity":"","overlay-gradient":""},"tablet":{"background-color":"","background-image":"","background-repeat":"repeat","background-position":"center center","background-size":"auto","background-attachment":"scroll","background-type":"","background-media":"","overlay-type":"","overlay-color":"","overlay-opacity":"","overlay-gradient":""},"mobile":{"background-color":"","background-image":"","background-repeat":"repeat","background-position":"center center","background-size":"auto","background-attachment":"scroll","background-type":"","background-media":"","overlay-type":"","overlay-color":"","overlay-opacity":"","overlay-gradient":""}},"ast-content-background-meta":{"desktop":{"background-color":"var(--ast-global-color-5)","background-image":"","background-repeat":"repeat","background-position":"center center","background-size":"auto","background-attachment":"scroll","background-type":"","background-media":"","overlay-type":"","overlay-color":"","overlay-opacity":"","overlay-gradient":""},"tablet":{"background-color":"var(--ast-global-color-5)","background-image":"","background-repeat":"repeat","background-position":"center center","background-size":"auto","background-attachment":"scroll","background-type":"","background-media":"","overlay-type":"","overlay-color":"","overlay-opacity":"","overlay-gradient":""},"mobile":{"background-color":"var(--ast-global-color-5)","background-image":"","background-repeat":"repeat","background-position":"center center","background-size":"auto","background-attachment":"scroll","background-type":"","background-media":"","overlay-type":"","overlay-color":"","overlay-opacity":"","overlay-gradient":""}}},"tags":[],"press-release-categories":[158,335],"class_list":["post-62687","polimoda-press","type-polimoda-press","status-publish","has-post-thumbnail","hentry","press-release-categories-events","press-release-categories-talents"],"acf":[],"yoast_head":"<!-- This site is optimized with the Yoast SEO plugin v28.2 - https:\/\/yoast.com\/product\/yoast-seo-wordpress\/ -->\n<title>Best Collection 2026: No Longer Human di Emilie Wenckstern | Polimoda Fashion School<\/title>\n<meta name=\"robots\" content=\"index, follow, max-snippet:-1, max-image-preview:large, max-video-preview:-1\" \/>\n<link rel=\"canonical\" href=\"https:\/\/www.polimoda.com\/it\/press-area\/best-collection-2026-no-longer-human-di-emilie-wenckstern\/\" \/>\n<meta property=\"og:locale\" content=\"it_IT\" \/>\n<meta property=\"og:type\" content=\"article\" \/>\n<meta property=\"og:title\" content=\"Best Collection 2026: No Longer Human di Emilie Wenckstern | Polimoda Fashion School\" \/>\n<meta property=\"og:description\" content=\"Emilie Wenckstern, designer tedesca neodiplomata del corso Undergraduate in Fashion Design, \u00e8 la vincitrice della Best Collection 2026 di Polimoda. Il riconoscimento le \u00e8 stato assegnato per No Longer Human, collezione presentata durante il Polimoda Graduate Show 2026, tenutosi il 15 giugno nella piazza antistante al Manifattura Campus di Polimoda a Firenze. Emilie Wenckstern working [&hellip;]\" \/>\n<meta property=\"og:url\" content=\"https:\/\/www.polimoda.com\/it\/press-area\/best-collection-2026-no-longer-human-di-emilie-wenckstern\/\" \/>\n<meta property=\"og:site_name\" content=\"Polimoda Fashion School\" \/>\n<meta property=\"article:publisher\" content=\"https:\/\/www.facebook.com\/Polimoda\" \/>\n<meta property=\"article:modified_time\" content=\"2026-09-03T09:54:50+00:00\" \/>\n<meta property=\"og:image\" content=\"https:\/\/www.polimoda.com\/wp-content\/uploads\/2026\/07\/polimoda-best-collection-2026-emilie-wenckstern-01_ph-serena-gallorini-web-1.jpg\" \/>\n\t<meta property=\"og:image:width\" content=\"1920\" \/>\n\t<meta property=\"og:image:height\" content=\"1280\" \/>\n\t<meta property=\"og:image:type\" content=\"image\/jpeg\" \/>\n<meta name=\"twitter:card\" content=\"summary_large_image\" \/>\n<meta name=\"twitter:site\" content=\"@polimoda\" \/>\n<script type=\"application\/ld+json\" class=\"yoast-schema-graph\">{\"@context\":\"https:\\\/\\\/schema.org\",\"@graph\":[{\"@type\":\"WebPage\",\"@id\":\"https:\\\/\\\/www.polimoda.com\\\/it\\\/press-area\\\/best-collection-2026-no-longer-human-di-emilie-wenckstern\\\/\",\"url\":\"https:\\\/\\\/www.polimoda.com\\\/it\\\/press-area\\\/best-collection-2026-no-longer-human-di-emilie-wenckstern\\\/\",\"name\":\"Best Collection 2026: No Longer Human di Emilie Wenckstern | Polimoda Fashion School\",\"isPartOf\":{\"@id\":\"https:\\\/\\\/www.polimoda.com\\\/it\\\/#website\"},\"primaryImageOfPage\":{\"@id\":\"https:\\\/\\\/www.polimoda.com\\\/it\\\/press-area\\\/best-collection-2026-no-longer-human-di-emilie-wenckstern\\\/#primaryimage\"},\"image\":{\"@id\":\"https:\\\/\\\/www.polimoda.com\\\/it\\\/press-area\\\/best-collection-2026-no-longer-human-di-emilie-wenckstern\\\/#primaryimage\"},\"thumbnailUrl\":\"https:\\\/\\\/www.polimoda.com\\\/wp-content\\\/uploads\\\/2026\\\/07\\\/polimoda-best-collection-2026-emilie-wenckstern-01_ph-serena-gallorini-web-1.jpg\",\"datePublished\":\"2026-07-02T08:00:42+00:00\",\"dateModified\":\"2026-09-03T09:54:50+00:00\",\"breadcrumb\":{\"@id\":\"https:\\\/\\\/www.polimoda.com\\\/it\\\/press-area\\\/best-collection-2026-no-longer-human-di-emilie-wenckstern\\\/#breadcrumb\"},\"inLanguage\":\"it-IT\",\"potentialAction\":[{\"@type\":\"ReadAction\",\"target\":[\"https:\\\/\\\/www.polimoda.com\\\/it\\\/press-area\\\/best-collection-2026-no-longer-human-di-emilie-wenckstern\\\/\"]}]},{\"@type\":\"ImageObject\",\"inLanguage\":\"it-IT\",\"@id\":\"https:\\\/\\\/www.polimoda.com\\\/it\\\/press-area\\\/best-collection-2026-no-longer-human-di-emilie-wenckstern\\\/#primaryimage\",\"url\":\"https:\\\/\\\/www.polimoda.com\\\/wp-content\\\/uploads\\\/2026\\\/07\\\/polimoda-best-collection-2026-emilie-wenckstern-01_ph-serena-gallorini-web-1.jpg\",\"contentUrl\":\"https:\\\/\\\/www.polimoda.com\\\/wp-content\\\/uploads\\\/2026\\\/07\\\/polimoda-best-collection-2026-emilie-wenckstern-01_ph-serena-gallorini-web-1.jpg\",\"width\":1920,\"height\":1280,\"caption\":\"Polimoda Best Collection 2026, foto di Serena Gallorini\"},{\"@type\":\"BreadcrumbList\",\"@id\":\"https:\\\/\\\/www.polimoda.com\\\/it\\\/press-area\\\/best-collection-2026-no-longer-human-di-emilie-wenckstern\\\/#breadcrumb\",\"itemListElement\":[{\"@type\":\"ListItem\",\"position\":1,\"name\":\"Home\",\"item\":\"https:\\\/\\\/www.polimoda.com\\\/it\\\/\"},{\"@type\":\"ListItem\",\"position\":2,\"name\":\"Press releases\",\"item\":\"https:\\\/\\\/www.polimoda.com\\\/it\\\/press-area\\\/\"},{\"@type\":\"ListItem\",\"position\":3,\"name\":\"Best Collection 2026: No Longer Human di Emilie Wenckstern\"}]},{\"@type\":\"WebSite\",\"@id\":\"https:\\\/\\\/www.polimoda.com\\\/it\\\/#website\",\"url\":\"https:\\\/\\\/www.polimoda.com\\\/it\\\/\",\"name\":\"Polimoda Fashion School\",\"description\":\"The Fashion School in Florence, Italy\",\"publisher\":{\"@id\":\"https:\\\/\\\/www.polimoda.com\\\/it\\\/#organization\"},\"alternateName\":\"Polimoda\",\"potentialAction\":[{\"@type\":\"SearchAction\",\"target\":{\"@type\":\"EntryPoint\",\"urlTemplate\":\"https:\\\/\\\/www.polimoda.com\\\/it\\\/?s={search_term_string}\"},\"query-input\":{\"@type\":\"PropertyValueSpecification\",\"valueRequired\":true,\"valueName\":\"search_term_string\"}}],\"inLanguage\":\"it-IT\"},{\"@type\":\"Organization\",\"@id\":\"https:\\\/\\\/www.polimoda.com\\\/it\\\/#organization\",\"name\":\"Polimoda Fashion School\",\"alternateName\":\"Polimoda\",\"url\":\"https:\\\/\\\/www.polimoda.com\\\/it\\\/\",\"logo\":{\"@type\":\"ImageObject\",\"inLanguage\":\"it-IT\",\"@id\":\"https:\\\/\\\/www.polimoda.com\\\/it\\\/#\\\/schema\\\/logo\\\/image\\\/\",\"url\":\"https:\\\/\\\/www.polimoda.com\\\/wp-content\\\/uploads\\\/2022\\\/07\\\/logo_polimoda.png\",\"contentUrl\":\"https:\\\/\\\/www.polimoda.com\\\/wp-content\\\/uploads\\\/2022\\\/07\\\/logo_polimoda.png\",\"width\":508,\"height\":132,\"caption\":\"Polimoda Fashion School\"},\"image\":{\"@id\":\"https:\\\/\\\/www.polimoda.com\\\/it\\\/#\\\/schema\\\/logo\\\/image\\\/\"},\"sameAs\":[\"https:\\\/\\\/www.facebook.com\\\/Polimoda\",\"https:\\\/\\\/x.com\\\/polimoda\",\"https:\\\/\\\/www.instagram.com\\\/polimodafirenze\",\"https:\\\/\\\/www.tiktok.com\\\/@polimoda\",\"https:\\\/\\\/open.spotify.com\\\/user\\\/qrqkduirz0hc5ta3wvbs4ikem?si=db886dfc1ff6482c\",\"https:\\\/\\\/www.youtube.com\\\/user\\\/polimodatube\",\"https:\\\/\\\/www.linkedin.com\\\/company\\\/polimoda\"]}]}<\/script>\n<!-- \/ Yoast SEO plugin. -->","yoast_head_json":{"title":"Best Collection 2026: No Longer Human di Emilie Wenckstern | Polimoda Fashion School","robots":{"index":"index","follow":"follow","max-snippet":"max-snippet:-1","max-image-preview":"max-image-preview:large","max-video-preview":"max-video-preview:-1"},"canonical":"https:\/\/www.polimoda.com\/it\/press-area\/best-collection-2026-no-longer-human-di-emilie-wenckstern\/","og_locale":"it_IT","og_type":"article","og_title":"Best Collection 2026: No Longer Human di Emilie Wenckstern | Polimoda Fashion School","og_description":"Emilie Wenckstern, designer tedesca neodiplomata del corso Undergraduate in Fashion Design, \u00e8 la vincitrice della Best Collection 2026 di Polimoda. Il riconoscimento le \u00e8 stato assegnato per No Longer Human, collezione presentata durante il Polimoda Graduate Show 2026, tenutosi il 15 giugno nella piazza antistante al Manifattura Campus di Polimoda a Firenze. Emilie Wenckstern working [&hellip;]","og_url":"https:\/\/www.polimoda.com\/it\/press-area\/best-collection-2026-no-longer-human-di-emilie-wenckstern\/","og_site_name":"Polimoda Fashion School","article_publisher":"https:\/\/www.facebook.com\/Polimoda","article_modified_time":"2026-09-03T09:54:50+00:00","og_image":[{"width":1920,"height":1280,"url":"https:\/\/www.polimoda.com\/wp-content\/uploads\/2026\/07\/polimoda-best-collection-2026-emilie-wenckstern-01_ph-serena-gallorini-web-1.jpg","type":"image\/jpeg"}],"twitter_card":"summary_large_image","twitter_site":"@polimoda","schema":{"@context":"https:\/\/schema.org","@graph":[{"@type":"WebPage","@id":"https:\/\/www.polimoda.com\/it\/press-area\/best-collection-2026-no-longer-human-di-emilie-wenckstern\/","url":"https:\/\/www.polimoda.com\/it\/press-area\/best-collection-2026-no-longer-human-di-emilie-wenckstern\/","name":"Best Collection 2026: No Longer Human di Emilie Wenckstern | Polimoda Fashion School","isPartOf":{"@id":"https:\/\/www.polimoda.com\/it\/#website"},"primaryImageOfPage":{"@id":"https:\/\/www.polimoda.com\/it\/press-area\/best-collection-2026-no-longer-human-di-emilie-wenckstern\/#primaryimage"},"image":{"@id":"https:\/\/www.polimoda.com\/it\/press-area\/best-collection-2026-no-longer-human-di-emilie-wenckstern\/#primaryimage"},"thumbnailUrl":"https:\/\/www.polimoda.com\/wp-content\/uploads\/2026\/07\/polimoda-best-collection-2026-emilie-wenckstern-01_ph-serena-gallorini-web-1.jpg","datePublished":"2026-07-02T08:00:42+00:00","dateModified":"2026-09-03T09:54:50+00:00","breadcrumb":{"@id":"https:\/\/www.polimoda.com\/it\/press-area\/best-collection-2026-no-longer-human-di-emilie-wenckstern\/#breadcrumb"},"inLanguage":"it-IT","potentialAction":[{"@type":"ReadAction","target":["https:\/\/www.polimoda.com\/it\/press-area\/best-collection-2026-no-longer-human-di-emilie-wenckstern\/"]}]},{"@type":"ImageObject","inLanguage":"it-IT","@id":"https:\/\/www.polimoda.com\/it\/press-area\/best-collection-2026-no-longer-human-di-emilie-wenckstern\/#primaryimage","url":"https:\/\/www.polimoda.com\/wp-content\/uploads\/2026\/07\/polimoda-best-collection-2026-emilie-wenckstern-01_ph-serena-gallorini-web-1.jpg","contentUrl":"https:\/\/www.polimoda.com\/wp-content\/uploads\/2026\/07\/polimoda-best-collection-2026-emilie-wenckstern-01_ph-serena-gallorini-web-1.jpg","width":1920,"height":1280,"caption":"Polimoda Best Collection 2026, foto di Serena Gallorini"},{"@type":"BreadcrumbList","@id":"https:\/\/www.polimoda.com\/it\/press-area\/best-collection-2026-no-longer-human-di-emilie-wenckstern\/#breadcrumb","itemListElement":[{"@type":"ListItem","position":1,"name":"Home","item":"https:\/\/www.polimoda.com\/it\/"},{"@type":"ListItem","position":2,"name":"Press releases","item":"https:\/\/www.polimoda.com\/it\/press-area\/"},{"@type":"ListItem","position":3,"name":"Best Collection 2026: No Longer Human di Emilie Wenckstern"}]},{"@type":"WebSite","@id":"https:\/\/www.polimoda.com\/it\/#website","url":"https:\/\/www.polimoda.com\/it\/","name":"Polimoda Fashion School","description":"The Fashion School in Florence, Italy","publisher":{"@id":"https:\/\/www.polimoda.com\/it\/#organization"},"alternateName":"Polimoda","potentialAction":[{"@type":"SearchAction","target":{"@type":"EntryPoint","urlTemplate":"https:\/\/www.polimoda.com\/it\/?s={search_term_string}"},"query-input":{"@type":"PropertyValueSpecification","valueRequired":true,"valueName":"search_term_string"}}],"inLanguage":"it-IT"},{"@type":"Organization","@id":"https:\/\/www.polimoda.com\/it\/#organization","name":"Polimoda Fashion School","alternateName":"Polimoda","url":"https:\/\/www.polimoda.com\/it\/","logo":{"@type":"ImageObject","inLanguage":"it-IT","@id":"https:\/\/www.polimoda.com\/it\/#\/schema\/logo\/image\/","url":"https:\/\/www.polimoda.com\/wp-content\/uploads\/2022\/07\/logo_polimoda.png","contentUrl":"https:\/\/www.polimoda.com\/wp-content\/uploads\/2022\/07\/logo_polimoda.png","width":508,"height":132,"caption":"Polimoda Fashion School"},"image":{"@id":"https:\/\/www.polimoda.com\/it\/#\/schema\/logo\/image\/"},"sameAs":["https:\/\/www.facebook.com\/Polimoda","https:\/\/x.com\/polimoda","https:\/\/www.instagram.com\/polimodafirenze","https:\/\/www.tiktok.com\/@polimoda","https:\/\/open.spotify.com\/user\/qrqkduirz0hc5ta3wvbs4ikem?si=db886dfc1ff6482c","https:\/\/www.youtube.com\/user\/polimodatube","https:\/\/www.linkedin.com\/company\/polimoda"]}]}},"_links":{"self":[{"href":"https:\/\/www.polimoda.com\/it\/wp-json\/wp\/v2\/polimoda-press\/62687","targetHints":{"allow":["GET"]}}],"collection":[{"href":"https:\/\/www.polimoda.com\/it\/wp-json\/wp\/v2\/polimoda-press"}],"about":[{"href":"https:\/\/www.polimoda.com\/it\/wp-json\/wp\/v2\/types\/polimoda-press"}],"version-history":[{"count":4,"href":"https:\/\/www.polimoda.com\/it\/wp-json\/wp\/v2\/polimoda-press\/62687\/revisions"}],"predecessor-version":[{"id":65052,"href":"https:\/\/www.polimoda.com\/it\/wp-json\/wp\/v2\/polimoda-press\/62687\/revisions\/65052"}],"wp:featuredmedia":[{"embeddable":true,"href":"https:\/\/www.polimoda.com\/it\/wp-json\/wp\/v2\/media\/62672"}],"wp:attachment":[{"href":"https:\/\/www.polimoda.com\/it\/wp-json\/wp\/v2\/media?parent=62687"}],"wp:term":[{"taxonomy":"post_tag","embeddable":true,"href":"https:\/\/www.polimoda.com\/it\/wp-json\/wp\/v2\/tags?post=62687"},{"taxonomy":"press-release-categories","embeddable":true,"href":"https:\/\/www.polimoda.com\/it\/wp-json\/wp\/v2\/press-release-categories?post=62687"}],"curies":[{"name":"wp","href":"https:\/\/api.w.org\/{rel}","templated":true}]}}