{"id":35744,"date":"2024-10-15T14:00:58","date_gmt":"2024-10-15T12:00:58","guid":{"rendered":"https:\/\/www.polimoda.com\/press-area\/un-ecosistema-per-la-formazione-moda\/"},"modified":"2024-10-23T09:29:19","modified_gmt":"2024-10-23T07:29:19","slug":"un-ecosistema-per-la-formazione-moda","status":"publish","type":"polimoda-press","link":"https:\/\/www.polimoda.com\/it\/press-area\/un-ecosistema-per-la-formazione-moda\/","title":{"rendered":"Un Ecosistema per la Formazione Moda"},"content":{"rendered":"\t\t<div data-elementor-type=\"wp-post\" data-elementor-id=\"35744\" class=\"elementor elementor-35744 elementor-35735\" data-elementor-post-type=\"polimoda-press\">\n\t\t\t\t\t\t<section class=\"elementor-section elementor-top-section elementor-element elementor-element-9ce0cd5 elementor-section-boxed elementor-section-height-default elementor-section-height-default\" data-id=\"9ce0cd5\" data-element_type=\"section\" data-e-type=\"section\">\n\t\t\t\t\t\t<div class=\"elementor-container elementor-column-gap-default\">\n\t\t\t\t\t<div class=\"elementor-column elementor-col-25 elementor-top-column elementor-element elementor-element-3d01288\" data-id=\"3d01288\" data-element_type=\"column\" data-e-type=\"column\">\n\t\t\t<div class=\"elementor-widget-wrap\">\n\t\t\t\t\t\t\t<\/div>\n\t\t<\/div>\n\t\t\t\t<div class=\"elementor-column elementor-col-50 elementor-top-column elementor-element elementor-element-3c6ab98\" data-id=\"3c6ab98\" data-element_type=\"column\" data-e-type=\"column\">\n\t\t\t<div class=\"elementor-widget-wrap elementor-element-populated\">\n\t\t\t\t\t\t<div class=\"elementor-element elementor-element-38df566 elementor-widget elementor-widget-text-editor\" data-id=\"38df566\" data-element_type=\"widget\" data-e-type=\"widget\" data-widget_type=\"text-editor.default\">\n\t\t\t\t<div class=\"elementor-widget-container\">\n\t\t\t\t\t\t\t\t\t<p>Con l\u2019avvio dell\u2019Anno Accademico 2024\/2025, Polimoda inaugura il nuovo Manifattura Campus presso la Manifattura Tabacchi di Firenze. Un importante traguardo nello sviluppo del progetto educativo per la moda di cui l\u2019istituto fiorentino si fa portavoce dal 1986. <\/p>\n\t\t\t\t\t\t\t\t<\/div>\n\t\t\t\t<\/div>\n\t\t\t\t<div class=\"elementor-element elementor-element-da8ce09 elementor-widget elementor-widget-text-editor\" data-id=\"da8ce09\" data-element_type=\"widget\" data-e-type=\"widget\" data-widget_type=\"text-editor.default\">\n\t\t\t\t<div class=\"elementor-widget-container\">\n\t\t\t\t\t\t\t\t\t<p>Nasce cos\u00ec un vero e proprio ecosistema creativo pensato per mettere la moda al centro di un dialogo sincrono con altre discipline, favorendo quella interazione che riflette l\u2019evoluzione contemporanea del fashion system.<\/p>\n<p>Un progetto che viene presentato oggi dal Presidente di Polimoda, <strong>Ferruccio Ferragamo<\/strong>, e dal direttore di Polimoda, <strong>Massimiliano Giornetti<\/strong>, alla presenza della Sindaca di Firenze <strong>Sara Funaro<\/strong>, e con lo speciale saluto del Ministro dell\u2019Universit\u00e0 e della Ricerca, <strong>Anna Maria Bernini<\/strong>, e della Senatrice <strong>Alessandra Gallone<\/strong> in collegamento da Roma. A portare la propria testimonianza sulla collaborazione tra la scuola e l\u2019industria, intervengono <strong>James Ferragamo<\/strong>, Chief Transformation &amp; Sustainability Officer and Boards of Directors del Gruppo Ferragamo, <strong>Francesca Ragazzi<\/strong>, Head of Editorial Content di Vogue Italia, e <strong>Matteo Ward<\/strong>, CEO and co-founder di WRA\u030aD. <\/p>\n\t\t\t\t\t\t\t\t<\/div>\n\t\t\t\t<\/div>\n\t\t\t\t<div class=\"elementor-element elementor-element-2b430a6 uael-ins-normal uael-img-carousel-arrow-outside elementor-widget elementor-widget-uael-image-gallery\" data-id=\"2b430a6\" data-element_type=\"widget\" data-e-type=\"widget\" data-settings=\"{&quot;slides_to_show&quot;:1,&quot;slides_to_show_tablet&quot;:3,&quot;slides_to_show_mobile&quot;:2,&quot;slides_to_scroll&quot;:1,&quot;slides_to_scroll_tablet&quot;:1,&quot;slides_to_scroll_mobile&quot;:1,&quot;lightbox_margin_bottom&quot;:{&quot;unit&quot;:&quot;px&quot;,&quot;size&quot;:&quot;&quot;,&quot;sizes&quot;:[]},&quot;lightbox_margin_bottom_tablet&quot;:{&quot;unit&quot;:&quot;px&quot;,&quot;size&quot;:&quot;&quot;,&quot;sizes&quot;:[]},&quot;lightbox_margin_bottom_mobile&quot;:{&quot;unit&quot;:&quot;px&quot;,&quot;size&quot;:&quot;&quot;,&quot;sizes&quot;:[]},&quot;column_gap&quot;:{&quot;unit&quot;:&quot;px&quot;,&quot;size&quot;:20,&quot;sizes&quot;:[]},&quot;column_gap_tablet&quot;:{&quot;unit&quot;:&quot;px&quot;,&quot;size&quot;:&quot;&quot;,&quot;sizes&quot;:[]},&quot;column_gap_mobile&quot;:{&quot;unit&quot;:&quot;px&quot;,&quot;size&quot;:&quot;&quot;,&quot;sizes&quot;:[]}}\" data-widget_type=\"uael-image-gallery.default\">\n\t\t\t\t<div class=\"elementor-widget-container\">\n\t\t\t\t\t<div class=\"uael-gallery-parent uael-caption- uael-gallery-unjustified\"><div data-image_carousel=\"{&quot;slidesToShow&quot;:1,&quot;slidesToScroll&quot;:1,&quot;autoplaySpeed&quot;:5000,&quot;autoplay&quot;:false,&quot;infinite&quot;:true,&quot;pauseOnHover&quot;:true,&quot;speed&quot;:500,&quot;arrows&quot;:true,&quot;dots&quot;:true,&quot;rtl&quot;:false,&quot;responsive&quot;:[{&quot;breakpoint&quot;:1024,&quot;settings&quot;:{&quot;slidesToShow&quot;:3,&quot;slidesToScroll&quot;:1}},{&quot;breakpoint&quot;:767,&quot;settings&quot;:{&quot;slidesToShow&quot;:2,&quot;slidesToScroll&quot;:1}}]}\" class=\"uael-img-gallery-wrap uael-img-carousel-wrap uael-nav-both uael-image-lightbox-wrap\" data-filter-default=\"All\" data-lightbox_actions=\"[&quot;slideShow&quot;,&quot;close&quot;]\" data-lightbox-gallery-loop=\"\"><div class=\"uael-grid-item  uael-img-gallery-item-1\"><div class=\"uael-grid-item-content\"><a class=\"uael-grid-img uael-grid-gallery-img uael-ins-hover elementor-clickable\" data-fancybox=\"uael-gallery\" data-caption=\"\" href=\"https:\/\/www.polimoda.com\/wp-content\/uploads\/2024\/10\/polimoda-ministro-anna-maria-bernini.jpg\" data-elementor-open-lightbox=\"no\"><div class=\"uael-grid-img-thumbnail uael-ins-target\"><img fetchpriority=\"high\" decoding=\"async\" width=\"1024\" height=\"683\" src=\"https:\/\/www.polimoda.com\/wp-content\/uploads\/2024\/10\/polimoda-ministro-anna-maria-bernini-1024x683.jpg\" class=\"attachment-large size-large wp-image-35679\" alt=\"\" srcset=\"https:\/\/www.polimoda.com\/wp-content\/uploads\/2024\/10\/polimoda-ministro-anna-maria-bernini-1024x683.jpg 1024w, https:\/\/www.polimoda.com\/wp-content\/uploads\/2024\/10\/polimoda-ministro-anna-maria-bernini-300x200.jpg 300w, https:\/\/www.polimoda.com\/wp-content\/uploads\/2024\/10\/polimoda-ministro-anna-maria-bernini-768x512.jpg 768w, https:\/\/www.polimoda.com\/wp-content\/uploads\/2024\/10\/polimoda-ministro-anna-maria-bernini-1536x1024.jpg 1536w, https:\/\/www.polimoda.com\/wp-content\/uploads\/2024\/10\/polimoda-ministro-anna-maria-bernini-2048x1366.jpg 2048w\" sizes=\"(max-width: 1024px) 100vw, 1024px\" \/><\/div><div class=\"uael-grid-img-overlay\"><\/div><\/a><\/div><\/div><div class=\"uael-grid-item  uael-img-gallery-item-2\"><div class=\"uael-grid-item-content\"><a class=\"uael-grid-img uael-grid-gallery-img uael-ins-hover elementor-clickable\" data-fancybox=\"uael-gallery\" data-caption=\"\" href=\"https:\/\/www.polimoda.com\/wp-content\/uploads\/2024\/10\/polimoda-giornetti-ferragamo-funaro.jpg\" data-elementor-open-lightbox=\"no\"><div class=\"uael-grid-img-thumbnail uael-ins-target\"><img decoding=\"async\" width=\"1024\" height=\"683\" src=\"https:\/\/www.polimoda.com\/wp-content\/uploads\/2024\/10\/polimoda-giornetti-ferragamo-funaro-1024x683.jpg\" class=\"attachment-large size-large wp-image-35685\" alt=\"\" srcset=\"https:\/\/www.polimoda.com\/wp-content\/uploads\/2024\/10\/polimoda-giornetti-ferragamo-funaro-1024x683.jpg 1024w, https:\/\/www.polimoda.com\/wp-content\/uploads\/2024\/10\/polimoda-giornetti-ferragamo-funaro-300x200.jpg 300w, https:\/\/www.polimoda.com\/wp-content\/uploads\/2024\/10\/polimoda-giornetti-ferragamo-funaro-768x512.jpg 768w, https:\/\/www.polimoda.com\/wp-content\/uploads\/2024\/10\/polimoda-giornetti-ferragamo-funaro-1536x1024.jpg 1536w, https:\/\/www.polimoda.com\/wp-content\/uploads\/2024\/10\/polimoda-giornetti-ferragamo-funaro-2048x1366.jpg 2048w\" sizes=\"(max-width: 1024px) 100vw, 1024px\" \/><\/div><div class=\"uael-grid-img-overlay\"><\/div><\/a><\/div><\/div><div class=\"uael-grid-item  uael-img-gallery-item-3\"><div class=\"uael-grid-item-content\"><a class=\"uael-grid-img uael-grid-gallery-img uael-ins-hover elementor-clickable\" data-fancybox=\"uael-gallery\" data-caption=\"\" href=\"https:\/\/www.polimoda.com\/wp-content\/uploads\/2024\/10\/polimoda-giornetti-ferragamo-funaro-2.jpg\" data-elementor-open-lightbox=\"no\"><div class=\"uael-grid-img-thumbnail uael-ins-target\"><img decoding=\"async\" width=\"1024\" height=\"683\" src=\"https:\/\/www.polimoda.com\/wp-content\/uploads\/2024\/10\/polimoda-giornetti-ferragamo-funaro-2-1024x683.jpg\" class=\"attachment-large size-large wp-image-35677\" alt=\"\" srcset=\"https:\/\/www.polimoda.com\/wp-content\/uploads\/2024\/10\/polimoda-giornetti-ferragamo-funaro-2-1024x683.jpg 1024w, https:\/\/www.polimoda.com\/wp-content\/uploads\/2024\/10\/polimoda-giornetti-ferragamo-funaro-2-300x200.jpg 300w, https:\/\/www.polimoda.com\/wp-content\/uploads\/2024\/10\/polimoda-giornetti-ferragamo-funaro-2-768x512.jpg 768w, https:\/\/www.polimoda.com\/wp-content\/uploads\/2024\/10\/polimoda-giornetti-ferragamo-funaro-2-1536x1024.jpg 1536w, https:\/\/www.polimoda.com\/wp-content\/uploads\/2024\/10\/polimoda-giornetti-ferragamo-funaro-2-2048x1366.jpg 2048w\" sizes=\"(max-width: 1024px) 100vw, 1024px\" \/><\/div><div class=\"uael-grid-img-overlay\"><\/div><\/a><\/div><\/div><div class=\"uael-grid-item  uael-img-gallery-item-4\"><div class=\"uael-grid-item-content\"><a class=\"uael-grid-img uael-grid-gallery-img uael-ins-hover elementor-clickable\" data-fancybox=\"uael-gallery\" data-caption=\"\" href=\"https:\/\/www.polimoda.com\/wp-content\/uploads\/2024\/10\/polimoda-press-conference.jpg\" data-elementor-open-lightbox=\"no\"><div class=\"uael-grid-img-thumbnail uael-ins-target\"><img loading=\"lazy\" decoding=\"async\" width=\"1024\" height=\"683\" src=\"https:\/\/www.polimoda.com\/wp-content\/uploads\/2024\/10\/polimoda-press-conference-1024x683.jpg\" class=\"attachment-large size-large wp-image-35687\" alt=\"\" srcset=\"https:\/\/www.polimoda.com\/wp-content\/uploads\/2024\/10\/polimoda-press-conference-1024x683.jpg 1024w, https:\/\/www.polimoda.com\/wp-content\/uploads\/2024\/10\/polimoda-press-conference-300x200.jpg 300w, https:\/\/www.polimoda.com\/wp-content\/uploads\/2024\/10\/polimoda-press-conference-768x512.jpg 768w, https:\/\/www.polimoda.com\/wp-content\/uploads\/2024\/10\/polimoda-press-conference-1536x1024.jpg 1536w, https:\/\/www.polimoda.com\/wp-content\/uploads\/2024\/10\/polimoda-press-conference-2048x1366.jpg 2048w\" sizes=\"(max-width: 1024px) 100vw, 1024px\" \/><\/div><div class=\"uael-grid-img-overlay\"><\/div><\/a><\/div><\/div><div class=\"uael-grid-item  uael-img-gallery-item-5\"><div class=\"uael-grid-item-content\"><a class=\"uael-grid-img uael-grid-gallery-img uael-ins-hover elementor-clickable\" data-fancybox=\"uael-gallery\" data-caption=\"\" href=\"https:\/\/www.polimoda.com\/wp-content\/uploads\/2024\/10\/polimoda-ward-giornetti-ragazzi-ferragamoj.jpg\" data-elementor-open-lightbox=\"no\"><div class=\"uael-grid-img-thumbnail uael-ins-target\"><img loading=\"lazy\" decoding=\"async\" width=\"1024\" height=\"683\" src=\"https:\/\/www.polimoda.com\/wp-content\/uploads\/2024\/10\/polimoda-ward-giornetti-ragazzi-ferragamoj-1024x683.jpg\" class=\"attachment-large size-large wp-image-35689\" alt=\"\" srcset=\"https:\/\/www.polimoda.com\/wp-content\/uploads\/2024\/10\/polimoda-ward-giornetti-ragazzi-ferragamoj-1024x683.jpg 1024w, https:\/\/www.polimoda.com\/wp-content\/uploads\/2024\/10\/polimoda-ward-giornetti-ragazzi-ferragamoj-300x200.jpg 300w, https:\/\/www.polimoda.com\/wp-content\/uploads\/2024\/10\/polimoda-ward-giornetti-ragazzi-ferragamoj-768x512.jpg 768w, https:\/\/www.polimoda.com\/wp-content\/uploads\/2024\/10\/polimoda-ward-giornetti-ragazzi-ferragamoj-1536x1024.jpg 1536w, https:\/\/www.polimoda.com\/wp-content\/uploads\/2024\/10\/polimoda-ward-giornetti-ragazzi-ferragamoj-2048x1366.jpg 2048w\" sizes=\"(max-width: 1024px) 100vw, 1024px\" \/><\/div><div class=\"uael-grid-img-overlay\"><\/div><\/a><\/div><\/div><div class=\"uael-grid-item  uael-img-gallery-item-6\"><div class=\"uael-grid-item-content\"><a class=\"uael-grid-img uael-grid-gallery-img uael-ins-hover elementor-clickable\" data-fancybox=\"uael-gallery\" data-caption=\"\" href=\"https:\/\/www.polimoda.com\/wp-content\/uploads\/2024\/10\/SEDE6459.jpg\" data-elementor-open-lightbox=\"no\"><div class=\"uael-grid-img-thumbnail uael-ins-target\"><img loading=\"lazy\" decoding=\"async\" width=\"683\" height=\"1024\" src=\"https:\/\/www.polimoda.com\/wp-content\/uploads\/2024\/10\/SEDE6459-683x1024.jpg\" class=\"attachment-large size-large wp-image-35749\" alt=\"\" srcset=\"https:\/\/www.polimoda.com\/wp-content\/uploads\/2024\/10\/SEDE6459-683x1024.jpg 683w, https:\/\/www.polimoda.com\/wp-content\/uploads\/2024\/10\/SEDE6459-200x300.jpg 200w, https:\/\/www.polimoda.com\/wp-content\/uploads\/2024\/10\/SEDE6459-768x1152.jpg 768w, https:\/\/www.polimoda.com\/wp-content\/uploads\/2024\/10\/SEDE6459-1024x1536.jpg 1024w, https:\/\/www.polimoda.com\/wp-content\/uploads\/2024\/10\/SEDE6459-1366x2048.jpg 1366w, https:\/\/www.polimoda.com\/wp-content\/uploads\/2024\/10\/SEDE6459.jpg 1667w\" sizes=\"(max-width: 683px) 100vw, 683px\" \/><\/div><div class=\"uael-grid-img-overlay\"><\/div><\/a><\/div><\/div><div class=\"uael-grid-item  uael-img-gallery-item-7\"><div class=\"uael-grid-item-content\"><a class=\"uael-grid-img uael-grid-gallery-img uael-ins-hover elementor-clickable\" data-fancybox=\"uael-gallery\" data-caption=\"\" href=\"https:\/\/www.polimoda.com\/wp-content\/uploads\/2024\/10\/SEDE6280.jpg\" data-elementor-open-lightbox=\"no\"><div class=\"uael-grid-img-thumbnail uael-ins-target\"><img loading=\"lazy\" decoding=\"async\" width=\"683\" height=\"1024\" src=\"https:\/\/www.polimoda.com\/wp-content\/uploads\/2024\/10\/SEDE6280-683x1024.jpg\" class=\"attachment-large size-large wp-image-35751\" alt=\"\" srcset=\"https:\/\/www.polimoda.com\/wp-content\/uploads\/2024\/10\/SEDE6280-683x1024.jpg 683w, https:\/\/www.polimoda.com\/wp-content\/uploads\/2024\/10\/SEDE6280-200x300.jpg 200w, https:\/\/www.polimoda.com\/wp-content\/uploads\/2024\/10\/SEDE6280-768x1152.jpg 768w, https:\/\/www.polimoda.com\/wp-content\/uploads\/2024\/10\/SEDE6280-1024x1536.jpg 1024w, https:\/\/www.polimoda.com\/wp-content\/uploads\/2024\/10\/SEDE6280-1366x2048.jpg 1366w, https:\/\/www.polimoda.com\/wp-content\/uploads\/2024\/10\/SEDE6280.jpg 1667w\" sizes=\"(max-width: 683px) 100vw, 683px\" \/><\/div><div class=\"uael-grid-img-overlay\"><\/div><\/a><\/div><\/div><div class=\"uael-grid-item  uael-img-gallery-item-8\"><div class=\"uael-grid-item-content\"><a class=\"uael-grid-img uael-grid-gallery-img uael-ins-hover elementor-clickable\" data-fancybox=\"uael-gallery\" data-caption=\"\" href=\"https:\/\/www.polimoda.com\/wp-content\/uploads\/2024\/10\/SEDE6285.jpg\" data-elementor-open-lightbox=\"no\"><div class=\"uael-grid-img-thumbnail uael-ins-target\"><img loading=\"lazy\" decoding=\"async\" width=\"1024\" height=\"683\" src=\"https:\/\/www.polimoda.com\/wp-content\/uploads\/2024\/10\/SEDE6285-1024x683.jpg\" class=\"attachment-large size-large wp-image-35753\" alt=\"\" srcset=\"https:\/\/www.polimoda.com\/wp-content\/uploads\/2024\/10\/SEDE6285-1024x683.jpg 1024w, https:\/\/www.polimoda.com\/wp-content\/uploads\/2024\/10\/SEDE6285-300x200.jpg 300w, https:\/\/www.polimoda.com\/wp-content\/uploads\/2024\/10\/SEDE6285-768x512.jpg 768w, https:\/\/www.polimoda.com\/wp-content\/uploads\/2024\/10\/SEDE6285-1536x1024.jpg 1536w, https:\/\/www.polimoda.com\/wp-content\/uploads\/2024\/10\/SEDE6285-2048x1366.jpg 2048w\" sizes=\"(max-width: 1024px) 100vw, 1024px\" \/><\/div><div class=\"uael-grid-img-overlay\"><\/div><\/a><\/div><\/div><div class=\"uael-grid-item  uael-img-gallery-item-9\"><div class=\"uael-grid-item-content\"><a class=\"uael-grid-img uael-grid-gallery-img uael-ins-hover elementor-clickable\" data-fancybox=\"uael-gallery\" data-caption=\"\" href=\"https:\/\/www.polimoda.com\/wp-content\/uploads\/2024\/10\/SEDE6405.jpg\" data-elementor-open-lightbox=\"no\"><div class=\"uael-grid-img-thumbnail uael-ins-target\"><img loading=\"lazy\" decoding=\"async\" width=\"1024\" height=\"683\" src=\"https:\/\/www.polimoda.com\/wp-content\/uploads\/2024\/10\/SEDE6405-1024x683.jpg\" class=\"attachment-large size-large wp-image-35747\" alt=\"\" srcset=\"https:\/\/www.polimoda.com\/wp-content\/uploads\/2024\/10\/SEDE6405-1024x683.jpg 1024w, https:\/\/www.polimoda.com\/wp-content\/uploads\/2024\/10\/SEDE6405-300x200.jpg 300w, https:\/\/www.polimoda.com\/wp-content\/uploads\/2024\/10\/SEDE6405-768x512.jpg 768w, https:\/\/www.polimoda.com\/wp-content\/uploads\/2024\/10\/SEDE6405-1536x1024.jpg 1536w, https:\/\/www.polimoda.com\/wp-content\/uploads\/2024\/10\/SEDE6405-2048x1366.jpg 2048w\" sizes=\"(max-width: 1024px) 100vw, 1024px\" \/><\/div><div class=\"uael-grid-img-overlay\"><\/div><\/a><\/div><\/div><div class=\"uael-grid-item  uael-img-gallery-item-10\"><div class=\"uael-grid-item-content\"><a class=\"uael-grid-img uael-grid-gallery-img uael-ins-hover elementor-clickable\" data-fancybox=\"uael-gallery\" data-caption=\"\" href=\"https:\/\/www.polimoda.com\/wp-content\/uploads\/2024\/10\/SEDE6401.jpg\" data-elementor-open-lightbox=\"no\"><div class=\"uael-grid-img-thumbnail uael-ins-target\"><img loading=\"lazy\" decoding=\"async\" width=\"1024\" height=\"683\" src=\"https:\/\/www.polimoda.com\/wp-content\/uploads\/2024\/10\/SEDE6401-1024x683.jpg\" class=\"attachment-large size-large wp-image-35755\" alt=\"\" srcset=\"https:\/\/www.polimoda.com\/wp-content\/uploads\/2024\/10\/SEDE6401-1024x683.jpg 1024w, https:\/\/www.polimoda.com\/wp-content\/uploads\/2024\/10\/SEDE6401-300x200.jpg 300w, https:\/\/www.polimoda.com\/wp-content\/uploads\/2024\/10\/SEDE6401-768x512.jpg 768w, https:\/\/www.polimoda.com\/wp-content\/uploads\/2024\/10\/SEDE6401-1536x1024.jpg 1536w, https:\/\/www.polimoda.com\/wp-content\/uploads\/2024\/10\/SEDE6401-2048x1366.jpg 2048w\" sizes=\"(max-width: 1024px) 100vw, 1024px\" \/><\/div><div class=\"uael-grid-img-overlay\"><\/div><\/a><\/div><\/div><\/div><\/div>\t\t\t\t<\/div>\n\t\t\t\t<\/div>\n\t\t\t\t<div class=\"elementor-element elementor-element-13be46f elementor-widget elementor-widget-heading\" data-id=\"13be46f\" data-element_type=\"widget\" data-e-type=\"widget\" data-widget_type=\"heading.default\">\n\t\t\t\t<div class=\"elementor-widget-container\">\n\t\t\t\t\t<h2 class=\"elementor-heading-title elementor-size-default\">UN CAMPUS CREATIVO PER LA MODA<\/h2>\t\t\t\t<\/div>\n\t\t\t\t<\/div>\n\t\t\t\t<div class=\"elementor-element elementor-element-7994628 elementor-widget elementor-widget-text-editor\" data-id=\"7994628\" data-element_type=\"widget\" data-e-type=\"widget\" data-widget_type=\"text-editor.default\">\n\t\t\t\t<div class=\"elementor-widget-container\">\n\t\t\t\t\t\t\t\t\t<p>\u201c<em>\u201cDalla sua fondazione nel 1986, Polimoda si \u00e8 affermato come un centro di eccellenza per la formazione nella moda. L&#8217;inaugurazione di questo campus rinnovato e ampliato rappresenta un passo fondamentale verso il futuro. Con oltre 15.000 metri quadrati, di cui pi\u00f9 di 10.000 dedicati ai laboratori, Polimoda \u00e8 l&#8217;unica scuola di moda in Italia e tra le prime in Europa a disporre di una struttura di questo livello  <\/em>\u201d spiega il presidente Ferruccio Ferragamo.<\/p>\n<p><strong>Il Manifattura Campus ridefinisce gli standard della formazione nel sistema moda<\/strong>: spazi moderni e multifunzionali ospitano aule e laboratori tecnologicamente avanzati, progettati per rispecchiare fedelmente l&#8217;ambiente e le attrezzature dell&#8217;industria. <strong>Esteso su oltre 10.000 metri quadrati<\/strong>, il campus include numerosi laboratori per il <strong>design e la confezione abbigliamento<\/strong>, una nuova ala dedicata alla produzione di <strong>calzature e accessori <\/strong>e alla lavorazione della pelle, un intero piano dedicato alla <strong>maglieria <\/strong>e alla <strong>ricerca <\/strong><strong>tessile<\/strong>, oltre a <strong>sei studi fotografici<\/strong> di diverse dimensioni. Spazi per il disegno, aule teoriche e laboratori informatici con software e tecnologie per il design e l\u2019editoria completano la struttura. Due <strong>shop<\/strong> di forniture sartoriali e per la pelletteria e un <strong>archivio di tessuti e pellami <\/strong>completano la dotazione della sede e garantiscono risorse costantemente aggiornate.  <\/p>\n<p><strong>In un&#8217;unica struttura, gli studenti possono esplorare ogni aspetto della moda<\/strong>: design, accessories design, modellistica, prototipazione, fashion styling, art direction, fashion photography, comunicazione, e molti altri. Questa visione integrata favorisce non solo una formazione completa dello studente, ma anche la <strong>collaborazione attiva tra le diverse discipline e corsi di studio<\/strong>, simulando le reali dinamiche del mondo del lavoro. <\/p>\n<p>Infine, nel cuore del campus, un\u2019<strong>aula magna polifunzionale<\/strong>, progettata per ospitare non solo lezioni tradizionali, ma anche eventi come conferenze, talk e incontri culturali aperti alla citt\u00e0.<\/p>\n<p>Polimoda si conferma cos\u00ec come il<strong> primo istituto in Italia, e tra i leader nel mondo,<\/strong> a proporre una visione tanto audace quanto integrata della formazione nel settore moda, attraendo a Firenze talenti da tutto il mondo. In un ambiente multiculturale e cosmopolita, valori fondamentali come <strong>diversit\u00e0, inclusivit\u00e0 e sostenibilit\u00e0<\/strong> sono pienamente integrati nel concetto di rinnovamento che guida l\u2019istituto. <\/p>\n\t\t\t\t\t\t\t\t<\/div>\n\t\t\t\t<\/div>\n\t\t\t\t<div class=\"elementor-element elementor-element-576c672 uael-ins-normal uael-img-carousel-arrow-outside elementor-widget elementor-widget-uael-image-gallery\" data-id=\"576c672\" data-element_type=\"widget\" data-e-type=\"widget\" data-settings=\"{&quot;slides_to_show&quot;:1,&quot;slides_to_show_tablet&quot;:3,&quot;slides_to_show_mobile&quot;:2,&quot;slides_to_scroll&quot;:1,&quot;slides_to_scroll_tablet&quot;:1,&quot;slides_to_scroll_mobile&quot;:1,&quot;lightbox_margin_bottom&quot;:{&quot;unit&quot;:&quot;px&quot;,&quot;size&quot;:&quot;&quot;,&quot;sizes&quot;:[]},&quot;lightbox_margin_bottom_tablet&quot;:{&quot;unit&quot;:&quot;px&quot;,&quot;size&quot;:&quot;&quot;,&quot;sizes&quot;:[]},&quot;lightbox_margin_bottom_mobile&quot;:{&quot;unit&quot;:&quot;px&quot;,&quot;size&quot;:&quot;&quot;,&quot;sizes&quot;:[]},&quot;column_gap&quot;:{&quot;unit&quot;:&quot;px&quot;,&quot;size&quot;:20,&quot;sizes&quot;:[]},&quot;column_gap_tablet&quot;:{&quot;unit&quot;:&quot;px&quot;,&quot;size&quot;:&quot;&quot;,&quot;sizes&quot;:[]},&quot;column_gap_mobile&quot;:{&quot;unit&quot;:&quot;px&quot;,&quot;size&quot;:&quot;&quot;,&quot;sizes&quot;:[]}}\" data-widget_type=\"uael-image-gallery.default\">\n\t\t\t\t<div class=\"elementor-widget-container\">\n\t\t\t\t\t<div class=\"uael-gallery-parent uael-caption- uael-gallery-unjustified\"><div data-image_carousel=\"{&quot;slidesToShow&quot;:1,&quot;slidesToScroll&quot;:1,&quot;autoplaySpeed&quot;:5000,&quot;autoplay&quot;:false,&quot;infinite&quot;:true,&quot;pauseOnHover&quot;:true,&quot;speed&quot;:500,&quot;arrows&quot;:true,&quot;dots&quot;:true,&quot;rtl&quot;:false,&quot;responsive&quot;:[{&quot;breakpoint&quot;:1024,&quot;settings&quot;:{&quot;slidesToShow&quot;:3,&quot;slidesToScroll&quot;:1}},{&quot;breakpoint&quot;:767,&quot;settings&quot;:{&quot;slidesToShow&quot;:2,&quot;slidesToScroll&quot;:1}}]}\" class=\"uael-img-gallery-wrap uael-img-carousel-wrap uael-nav-both uael-image-lightbox-wrap\" data-filter-default=\"All\" data-lightbox_actions=\"[&quot;slideShow&quot;,&quot;close&quot;]\" data-lightbox-gallery-loop=\"\"><div class=\"uael-grid-item  uael-img-gallery-item-1\"><div class=\"uael-grid-item-content\"><a class=\"uael-grid-img uael-grid-gallery-img uael-ins-hover elementor-clickable\" data-fancybox=\"uael-gallery\" data-caption=\"\" href=\"https:\/\/www.polimoda.com\/wp-content\/uploads\/2024\/10\/polimoda-manifattura-b4-T10_ph-dsl-studio-3-scaled.jpg\" data-elementor-open-lightbox=\"no\"><div class=\"uael-grid-img-thumbnail uael-ins-target\"><img loading=\"lazy\" decoding=\"async\" width=\"1024\" height=\"683\" src=\"https:\/\/www.polimoda.com\/wp-content\/uploads\/2024\/10\/polimoda-manifattura-b4-T10_ph-dsl-studio-3-1024x683.jpg\" class=\"attachment-large size-large wp-image-35629\" alt=\"Polimoda Manifattura Campus, ph. Agnese Bedini and Melania Della Grave, DSL Studio\" srcset=\"https:\/\/www.polimoda.com\/wp-content\/uploads\/2024\/10\/polimoda-manifattura-b4-T10_ph-dsl-studio-3-1024x683.jpg 1024w, https:\/\/www.polimoda.com\/wp-content\/uploads\/2024\/10\/polimoda-manifattura-b4-T10_ph-dsl-studio-3-300x200.jpg 300w, https:\/\/www.polimoda.com\/wp-content\/uploads\/2024\/10\/polimoda-manifattura-b4-T10_ph-dsl-studio-3-768x512.jpg 768w, https:\/\/www.polimoda.com\/wp-content\/uploads\/2024\/10\/polimoda-manifattura-b4-T10_ph-dsl-studio-3-1536x1024.jpg 1536w, https:\/\/www.polimoda.com\/wp-content\/uploads\/2024\/10\/polimoda-manifattura-b4-T10_ph-dsl-studio-3-2048x1365.jpg 2048w\" sizes=\"(max-width: 1024px) 100vw, 1024px\" \/><\/div><div class=\"uael-grid-img-overlay\"><\/div><\/a><\/div><\/div><div class=\"uael-grid-item  uael-img-gallery-item-2\"><div class=\"uael-grid-item-content\"><a class=\"uael-grid-img uael-grid-gallery-img uael-ins-hover elementor-clickable\" data-fancybox=\"uael-gallery\" data-caption=\"\" href=\"https:\/\/www.polimoda.com\/wp-content\/uploads\/2024\/10\/polimoda-manifattura-b4-terrace_ph-dsl-studio.jpg\" data-elementor-open-lightbox=\"no\"><div class=\"uael-grid-img-thumbnail uael-ins-target\"><img loading=\"lazy\" decoding=\"async\" width=\"1024\" height=\"683\" src=\"https:\/\/www.polimoda.com\/wp-content\/uploads\/2024\/10\/polimoda-manifattura-b4-terrace_ph-dsl-studio-1024x683.jpg\" class=\"attachment-large size-large wp-image-35641\" alt=\"Polimoda Manifattura Campus, ph. Agnese Bedini and Melania Della Grave, DSL Studio\" srcset=\"https:\/\/www.polimoda.com\/wp-content\/uploads\/2024\/10\/polimoda-manifattura-b4-terrace_ph-dsl-studio-1024x683.jpg 1024w, https:\/\/www.polimoda.com\/wp-content\/uploads\/2024\/10\/polimoda-manifattura-b4-terrace_ph-dsl-studio-300x200.jpg 300w, https:\/\/www.polimoda.com\/wp-content\/uploads\/2024\/10\/polimoda-manifattura-b4-terrace_ph-dsl-studio-768x512.jpg 768w, https:\/\/www.polimoda.com\/wp-content\/uploads\/2024\/10\/polimoda-manifattura-b4-terrace_ph-dsl-studio-1536x1024.jpg 1536w, https:\/\/www.polimoda.com\/wp-content\/uploads\/2024\/10\/polimoda-manifattura-b4-terrace_ph-dsl-studio-2048x1366.jpg 2048w\" sizes=\"(max-width: 1024px) 100vw, 1024px\" \/><\/div><div class=\"uael-grid-img-overlay\"><\/div><\/a><\/div><\/div><div class=\"uael-grid-item  uael-img-gallery-item-3\"><div class=\"uael-grid-item-content\"><a class=\"uael-grid-img uael-grid-gallery-img uael-ins-hover elementor-clickable\" data-fancybox=\"uael-gallery\" data-caption=\"\" href=\"https:\/\/www.polimoda.com\/wp-content\/uploads\/2024\/10\/polimoda-manifattura-b4-hall_ph-dsl-studio-scaled.jpg\" data-elementor-open-lightbox=\"no\"><div class=\"uael-grid-img-thumbnail uael-ins-target\"><img loading=\"lazy\" decoding=\"async\" width=\"1024\" height=\"683\" src=\"https:\/\/www.polimoda.com\/wp-content\/uploads\/2024\/10\/polimoda-manifattura-b4-hall_ph-dsl-studio-1024x683.jpg\" class=\"attachment-large size-large wp-image-35675\" alt=\"Polimoda Manifattura Campus, ph. Agnese Bedini and Melania Della Grave, DSL Studio\" srcset=\"https:\/\/www.polimoda.com\/wp-content\/uploads\/2024\/10\/polimoda-manifattura-b4-hall_ph-dsl-studio-1024x683.jpg 1024w, https:\/\/www.polimoda.com\/wp-content\/uploads\/2024\/10\/polimoda-manifattura-b4-hall_ph-dsl-studio-300x200.jpg 300w, https:\/\/www.polimoda.com\/wp-content\/uploads\/2024\/10\/polimoda-manifattura-b4-hall_ph-dsl-studio-768x512.jpg 768w, https:\/\/www.polimoda.com\/wp-content\/uploads\/2024\/10\/polimoda-manifattura-b4-hall_ph-dsl-studio-1536x1024.jpg 1536w, https:\/\/www.polimoda.com\/wp-content\/uploads\/2024\/10\/polimoda-manifattura-b4-hall_ph-dsl-studio-2048x1365.jpg 2048w\" sizes=\"(max-width: 1024px) 100vw, 1024px\" \/><\/div><div class=\"uael-grid-img-overlay\"><\/div><\/a><\/div><\/div><div class=\"uael-grid-item  uael-img-gallery-item-4\"><div class=\"uael-grid-item-content\"><a class=\"uael-grid-img uael-grid-gallery-img uael-ins-hover elementor-clickable\" data-fancybox=\"uael-gallery\" data-caption=\"\" href=\"https:\/\/www.polimoda.com\/wp-content\/uploads\/2024\/10\/polimoda-manifattura-b4-T11_ph-dsl-studio-1-scaled.jpg\" data-elementor-open-lightbox=\"no\"><div class=\"uael-grid-img-thumbnail uael-ins-target\"><img loading=\"lazy\" decoding=\"async\" width=\"1024\" height=\"683\" src=\"https:\/\/www.polimoda.com\/wp-content\/uploads\/2024\/10\/polimoda-manifattura-b4-T11_ph-dsl-studio-1-1024x683.jpg\" class=\"attachment-large size-large wp-image-35631\" alt=\"Polimoda Manifattura Campus, ph. Agnese Bedini and Melania Della Grave, DSL Studio\" srcset=\"https:\/\/www.polimoda.com\/wp-content\/uploads\/2024\/10\/polimoda-manifattura-b4-T11_ph-dsl-studio-1-1024x683.jpg 1024w, https:\/\/www.polimoda.com\/wp-content\/uploads\/2024\/10\/polimoda-manifattura-b4-T11_ph-dsl-studio-1-300x200.jpg 300w, https:\/\/www.polimoda.com\/wp-content\/uploads\/2024\/10\/polimoda-manifattura-b4-T11_ph-dsl-studio-1-768x512.jpg 768w, https:\/\/www.polimoda.com\/wp-content\/uploads\/2024\/10\/polimoda-manifattura-b4-T11_ph-dsl-studio-1-1536x1024.jpg 1536w, https:\/\/www.polimoda.com\/wp-content\/uploads\/2024\/10\/polimoda-manifattura-b4-T11_ph-dsl-studio-1-2048x1365.jpg 2048w\" sizes=\"(max-width: 1024px) 100vw, 1024px\" \/><\/div><div class=\"uael-grid-img-overlay\"><\/div><\/a><\/div><\/div><div class=\"uael-grid-item  uael-img-gallery-item-5\"><div class=\"uael-grid-item-content\"><a class=\"uael-grid-img uael-grid-gallery-img uael-ins-hover elementor-clickable\" data-fancybox=\"uael-gallery\" data-caption=\"\" href=\"https:\/\/www.polimoda.com\/wp-content\/uploads\/2024\/10\/polimoda-manifattura-b4-T02_ph-dsl-studio-1.jpg\" data-elementor-open-lightbox=\"no\"><div class=\"uael-grid-img-thumbnail uael-ins-target\"><img loading=\"lazy\" decoding=\"async\" width=\"1024\" height=\"683\" src=\"https:\/\/www.polimoda.com\/wp-content\/uploads\/2024\/10\/polimoda-manifattura-b4-T02_ph-dsl-studio-1-1024x683.jpg\" class=\"attachment-large size-large wp-image-35625\" alt=\"Polimoda Manifattura Campus, ph. Agnese Bedini and Melania Della Grave, DSL Studio\" srcset=\"https:\/\/www.polimoda.com\/wp-content\/uploads\/2024\/10\/polimoda-manifattura-b4-T02_ph-dsl-studio-1-1024x683.jpg 1024w, https:\/\/www.polimoda.com\/wp-content\/uploads\/2024\/10\/polimoda-manifattura-b4-T02_ph-dsl-studio-1-300x200.jpg 300w, https:\/\/www.polimoda.com\/wp-content\/uploads\/2024\/10\/polimoda-manifattura-b4-T02_ph-dsl-studio-1-768x512.jpg 768w, https:\/\/www.polimoda.com\/wp-content\/uploads\/2024\/10\/polimoda-manifattura-b4-T02_ph-dsl-studio-1-1536x1024.jpg 1536w, https:\/\/www.polimoda.com\/wp-content\/uploads\/2024\/10\/polimoda-manifattura-b4-T02_ph-dsl-studio-1-2048x1365.jpg 2048w\" sizes=\"(max-width: 1024px) 100vw, 1024px\" \/><\/div><div class=\"uael-grid-img-overlay\"><\/div><\/a><\/div><\/div><div class=\"uael-grid-item  uael-img-gallery-item-6\"><div class=\"uael-grid-item-content\"><a class=\"uael-grid-img uael-grid-gallery-img uael-ins-hover elementor-clickable\" data-fancybox=\"uael-gallery\" data-caption=\"\" href=\"https:\/\/www.polimoda.com\/wp-content\/uploads\/2024\/10\/polimoda-manifattura-b4-T25_ph-dsl-studio-scaled.jpg\" data-elementor-open-lightbox=\"no\"><div class=\"uael-grid-img-thumbnail uael-ins-target\"><img loading=\"lazy\" decoding=\"async\" width=\"1024\" height=\"683\" src=\"https:\/\/www.polimoda.com\/wp-content\/uploads\/2024\/10\/polimoda-manifattura-b4-T25_ph-dsl-studio-1024x683.jpg\" class=\"attachment-large size-large wp-image-35639\" alt=\"Polimoda Manifattura Campus, ph. Agnese Bedini and Melania Della Grave, DSL Studio\" srcset=\"https:\/\/www.polimoda.com\/wp-content\/uploads\/2024\/10\/polimoda-manifattura-b4-T25_ph-dsl-studio-1024x683.jpg 1024w, https:\/\/www.polimoda.com\/wp-content\/uploads\/2024\/10\/polimoda-manifattura-b4-T25_ph-dsl-studio-300x200.jpg 300w, https:\/\/www.polimoda.com\/wp-content\/uploads\/2024\/10\/polimoda-manifattura-b4-T25_ph-dsl-studio-768x512.jpg 768w, https:\/\/www.polimoda.com\/wp-content\/uploads\/2024\/10\/polimoda-manifattura-b4-T25_ph-dsl-studio-1536x1024.jpg 1536w, https:\/\/www.polimoda.com\/wp-content\/uploads\/2024\/10\/polimoda-manifattura-b4-T25_ph-dsl-studio-2048x1365.jpg 2048w\" sizes=\"(max-width: 1024px) 100vw, 1024px\" \/><\/div><div class=\"uael-grid-img-overlay\"><\/div><\/a><\/div><\/div><div class=\"uael-grid-item  uael-img-gallery-item-7\"><div class=\"uael-grid-item-content\"><a class=\"uael-grid-img uael-grid-gallery-img uael-ins-hover elementor-clickable\" data-fancybox=\"uael-gallery\" data-caption=\"\" href=\"https:\/\/www.polimoda.com\/wp-content\/uploads\/2024\/10\/polimoda-manifattura-b4-T06_ph-dsl-studio-scaled.jpg\" data-elementor-open-lightbox=\"no\"><div class=\"uael-grid-img-thumbnail uael-ins-target\"><img loading=\"lazy\" decoding=\"async\" width=\"1024\" height=\"683\" src=\"https:\/\/www.polimoda.com\/wp-content\/uploads\/2024\/10\/polimoda-manifattura-b4-T06_ph-dsl-studio-1024x683.jpg\" class=\"attachment-large size-large wp-image-35627\" alt=\"Polimoda Manifattura Campus, ph. Agnese Bedini and Melania Della Grave, DSL Studio\" srcset=\"https:\/\/www.polimoda.com\/wp-content\/uploads\/2024\/10\/polimoda-manifattura-b4-T06_ph-dsl-studio-1024x683.jpg 1024w, https:\/\/www.polimoda.com\/wp-content\/uploads\/2024\/10\/polimoda-manifattura-b4-T06_ph-dsl-studio-300x200.jpg 300w, https:\/\/www.polimoda.com\/wp-content\/uploads\/2024\/10\/polimoda-manifattura-b4-T06_ph-dsl-studio-768x512.jpg 768w, https:\/\/www.polimoda.com\/wp-content\/uploads\/2024\/10\/polimoda-manifattura-b4-T06_ph-dsl-studio-1536x1024.jpg 1536w, https:\/\/www.polimoda.com\/wp-content\/uploads\/2024\/10\/polimoda-manifattura-b4-T06_ph-dsl-studio-2048x1366.jpg 2048w\" sizes=\"(max-width: 1024px) 100vw, 1024px\" \/><\/div><div class=\"uael-grid-img-overlay\"><\/div><\/a><\/div><\/div><div class=\"uael-grid-item  uael-img-gallery-item-8\"><div class=\"uael-grid-item-content\"><a class=\"uael-grid-img uael-grid-gallery-img uael-ins-hover elementor-clickable\" data-fancybox=\"uael-gallery\" data-caption=\"\" href=\"https:\/\/www.polimoda.com\/wp-content\/uploads\/2024\/10\/polimoda-manifattura-b4-T14_ph-dsl-studio-1-scaled.jpg\" data-elementor-open-lightbox=\"no\"><div class=\"uael-grid-img-thumbnail uael-ins-target\"><img loading=\"lazy\" decoding=\"async\" width=\"1024\" height=\"683\" src=\"https:\/\/www.polimoda.com\/wp-content\/uploads\/2024\/10\/polimoda-manifattura-b4-T14_ph-dsl-studio-1-1024x683.jpg\" class=\"attachment-large size-large wp-image-35635\" alt=\"Polimoda Manifattura Campus, ph. Agnese Bedini and Melania Della Grave, DSL Studio\" srcset=\"https:\/\/www.polimoda.com\/wp-content\/uploads\/2024\/10\/polimoda-manifattura-b4-T14_ph-dsl-studio-1-1024x683.jpg 1024w, https:\/\/www.polimoda.com\/wp-content\/uploads\/2024\/10\/polimoda-manifattura-b4-T14_ph-dsl-studio-1-300x200.jpg 300w, https:\/\/www.polimoda.com\/wp-content\/uploads\/2024\/10\/polimoda-manifattura-b4-T14_ph-dsl-studio-1-768x512.jpg 768w, https:\/\/www.polimoda.com\/wp-content\/uploads\/2024\/10\/polimoda-manifattura-b4-T14_ph-dsl-studio-1-1536x1024.jpg 1536w, https:\/\/www.polimoda.com\/wp-content\/uploads\/2024\/10\/polimoda-manifattura-b4-T14_ph-dsl-studio-1-2048x1365.jpg 2048w\" sizes=\"(max-width: 1024px) 100vw, 1024px\" \/><\/div><div class=\"uael-grid-img-overlay\"><\/div><\/a><\/div><\/div><div class=\"uael-grid-item  uael-img-gallery-item-9\"><div class=\"uael-grid-item-content\"><a class=\"uael-grid-img uael-grid-gallery-img uael-ins-hover elementor-clickable\" data-fancybox=\"uael-gallery\" data-caption=\"\" href=\"https:\/\/www.polimoda.com\/wp-content\/uploads\/2024\/10\/polimoda-manifattura-b4-T12_ph-dsl-studio-1-scaled.jpg\" data-elementor-open-lightbox=\"no\"><div class=\"uael-grid-img-thumbnail uael-ins-target\"><img loading=\"lazy\" decoding=\"async\" width=\"1024\" height=\"683\" src=\"https:\/\/www.polimoda.com\/wp-content\/uploads\/2024\/10\/polimoda-manifattura-b4-T12_ph-dsl-studio-1-1024x683.jpg\" class=\"attachment-large size-large wp-image-35633\" alt=\"Polimoda Manifattura Campus, ph. Agnese Bedini and Melania Della Grave, DSL Studio\" srcset=\"https:\/\/www.polimoda.com\/wp-content\/uploads\/2024\/10\/polimoda-manifattura-b4-T12_ph-dsl-studio-1-1024x683.jpg 1024w, https:\/\/www.polimoda.com\/wp-content\/uploads\/2024\/10\/polimoda-manifattura-b4-T12_ph-dsl-studio-1-300x200.jpg 300w, https:\/\/www.polimoda.com\/wp-content\/uploads\/2024\/10\/polimoda-manifattura-b4-T12_ph-dsl-studio-1-768x512.jpg 768w, https:\/\/www.polimoda.com\/wp-content\/uploads\/2024\/10\/polimoda-manifattura-b4-T12_ph-dsl-studio-1-1536x1024.jpg 1536w, https:\/\/www.polimoda.com\/wp-content\/uploads\/2024\/10\/polimoda-manifattura-b4-T12_ph-dsl-studio-1-2048x1365.jpg 2048w\" sizes=\"(max-width: 1024px) 100vw, 1024px\" \/><\/div><div class=\"uael-grid-img-overlay\"><\/div><\/a><\/div><\/div><div class=\"uael-grid-item  uael-img-gallery-item-10\"><div class=\"uael-grid-item-content\"><a class=\"uael-grid-img uael-grid-gallery-img uael-ins-hover elementor-clickable\" data-fancybox=\"uael-gallery\" data-caption=\"\" href=\"https:\/\/www.polimoda.com\/wp-content\/uploads\/2024\/10\/polimoda-manifattura-b4-T01_ph-dsl-studio.jpg\" data-elementor-open-lightbox=\"no\"><div class=\"uael-grid-img-thumbnail uael-ins-target\"><img loading=\"lazy\" decoding=\"async\" width=\"683\" height=\"1024\" src=\"https:\/\/www.polimoda.com\/wp-content\/uploads\/2024\/10\/polimoda-manifattura-b4-T01_ph-dsl-studio-683x1024.jpg\" class=\"attachment-large size-large wp-image-35623\" alt=\"Polimoda Manifattura Campus, ph. Agnese Bedini and Melania Della Grave, DSL Studio\" srcset=\"https:\/\/www.polimoda.com\/wp-content\/uploads\/2024\/10\/polimoda-manifattura-b4-T01_ph-dsl-studio-683x1024.jpg 683w, https:\/\/www.polimoda.com\/wp-content\/uploads\/2024\/10\/polimoda-manifattura-b4-T01_ph-dsl-studio-200x300.jpg 200w, https:\/\/www.polimoda.com\/wp-content\/uploads\/2024\/10\/polimoda-manifattura-b4-T01_ph-dsl-studio-768x1152.jpg 768w, https:\/\/www.polimoda.com\/wp-content\/uploads\/2024\/10\/polimoda-manifattura-b4-T01_ph-dsl-studio-1024x1536.jpg 1024w, https:\/\/www.polimoda.com\/wp-content\/uploads\/2024\/10\/polimoda-manifattura-b4-T01_ph-dsl-studio-1365x2048.jpg 1365w, https:\/\/www.polimoda.com\/wp-content\/uploads\/2024\/10\/polimoda-manifattura-b4-T01_ph-dsl-studio.jpg 1629w\" sizes=\"(max-width: 683px) 100vw, 683px\" \/><\/div><div class=\"uael-grid-img-overlay\"><\/div><\/a><\/div><\/div><div class=\"uael-grid-item  uael-img-gallery-item-11\"><div class=\"uael-grid-item-content\"><a class=\"uael-grid-img uael-grid-gallery-img uael-ins-hover elementor-clickable\" data-fancybox=\"uael-gallery\" data-caption=\"\" href=\"https:\/\/www.polimoda.com\/wp-content\/uploads\/2024\/10\/polimoda-manifattura-b6-facade_ph-dsl-studio-scaled.jpg\" data-elementor-open-lightbox=\"no\"><div class=\"uael-grid-img-thumbnail uael-ins-target\"><img loading=\"lazy\" decoding=\"async\" width=\"1024\" height=\"768\" src=\"https:\/\/www.polimoda.com\/wp-content\/uploads\/2024\/10\/polimoda-manifattura-b6-facade_ph-dsl-studio-1024x768.jpg\" class=\"attachment-large size-large wp-image-35643\" alt=\"Polimoda Manifattura Campus, ph. Agnese Bedini and Melania Della Grave, DSL Studio\" srcset=\"https:\/\/www.polimoda.com\/wp-content\/uploads\/2024\/10\/polimoda-manifattura-b6-facade_ph-dsl-studio-1024x768.jpg 1024w, https:\/\/www.polimoda.com\/wp-content\/uploads\/2024\/10\/polimoda-manifattura-b6-facade_ph-dsl-studio-300x225.jpg 300w, https:\/\/www.polimoda.com\/wp-content\/uploads\/2024\/10\/polimoda-manifattura-b6-facade_ph-dsl-studio-768x576.jpg 768w, https:\/\/www.polimoda.com\/wp-content\/uploads\/2024\/10\/polimoda-manifattura-b6-facade_ph-dsl-studio-1536x1152.jpg 1536w, https:\/\/www.polimoda.com\/wp-content\/uploads\/2024\/10\/polimoda-manifattura-b6-facade_ph-dsl-studio-2048x1536.jpg 2048w\" sizes=\"(max-width: 1024px) 100vw, 1024px\" \/><\/div><div class=\"uael-grid-img-overlay\"><\/div><\/a><\/div><\/div><div class=\"uael-grid-item  uael-img-gallery-item-12\"><div class=\"uael-grid-item-content\"><a class=\"uael-grid-img uael-grid-gallery-img uael-ins-hover elementor-clickable\" data-fancybox=\"uael-gallery\" data-caption=\"\" href=\"https:\/\/www.polimoda.com\/wp-content\/uploads\/2024\/10\/polimoda-manifattura-b6-M00_ph-dsl-studio-scaled.jpg\" data-elementor-open-lightbox=\"no\"><div class=\"uael-grid-img-thumbnail uael-ins-target\"><img loading=\"lazy\" decoding=\"async\" width=\"1024\" height=\"683\" src=\"https:\/\/www.polimoda.com\/wp-content\/uploads\/2024\/10\/polimoda-manifattura-b6-M00_ph-dsl-studio-1024x683.jpg\" class=\"attachment-large size-large wp-image-35645\" alt=\"Polimoda Manifattura Campus, ph. Agnese Bedini and Melania Della Grave, DSL Studio\" srcset=\"https:\/\/www.polimoda.com\/wp-content\/uploads\/2024\/10\/polimoda-manifattura-b6-M00_ph-dsl-studio-1024x683.jpg 1024w, https:\/\/www.polimoda.com\/wp-content\/uploads\/2024\/10\/polimoda-manifattura-b6-M00_ph-dsl-studio-300x200.jpg 300w, https:\/\/www.polimoda.com\/wp-content\/uploads\/2024\/10\/polimoda-manifattura-b6-M00_ph-dsl-studio-768x512.jpg 768w, https:\/\/www.polimoda.com\/wp-content\/uploads\/2024\/10\/polimoda-manifattura-b6-M00_ph-dsl-studio-1536x1024.jpg 1536w, https:\/\/www.polimoda.com\/wp-content\/uploads\/2024\/10\/polimoda-manifattura-b6-M00_ph-dsl-studio-2048x1365.jpg 2048w\" sizes=\"(max-width: 1024px) 100vw, 1024px\" \/><\/div><div class=\"uael-grid-img-overlay\"><\/div><\/a><\/div><\/div><div class=\"uael-grid-item  uael-img-gallery-item-13\"><div class=\"uael-grid-item-content\"><a class=\"uael-grid-img uael-grid-gallery-img uael-ins-hover elementor-clickable\" data-fancybox=\"uael-gallery\" data-caption=\"Polimoda Manifattura Campus, foto di Agnese Bedini and Melania Della Grave, DSL Studio\" href=\"https:\/\/www.polimoda.com\/wp-content\/uploads\/2024\/10\/polimoda-manifattura-b6-M01_ph-dsl-studio.jpg\" data-elementor-open-lightbox=\"no\"><div class=\"uael-grid-img-thumbnail uael-ins-target\"><img loading=\"lazy\" decoding=\"async\" width=\"1024\" height=\"683\" src=\"https:\/\/www.polimoda.com\/wp-content\/uploads\/2024\/10\/polimoda-manifattura-b6-M01_ph-dsl-studio-1024x683.jpg\" class=\"attachment-large size-large wp-image-35647\" alt=\"Polimoda Manifattura Campus, ph. Agnese Bedini and Melania Della Grave, DSL Studio\" srcset=\"https:\/\/www.polimoda.com\/wp-content\/uploads\/2024\/10\/polimoda-manifattura-b6-M01_ph-dsl-studio-1024x683.jpg 1024w, https:\/\/www.polimoda.com\/wp-content\/uploads\/2024\/10\/polimoda-manifattura-b6-M01_ph-dsl-studio-300x200.jpg 300w, https:\/\/www.polimoda.com\/wp-content\/uploads\/2024\/10\/polimoda-manifattura-b6-M01_ph-dsl-studio-768x512.jpg 768w, https:\/\/www.polimoda.com\/wp-content\/uploads\/2024\/10\/polimoda-manifattura-b6-M01_ph-dsl-studio-1536x1024.jpg 1536w, https:\/\/www.polimoda.com\/wp-content\/uploads\/2024\/10\/polimoda-manifattura-b6-M01_ph-dsl-studio-2048x1366.jpg 2048w\" sizes=\"(max-width: 1024px) 100vw, 1024px\" \/><\/div><div class=\"uael-grid-img-overlay\"><\/div><\/a><\/div><\/div><div class=\"uael-grid-item  uael-img-gallery-item-14\"><div class=\"uael-grid-item-content\"><a class=\"uael-grid-img uael-grid-gallery-img uael-ins-hover elementor-clickable\" data-fancybox=\"uael-gallery\" data-caption=\"\" href=\"https:\/\/www.polimoda.com\/wp-content\/uploads\/2024\/10\/polimoda-manifattura-b6-M17_ph-dsl-studio.jpg\" data-elementor-open-lightbox=\"no\"><div class=\"uael-grid-img-thumbnail uael-ins-target\"><img loading=\"lazy\" decoding=\"async\" width=\"1024\" height=\"683\" src=\"https:\/\/www.polimoda.com\/wp-content\/uploads\/2024\/10\/polimoda-manifattura-b6-M17_ph-dsl-studio-1024x683.jpg\" class=\"attachment-large size-large wp-image-35653\" alt=\"Polimoda Manifattura Campus, ph. Agnese Bedini and Melania Della Grave, DSL Studio\" srcset=\"https:\/\/www.polimoda.com\/wp-content\/uploads\/2024\/10\/polimoda-manifattura-b6-M17_ph-dsl-studio-1024x683.jpg 1024w, https:\/\/www.polimoda.com\/wp-content\/uploads\/2024\/10\/polimoda-manifattura-b6-M17_ph-dsl-studio-300x200.jpg 300w, https:\/\/www.polimoda.com\/wp-content\/uploads\/2024\/10\/polimoda-manifattura-b6-M17_ph-dsl-studio-768x512.jpg 768w, https:\/\/www.polimoda.com\/wp-content\/uploads\/2024\/10\/polimoda-manifattura-b6-M17_ph-dsl-studio-1536x1024.jpg 1536w, https:\/\/www.polimoda.com\/wp-content\/uploads\/2024\/10\/polimoda-manifattura-b6-M17_ph-dsl-studio-2048x1366.jpg 2048w\" sizes=\"(max-width: 1024px) 100vw, 1024px\" \/><\/div><div class=\"uael-grid-img-overlay\"><\/div><\/a><\/div><\/div><div class=\"uael-grid-item  uael-img-gallery-item-15\"><div class=\"uael-grid-item-content\"><a class=\"uael-grid-img uael-grid-gallery-img uael-ins-hover elementor-clickable\" data-fancybox=\"uael-gallery\" data-caption=\"\" href=\"https:\/\/www.polimoda.com\/wp-content\/uploads\/2024\/10\/polimoda-manifattura-b6-M02_ph-dsl-studio.jpg\" data-elementor-open-lightbox=\"no\"><div class=\"uael-grid-img-thumbnail uael-ins-target\"><img loading=\"lazy\" decoding=\"async\" width=\"1024\" height=\"683\" src=\"https:\/\/www.polimoda.com\/wp-content\/uploads\/2024\/10\/polimoda-manifattura-b6-M02_ph-dsl-studio-1024x683.jpg\" class=\"attachment-large size-large wp-image-35649\" alt=\"Polimoda Manifattura Campus, ph. Agnese Bedini and Melania Della Grave, DSL Studio\" srcset=\"https:\/\/www.polimoda.com\/wp-content\/uploads\/2024\/10\/polimoda-manifattura-b6-M02_ph-dsl-studio-1024x683.jpg 1024w, https:\/\/www.polimoda.com\/wp-content\/uploads\/2024\/10\/polimoda-manifattura-b6-M02_ph-dsl-studio-300x200.jpg 300w, https:\/\/www.polimoda.com\/wp-content\/uploads\/2024\/10\/polimoda-manifattura-b6-M02_ph-dsl-studio-768x512.jpg 768w, https:\/\/www.polimoda.com\/wp-content\/uploads\/2024\/10\/polimoda-manifattura-b6-M02_ph-dsl-studio-1536x1024.jpg 1536w, https:\/\/www.polimoda.com\/wp-content\/uploads\/2024\/10\/polimoda-manifattura-b6-M02_ph-dsl-studio-2048x1365.jpg 2048w\" sizes=\"(max-width: 1024px) 100vw, 1024px\" \/><\/div><div class=\"uael-grid-img-overlay\"><\/div><\/a><\/div><\/div><div class=\"uael-grid-item  uael-img-gallery-item-16\"><div class=\"uael-grid-item-content\"><a class=\"uael-grid-img uael-grid-gallery-img uael-ins-hover elementor-clickable\" data-fancybox=\"uael-gallery\" data-caption=\"\" href=\"https:\/\/www.polimoda.com\/wp-content\/uploads\/2024\/10\/polimoda-manifattura-b6-M06_ph-dsl-studio.jpg\" data-elementor-open-lightbox=\"no\"><div class=\"uael-grid-img-thumbnail uael-ins-target\"><img loading=\"lazy\" decoding=\"async\" width=\"1024\" height=\"683\" src=\"https:\/\/www.polimoda.com\/wp-content\/uploads\/2024\/10\/polimoda-manifattura-b6-M06_ph-dsl-studio-1024x683.jpg\" class=\"attachment-large size-large wp-image-35651\" alt=\"Polimoda Manifattura Campus, ph. Agnese Bedini and Melania Della Grave, DSL Studio\" srcset=\"https:\/\/www.polimoda.com\/wp-content\/uploads\/2024\/10\/polimoda-manifattura-b6-M06_ph-dsl-studio-1024x683.jpg 1024w, https:\/\/www.polimoda.com\/wp-content\/uploads\/2024\/10\/polimoda-manifattura-b6-M06_ph-dsl-studio-300x200.jpg 300w, https:\/\/www.polimoda.com\/wp-content\/uploads\/2024\/10\/polimoda-manifattura-b6-M06_ph-dsl-studio-768x512.jpg 768w, https:\/\/www.polimoda.com\/wp-content\/uploads\/2024\/10\/polimoda-manifattura-b6-M06_ph-dsl-studio-1536x1024.jpg 1536w, https:\/\/www.polimoda.com\/wp-content\/uploads\/2024\/10\/polimoda-manifattura-b6-M06_ph-dsl-studio-2048x1366.jpg 2048w\" sizes=\"(max-width: 1024px) 100vw, 1024px\" \/><\/div><div class=\"uael-grid-img-overlay\"><\/div><\/a><\/div><\/div><\/div><\/div>\t\t\t\t<\/div>\n\t\t\t\t<\/div>\n\t\t\t\t<div class=\"elementor-element elementor-element-c0d059e elementor-widget elementor-widget-heading\" data-id=\"c0d059e\" data-element_type=\"widget\" data-e-type=\"widget\" data-widget_type=\"heading.default\">\n\t\t\t\t<div class=\"elementor-widget-container\">\n\t\t\t\t\t<h2 class=\"elementor-heading-title elementor-size-default\">DUE SEDI, UNA SCUOLA<\/h2>\t\t\t\t<\/div>\n\t\t\t\t<\/div>\n\t\t\t\t<div class=\"elementor-element elementor-element-923d58c elementor-widget elementor-widget-text-editor\" data-id=\"923d58c\" data-element_type=\"widget\" data-e-type=\"widget\" data-widget_type=\"text-editor.default\">\n\t\t\t\t<div class=\"elementor-widget-container\">\n\t\t\t\t\t\t\t\t\t<p>Con la nuova apertura, Polimoda supera i <strong>15.000 metri quadrati<\/strong> di spazi per la formazione della moda, capaci di accogliere oltre 2000 studenti. I due campus a Manifattura Tabacchi e Villa Favard, a poca distanza l\u2019uno dall\u2019altro, formano un unico hub per la fashion education. <\/p>\n<p>Il <strong>Villa Campus<\/strong>, situato nello storico complesso di Villa Favard, resta il quartier generale e centro nevralgico di Polimoda. Qui si tengono le <strong>lezioni dedicate al fashion business<\/strong> \u2014 dal marketing alla comunicazione, dal merchandising al retail, dal product management alla moda sostenibile. Oltre a offrire un ambiente stimolante per l&#8217;apprendimento, il Villa Campus resta il<strong> cuore amministrativo<\/strong> dell&#8217;istituto, ospitando servizi essenziali come l\u2019orientamento, la segreteria didattica, le relazioni con le aziende e lo sviluppo professionale.  <\/p>\n<p>Villa Favard resta inoltre un <strong>vivace polo culturale per Firenze<\/strong>, dove la moda si incontra con altre discipline. Ospita regolarmente eventi e incontri con protagonisti internazionali, arricchendo non solo il percorso degli studenti, ma anche il panorama culturale della citt\u00e0. <\/p>\n<p>&#8220;<em>&#8220;Innovazione, agilit\u00e0 e multidisciplinariet\u00e0 sono le basi della moda, che per definizione \u00e8 cambiamento e rinnovamento. L\u2019universit\u00e0 \u00e8 il luogo dove la sperimentazione prende vita, attraverso progetti sviluppati in collaborazione con l\u2019industria e le diverse discipline della moda <\/em>&#8221; sottolinea Giornetti.<\/p>\n\t\t\t\t\t\t\t\t<\/div>\n\t\t\t\t<\/div>\n\t\t\t\t<div class=\"elementor-element elementor-element-11f5813 uael-ins-normal uael-img-carousel-arrow-outside elementor-widget elementor-widget-uael-image-gallery\" data-id=\"11f5813\" data-element_type=\"widget\" data-e-type=\"widget\" data-settings=\"{&quot;slides_to_show&quot;:1,&quot;slides_to_show_tablet&quot;:3,&quot;slides_to_show_mobile&quot;:2,&quot;slides_to_scroll&quot;:1,&quot;slides_to_scroll_tablet&quot;:1,&quot;slides_to_scroll_mobile&quot;:1,&quot;lightbox_margin_bottom&quot;:{&quot;unit&quot;:&quot;px&quot;,&quot;size&quot;:&quot;&quot;,&quot;sizes&quot;:[]},&quot;lightbox_margin_bottom_tablet&quot;:{&quot;unit&quot;:&quot;px&quot;,&quot;size&quot;:&quot;&quot;,&quot;sizes&quot;:[]},&quot;lightbox_margin_bottom_mobile&quot;:{&quot;unit&quot;:&quot;px&quot;,&quot;size&quot;:&quot;&quot;,&quot;sizes&quot;:[]},&quot;column_gap&quot;:{&quot;unit&quot;:&quot;px&quot;,&quot;size&quot;:20,&quot;sizes&quot;:[]},&quot;column_gap_tablet&quot;:{&quot;unit&quot;:&quot;px&quot;,&quot;size&quot;:&quot;&quot;,&quot;sizes&quot;:[]},&quot;column_gap_mobile&quot;:{&quot;unit&quot;:&quot;px&quot;,&quot;size&quot;:&quot;&quot;,&quot;sizes&quot;:[]}}\" data-widget_type=\"uael-image-gallery.default\">\n\t\t\t\t<div class=\"elementor-widget-container\">\n\t\t\t\t\t<div class=\"uael-gallery-parent uael-caption- uael-gallery-unjustified\"><div data-image_carousel=\"{&quot;slidesToShow&quot;:1,&quot;slidesToScroll&quot;:1,&quot;autoplaySpeed&quot;:5000,&quot;autoplay&quot;:false,&quot;infinite&quot;:true,&quot;pauseOnHover&quot;:true,&quot;speed&quot;:500,&quot;arrows&quot;:true,&quot;dots&quot;:true,&quot;rtl&quot;:false,&quot;responsive&quot;:[{&quot;breakpoint&quot;:1024,&quot;settings&quot;:{&quot;slidesToShow&quot;:3,&quot;slidesToScroll&quot;:1}},{&quot;breakpoint&quot;:767,&quot;settings&quot;:{&quot;slidesToShow&quot;:2,&quot;slidesToScroll&quot;:1}}]}\" class=\"uael-img-gallery-wrap uael-img-carousel-wrap uael-nav-both uael-image-lightbox-wrap\" data-filter-default=\"All\" data-lightbox_actions=\"[&quot;slideShow&quot;,&quot;close&quot;]\" data-lightbox-gallery-loop=\"\"><div class=\"uael-grid-item  uael-img-gallery-item-1\"><div class=\"uael-grid-item-content\"><a class=\"uael-grid-img uael-grid-gallery-img uael-ins-hover elementor-clickable\" data-fancybox=\"uael-gallery\" data-caption=\"Polimoda Villa Campus, foto di Agnese Bedini e Melania Della Grave, DSL Studio\" href=\"https:\/\/www.polimoda.com\/wp-content\/uploads\/2024\/10\/polimoda-villa-facade-ph-dsl-studio.jpg\" data-elementor-open-lightbox=\"no\"><div class=\"uael-grid-img-thumbnail uael-ins-target\"><img loading=\"lazy\" decoding=\"async\" width=\"1024\" height=\"683\" src=\"https:\/\/www.polimoda.com\/wp-content\/uploads\/2024\/10\/polimoda-villa-facade-ph-dsl-studio-1024x683.jpg\" class=\"attachment-large size-large wp-image-35667\" alt=\"Polimoda Villa Campus, ph. Agnese Bedini and Melania Della Grave, DSL Studio\" srcset=\"https:\/\/www.polimoda.com\/wp-content\/uploads\/2024\/10\/polimoda-villa-facade-ph-dsl-studio-1024x683.jpg 1024w, https:\/\/www.polimoda.com\/wp-content\/uploads\/2024\/10\/polimoda-villa-facade-ph-dsl-studio-300x200.jpg 300w, https:\/\/www.polimoda.com\/wp-content\/uploads\/2024\/10\/polimoda-villa-facade-ph-dsl-studio-768x512.jpg 768w, https:\/\/www.polimoda.com\/wp-content\/uploads\/2024\/10\/polimoda-villa-facade-ph-dsl-studio-1536x1024.jpg 1536w, https:\/\/www.polimoda.com\/wp-content\/uploads\/2024\/10\/polimoda-villa-facade-ph-dsl-studio-2048x1366.jpg 2048w\" sizes=\"(max-width: 1024px) 100vw, 1024px\" \/><\/div><div class=\"uael-grid-img-overlay\"><\/div><\/a><\/div><\/div><div class=\"uael-grid-item  uael-img-gallery-item-2\"><div class=\"uael-grid-item-content\"><a class=\"uael-grid-img uael-grid-gallery-img uael-ins-hover elementor-clickable\" data-fancybox=\"uael-gallery\" data-caption=\"Polimoda Villa Campus, foto di Agnese Bedini e Melania Della Grave, DSL Studio\" href=\"https:\/\/www.polimoda.com\/wp-content\/uploads\/2024\/10\/polimoda-villa-v2-ph-dsl-studio.jpg\" data-elementor-open-lightbox=\"no\"><div class=\"uael-grid-img-thumbnail uael-ins-target\"><img loading=\"lazy\" decoding=\"async\" width=\"1024\" height=\"682\" src=\"https:\/\/www.polimoda.com\/wp-content\/uploads\/2024\/10\/polimoda-villa-v2-ph-dsl-studio-1024x682.jpg\" class=\"attachment-large size-large wp-image-35673\" alt=\"Polimoda Villa Campus, ph. Agnese Bedini and Melania Della Grave, DSL Studio\" srcset=\"https:\/\/www.polimoda.com\/wp-content\/uploads\/2024\/10\/polimoda-villa-v2-ph-dsl-studio-1024x682.jpg 1024w, https:\/\/www.polimoda.com\/wp-content\/uploads\/2024\/10\/polimoda-villa-v2-ph-dsl-studio-300x200.jpg 300w, https:\/\/www.polimoda.com\/wp-content\/uploads\/2024\/10\/polimoda-villa-v2-ph-dsl-studio-768x512.jpg 768w, https:\/\/www.polimoda.com\/wp-content\/uploads\/2024\/10\/polimoda-villa-v2-ph-dsl-studio-1536x1024.jpg 1536w, https:\/\/www.polimoda.com\/wp-content\/uploads\/2024\/10\/polimoda-villa-v2-ph-dsl-studio-2048x1365.jpg 2048w\" sizes=\"(max-width: 1024px) 100vw, 1024px\" \/><\/div><div class=\"uael-grid-img-overlay\"><\/div><\/a><\/div><\/div><div class=\"uael-grid-item  uael-img-gallery-item-3\"><div class=\"uael-grid-item-content\"><a class=\"uael-grid-img uael-grid-gallery-img uael-ins-hover elementor-clickable\" data-fancybox=\"uael-gallery\" data-caption=\"\" href=\"https:\/\/www.polimoda.com\/wp-content\/uploads\/2024\/10\/polimoda-villa-blu-ph-dsl-studio-scaled.jpg\" data-elementor-open-lightbox=\"no\"><div class=\"uael-grid-img-thumbnail uael-ins-target\"><img loading=\"lazy\" decoding=\"async\" width=\"1024\" height=\"683\" src=\"https:\/\/www.polimoda.com\/wp-content\/uploads\/2024\/10\/polimoda-villa-blu-ph-dsl-studio-1024x683.jpg\" class=\"attachment-large size-large wp-image-35661\" alt=\"Polimoda Villa Campus, ph. Agnese Bedini and Melania Della Grave, DSL Studio\" srcset=\"https:\/\/www.polimoda.com\/wp-content\/uploads\/2024\/10\/polimoda-villa-blu-ph-dsl-studio-1024x683.jpg 1024w, https:\/\/www.polimoda.com\/wp-content\/uploads\/2024\/10\/polimoda-villa-blu-ph-dsl-studio-300x200.jpg 300w, https:\/\/www.polimoda.com\/wp-content\/uploads\/2024\/10\/polimoda-villa-blu-ph-dsl-studio-768x512.jpg 768w, https:\/\/www.polimoda.com\/wp-content\/uploads\/2024\/10\/polimoda-villa-blu-ph-dsl-studio-1536x1024.jpg 1536w, https:\/\/www.polimoda.com\/wp-content\/uploads\/2024\/10\/polimoda-villa-blu-ph-dsl-studio-2048x1365.jpg 2048w\" sizes=\"(max-width: 1024px) 100vw, 1024px\" \/><\/div><div class=\"uael-grid-img-overlay\"><\/div><\/a><\/div><\/div><div class=\"uael-grid-item  uael-img-gallery-item-4\"><div class=\"uael-grid-item-content\"><a class=\"uael-grid-img uael-grid-gallery-img uael-ins-hover elementor-clickable\" data-fancybox=\"uael-gallery\" data-caption=\"\" href=\"https:\/\/www.polimoda.com\/wp-content\/uploads\/2024\/10\/polimoda-villa-exterior-ph-dsl-studio.jpg\" data-elementor-open-lightbox=\"no\"><div class=\"uael-grid-img-thumbnail uael-ins-target\"><img loading=\"lazy\" decoding=\"async\" width=\"1024\" height=\"683\" src=\"https:\/\/www.polimoda.com\/wp-content\/uploads\/2024\/10\/polimoda-villa-exterior-ph-dsl-studio-1024x683.jpg\" class=\"attachment-large size-large wp-image-35663\" alt=\"Polimoda Villa Campus, ph. Agnese Bedini and Melania Della Grave, DSL Studio\" srcset=\"https:\/\/www.polimoda.com\/wp-content\/uploads\/2024\/10\/polimoda-villa-exterior-ph-dsl-studio-1024x683.jpg 1024w, https:\/\/www.polimoda.com\/wp-content\/uploads\/2024\/10\/polimoda-villa-exterior-ph-dsl-studio-300x200.jpg 300w, https:\/\/www.polimoda.com\/wp-content\/uploads\/2024\/10\/polimoda-villa-exterior-ph-dsl-studio-768x512.jpg 768w, https:\/\/www.polimoda.com\/wp-content\/uploads\/2024\/10\/polimoda-villa-exterior-ph-dsl-studio-1536x1024.jpg 1536w, https:\/\/www.polimoda.com\/wp-content\/uploads\/2024\/10\/polimoda-villa-exterior-ph-dsl-studio-2048x1365.jpg 2048w\" sizes=\"(max-width: 1024px) 100vw, 1024px\" \/><\/div><div class=\"uael-grid-img-overlay\"><\/div><\/a><\/div><\/div><div class=\"uael-grid-item  uael-img-gallery-item-5\"><div class=\"uael-grid-item-content\"><a class=\"uael-grid-img uael-grid-gallery-img uael-ins-hover elementor-clickable\" data-fancybox=\"uael-gallery\" data-caption=\"\" href=\"https:\/\/www.polimoda.com\/wp-content\/uploads\/2024\/10\/polimoda-villa-foyer-ph-dsl-studio.jpg\" data-elementor-open-lightbox=\"no\"><div class=\"uael-grid-img-thumbnail uael-ins-target\"><img loading=\"lazy\" decoding=\"async\" width=\"683\" height=\"1024\" src=\"https:\/\/www.polimoda.com\/wp-content\/uploads\/2024\/10\/polimoda-villa-foyer-ph-dsl-studio-683x1024.jpg\" class=\"attachment-large size-large wp-image-35669\" alt=\"Polimoda Villa Campus, ph. Agnese Bedini and Melania Della Grave, DSL Studio\" srcset=\"https:\/\/www.polimoda.com\/wp-content\/uploads\/2024\/10\/polimoda-villa-foyer-ph-dsl-studio-683x1024.jpg 683w, https:\/\/www.polimoda.com\/wp-content\/uploads\/2024\/10\/polimoda-villa-foyer-ph-dsl-studio-200x300.jpg 200w, https:\/\/www.polimoda.com\/wp-content\/uploads\/2024\/10\/polimoda-villa-foyer-ph-dsl-studio-768x1152.jpg 768w, https:\/\/www.polimoda.com\/wp-content\/uploads\/2024\/10\/polimoda-villa-foyer-ph-dsl-studio-1024x1536.jpg 1024w, https:\/\/www.polimoda.com\/wp-content\/uploads\/2024\/10\/polimoda-villa-foyer-ph-dsl-studio-1365x2048.jpg 1365w, https:\/\/www.polimoda.com\/wp-content\/uploads\/2024\/10\/polimoda-villa-foyer-ph-dsl-studio.jpg 1486w\" sizes=\"(max-width: 683px) 100vw, 683px\" \/><\/div><div class=\"uael-grid-img-overlay\"><\/div><\/a><\/div><\/div><div class=\"uael-grid-item  uael-img-gallery-item-6\"><div class=\"uael-grid-item-content\"><a class=\"uael-grid-img uael-grid-gallery-img uael-ins-hover elementor-clickable\" data-fancybox=\"uael-gallery\" data-caption=\"\" href=\"https:\/\/www.polimoda.com\/wp-content\/uploads\/2024\/10\/polimoda-villa-F1-ph-dsl-studio-scaled.jpg\" data-elementor-open-lightbox=\"no\"><div class=\"uael-grid-img-thumbnail uael-ins-target\"><img loading=\"lazy\" decoding=\"async\" width=\"768\" height=\"1024\" src=\"https:\/\/www.polimoda.com\/wp-content\/uploads\/2024\/10\/polimoda-villa-F1-ph-dsl-studio-768x1024.jpg\" class=\"attachment-large size-large wp-image-35665\" alt=\"Polimoda Villa Campus, ph. Agnese Bedini and Melania Della Grave, DSL Studio\" srcset=\"https:\/\/www.polimoda.com\/wp-content\/uploads\/2024\/10\/polimoda-villa-F1-ph-dsl-studio-768x1024.jpg 768w, https:\/\/www.polimoda.com\/wp-content\/uploads\/2024\/10\/polimoda-villa-F1-ph-dsl-studio-225x300.jpg 225w, https:\/\/www.polimoda.com\/wp-content\/uploads\/2024\/10\/polimoda-villa-F1-ph-dsl-studio-1152x1536.jpg 1152w, https:\/\/www.polimoda.com\/wp-content\/uploads\/2024\/10\/polimoda-villa-F1-ph-dsl-studio-1536x2048.jpg 1536w, https:\/\/www.polimoda.com\/wp-content\/uploads\/2024\/10\/polimoda-villa-F1-ph-dsl-studio-scaled.jpg 1920w\" sizes=\"(max-width: 768px) 100vw, 768px\" \/><\/div><div class=\"uael-grid-img-overlay\"><\/div><\/a><\/div><\/div><\/div><\/div>\t\t\t\t<\/div>\n\t\t\t\t<\/div>\n\t\t\t\t<div class=\"elementor-element elementor-element-55cfbe3 elementor-widget elementor-widget-heading\" data-id=\"55cfbe3\" data-element_type=\"widget\" data-e-type=\"widget\" data-widget_type=\"heading.default\">\n\t\t\t\t<div class=\"elementor-widget-container\">\n\t\t\t\t\t<h2 class=\"elementor-heading-title elementor-size-default\">VAN BEIRENDONCK, PILOTTO E LE ALTRE NOVIT\u00c0<\/h2>\t\t\t\t<\/div>\n\t\t\t\t<\/div>\n\t\t\t\t<div class=\"elementor-element elementor-element-642037f elementor-widget elementor-widget-text-editor\" data-id=\"642037f\" data-element_type=\"widget\" data-e-type=\"widget\" data-widget_type=\"text-editor.default\">\n\t\t\t\t<div class=\"elementor-widget-container\">\n\t\t\t\t\t\t\t\t\t<p>L\u2019ecosistema formativo di Polimoda mette al centro la <strong>stretta sinergia con l&#8217;industria<\/strong>, creando un ponte tra mondo accademico e professionale che prepara gli studenti ad affrontare le sfide reali del settore. Ferragamo, Gucci, Tod\u2019s, Etro, Vogue Italia, sono solo alcuni dei partner dei percorsi didattici, mentre la facolt\u00e0 vanta nomi del calibro di Matteo Ward, Bruce Pask, Marco de Vincenzo e molti altri tra i mentori degli studenti. <\/p>\n<p>Molte le novit\u00e0 in programma con l\u2019apertura del nuovo campus: &#8220;<em>Per l\u2019Anno Accademico 2024\/2025, Polimoda si prepara a introdurre molte novit\u00e0 entusiasmanti. Diamo il benvenuto a <strong>Walter Van Beirendonck<\/strong> come mentore per il Master in Fashion Design, e a Peter Pilotto che insegner\u00e0 nel nostro rinomato Undergraduate in Fashion Design. Stiamo anche sviluppando nuovi percorsi formativi, tra cui corsi in Costume Design, Fashion Filming and Photography, Men\u2019s Tailoring Techniques, Fashion Law e Fashion Archive. Questi programmi non solo riflettono il nostro impegno per l&#8217;innovazione, ma anche la nostra dedizione a formare i leader del futuro nel settore moda&#8221; annuncia Giornetti.   <\/em>&#8221; annuncia Giornetti.<\/p>\n\t\t\t\t\t\t\t\t<\/div>\n\t\t\t\t<\/div>\n\t\t\t\t<div class=\"elementor-element elementor-element-6f47f3c elementor-widget elementor-widget-heading\" data-id=\"6f47f3c\" data-element_type=\"widget\" data-e-type=\"widget\" data-widget_type=\"heading.default\">\n\t\t\t\t<div class=\"elementor-widget-container\">\n\t\t\t\t\t<h2 class=\"elementor-heading-title elementor-size-default\">RESTYLING STORICO, RIGENERAZIONE URBANA<\/h2>\t\t\t\t<\/div>\n\t\t\t\t<\/div>\n\t\t\t\t<div class=\"elementor-element elementor-element-fdc6b50 elementor-widget elementor-widget-text-editor\" data-id=\"fdc6b50\" data-element_type=\"widget\" data-e-type=\"widget\" data-widget_type=\"text-editor.default\">\n\t\t\t\t<div class=\"elementor-widget-container\">\n\t\t\t\t\t\t\t\t\t<p>Il progetto di ristrutturazione del nuovo campus, frutto di un attento restauro conservativo e di una riorganizzazione meticolosa degli spazi, rappresenta una perfetta fusione tra heritage e innovazione. Questo intervento non solo rispetta l\u2019anima storica della Manifattura Tabacchi, ma la trasforma in un polo formativo all&#8217;avanguardia. <\/p>\n<p>Il restyling della storica fabbrica di sigari del 1924, costruita dagli ingegneri <b>Nebbiosi<\/b> e <b>Nervi<\/b>, \u00e8 stato curato da <b>Concrete Architectural Associates<\/b> in collaborazione con <b>Q-bic<\/b>, nell\u2019ambito del pi\u00f9 ampio progetto di rigenerazione urbana del complesso di Manifattura Tabacchi. Questo intervento non riguarda solo Polimoda, ma fa parte di un\u2019iniziativa di trasformazione che coinvolge l&#8217;intero sito, un nuovo quartiere di Firenze, con l\u2019obiettivo di restituirlo alla citt\u00e0 come un polo culturale e creativo. <\/p>\n<p>Il progetto di Polimoda, che comprende <b>gli edifici B4 e B6 del complesso<\/b>, ha saputo preservare e valorizzare l\u2019architettura originale dell\u2019edificio, mantenendo viva l&#8217;estetica industriale e l&#8217;anima storica della Manifattura. Le <b>ampie altezze<\/b> e la generosa<b> luce naturale<\/b> che caratterizzano la struttura conferiscono agli spazi una luminosit\u00e0 e un\u2019ariosit\u00e0 che li rendono funzionali e accoglienti. <\/p>\n\t\t\t\t\t\t\t\t<\/div>\n\t\t\t\t<\/div>\n\t\t\t\t<div class=\"elementor-element elementor-element-8bb018d uael-ins-normal elementor-widget elementor-widget-uael-image-gallery\" data-id=\"8bb018d\" data-element_type=\"widget\" data-e-type=\"widget\" data-settings=\"{&quot;lightbox_margin_bottom&quot;:{&quot;unit&quot;:&quot;px&quot;,&quot;size&quot;:&quot;&quot;,&quot;sizes&quot;:[]},&quot;lightbox_margin_bottom_tablet&quot;:{&quot;unit&quot;:&quot;px&quot;,&quot;size&quot;:&quot;&quot;,&quot;sizes&quot;:[]},&quot;lightbox_margin_bottom_mobile&quot;:{&quot;unit&quot;:&quot;px&quot;,&quot;size&quot;:&quot;&quot;,&quot;sizes&quot;:[]},&quot;justified_margin&quot;:{&quot;unit&quot;:&quot;px&quot;,&quot;size&quot;:3,&quot;sizes&quot;:[]},&quot;justified_margin_tablet&quot;:{&quot;unit&quot;:&quot;px&quot;,&quot;size&quot;:&quot;&quot;,&quot;sizes&quot;:[]},&quot;justified_margin_mobile&quot;:{&quot;unit&quot;:&quot;px&quot;,&quot;size&quot;:&quot;&quot;,&quot;sizes&quot;:[]}}\" data-widget_type=\"uael-image-gallery.default\">\n\t\t\t\t<div class=\"elementor-widget-container\">\n\t\t\t\t\t<div class=\"uael-gallery-parent uael-caption- \"><div class=\"uael-img-gallery-wrap uael-img-justified-wrap uael-img-grid-masonry-wrap uael-image-lightbox-wrap\" data-filter-default=\"All\" data-rowheight=\"337\" data-lastrow=\"justify\" data-lightbox_actions=\"[&quot;slideShow&quot;,&quot;close&quot;]\" data-lightbox-gallery-loop=\"\"><div class=\"uael-grid-item \"><div class=\"uael-grid-item-content\"><a class=\"uael-grid-img uael-grid-gallery-img uael-ins-hover elementor-clickable\" data-fancybox=\"uael-gallery\" data-caption=\"\" href=\"https:\/\/www.polimoda.com\/wp-content\/uploads\/2024\/10\/polimoda-manifattura-b6-M17a_ph-dsl-studio.jpg\" data-elementor-open-lightbox=\"no\"><div class=\"uael-grid-img-thumbnail uael-ins-target\"><img loading=\"lazy\" decoding=\"async\" width=\"1024\" height=\"683\" src=\"https:\/\/www.polimoda.com\/wp-content\/uploads\/2024\/10\/polimoda-manifattura-b6-M17a_ph-dsl-studio-1024x683.jpg\" class=\"attachment-large size-large wp-image-35655\" alt=\"Polimoda Manifattura Campus, ph. Agnese Bedini and Melania Della Grave, DSL Studio\" srcset=\"https:\/\/www.polimoda.com\/wp-content\/uploads\/2024\/10\/polimoda-manifattura-b6-M17a_ph-dsl-studio-1024x683.jpg 1024w, https:\/\/www.polimoda.com\/wp-content\/uploads\/2024\/10\/polimoda-manifattura-b6-M17a_ph-dsl-studio-300x200.jpg 300w, https:\/\/www.polimoda.com\/wp-content\/uploads\/2024\/10\/polimoda-manifattura-b6-M17a_ph-dsl-studio-768x512.jpg 768w, https:\/\/www.polimoda.com\/wp-content\/uploads\/2024\/10\/polimoda-manifattura-b6-M17a_ph-dsl-studio-1536x1024.jpg 1536w, https:\/\/www.polimoda.com\/wp-content\/uploads\/2024\/10\/polimoda-manifattura-b6-M17a_ph-dsl-studio-2048x1365.jpg 2048w\" sizes=\"(max-width: 1024px) 100vw, 1024px\" \/><\/div><div class=\"uael-grid-img-overlay\"><\/div><\/a><\/div><\/div><div class=\"uael-grid-item \"><div class=\"uael-grid-item-content\"><a class=\"uael-grid-img uael-grid-gallery-img uael-ins-hover elementor-clickable\" data-fancybox=\"uael-gallery\" data-caption=\"\" href=\"https:\/\/www.polimoda.com\/wp-content\/uploads\/2024\/10\/polimoda-manifattura-detail_ph-dsl-studio-scaled.jpg\" data-elementor-open-lightbox=\"no\"><div class=\"uael-grid-img-thumbnail uael-ins-target\"><img loading=\"lazy\" decoding=\"async\" width=\"683\" height=\"1024\" src=\"https:\/\/www.polimoda.com\/wp-content\/uploads\/2024\/10\/polimoda-manifattura-detail_ph-dsl-studio-683x1024.jpg\" class=\"attachment-large size-large wp-image-35657\" alt=\"Polimoda Manifattura Campus, ph. Agnese Bedini and Melania Della Grave, DSL Studio\" srcset=\"https:\/\/www.polimoda.com\/wp-content\/uploads\/2024\/10\/polimoda-manifattura-detail_ph-dsl-studio-683x1024.jpg 683w, https:\/\/www.polimoda.com\/wp-content\/uploads\/2024\/10\/polimoda-manifattura-detail_ph-dsl-studio-200x300.jpg 200w, https:\/\/www.polimoda.com\/wp-content\/uploads\/2024\/10\/polimoda-manifattura-detail_ph-dsl-studio-768x1152.jpg 768w, https:\/\/www.polimoda.com\/wp-content\/uploads\/2024\/10\/polimoda-manifattura-detail_ph-dsl-studio-1024x1536.jpg 1024w, https:\/\/www.polimoda.com\/wp-content\/uploads\/2024\/10\/polimoda-manifattura-detail_ph-dsl-studio-1365x2048.jpg 1365w, https:\/\/www.polimoda.com\/wp-content\/uploads\/2024\/10\/polimoda-manifattura-detail_ph-dsl-studio-scaled.jpg 1706w\" sizes=\"(max-width: 683px) 100vw, 683px\" \/><\/div><div class=\"uael-grid-img-overlay\"><\/div><\/a><\/div><\/div><div class=\"uael-grid-item \"><div class=\"uael-grid-item-content\"><a class=\"uael-grid-img uael-grid-gallery-img uael-ins-hover elementor-clickable\" data-fancybox=\"uael-gallery\" data-caption=\"\" href=\"https:\/\/www.polimoda.com\/wp-content\/uploads\/2024\/10\/Agnese-Bedini-e-Melania-Dalle-Grave-DSL-Studio_IMG_9795-Modifica-1-scaled.jpg\" data-elementor-open-lightbox=\"no\"><div class=\"uael-grid-img-thumbnail uael-ins-target\"><img loading=\"lazy\" decoding=\"async\" width=\"683\" height=\"1024\" src=\"https:\/\/www.polimoda.com\/wp-content\/uploads\/2024\/10\/Agnese-Bedini-e-Melania-Dalle-Grave-DSL-Studio_IMG_9795-Modifica-1-683x1024.jpg\" class=\"attachment-large size-large wp-image-35715\" alt=\"Polimoda Manifattura Campus, ph. Agnese Bedini and Melania Della Grave, DSL Studio\" srcset=\"https:\/\/www.polimoda.com\/wp-content\/uploads\/2024\/10\/Agnese-Bedini-e-Melania-Dalle-Grave-DSL-Studio_IMG_9795-Modifica-1-683x1024.jpg 683w, https:\/\/www.polimoda.com\/wp-content\/uploads\/2024\/10\/Agnese-Bedini-e-Melania-Dalle-Grave-DSL-Studio_IMG_9795-Modifica-1-200x300.jpg 200w, https:\/\/www.polimoda.com\/wp-content\/uploads\/2024\/10\/Agnese-Bedini-e-Melania-Dalle-Grave-DSL-Studio_IMG_9795-Modifica-1-768x1152.jpg 768w, https:\/\/www.polimoda.com\/wp-content\/uploads\/2024\/10\/Agnese-Bedini-e-Melania-Dalle-Grave-DSL-Studio_IMG_9795-Modifica-1-1024x1536.jpg 1024w, https:\/\/www.polimoda.com\/wp-content\/uploads\/2024\/10\/Agnese-Bedini-e-Melania-Dalle-Grave-DSL-Studio_IMG_9795-Modifica-1-1365x2048.jpg 1365w, https:\/\/www.polimoda.com\/wp-content\/uploads\/2024\/10\/Agnese-Bedini-e-Melania-Dalle-Grave-DSL-Studio_IMG_9795-Modifica-1-scaled.jpg 1707w\" sizes=\"(max-width: 683px) 100vw, 683px\" \/><\/div><div class=\"uael-grid-img-overlay\"><\/div><\/a><\/div><\/div><div class=\"uael-grid-item \"><div class=\"uael-grid-item-content\"><a class=\"uael-grid-img uael-grid-gallery-img uael-ins-hover elementor-clickable\" data-fancybox=\"uael-gallery\" data-caption=\"\" href=\"https:\/\/www.polimoda.com\/wp-content\/uploads\/2024\/10\/polimoda-manifattura-b4-terrace_ph-dsl-studio.jpg\" data-elementor-open-lightbox=\"no\"><div class=\"uael-grid-img-thumbnail uael-ins-target\"><img loading=\"lazy\" decoding=\"async\" width=\"1024\" height=\"683\" src=\"https:\/\/www.polimoda.com\/wp-content\/uploads\/2024\/10\/polimoda-manifattura-b4-terrace_ph-dsl-studio-1024x683.jpg\" class=\"attachment-large size-large wp-image-35641\" alt=\"Polimoda Manifattura Campus, ph. Agnese Bedini and Melania Della Grave, DSL Studio\" srcset=\"https:\/\/www.polimoda.com\/wp-content\/uploads\/2024\/10\/polimoda-manifattura-b4-terrace_ph-dsl-studio-1024x683.jpg 1024w, https:\/\/www.polimoda.com\/wp-content\/uploads\/2024\/10\/polimoda-manifattura-b4-terrace_ph-dsl-studio-300x200.jpg 300w, https:\/\/www.polimoda.com\/wp-content\/uploads\/2024\/10\/polimoda-manifattura-b4-terrace_ph-dsl-studio-768x512.jpg 768w, https:\/\/www.polimoda.com\/wp-content\/uploads\/2024\/10\/polimoda-manifattura-b4-terrace_ph-dsl-studio-1536x1024.jpg 1536w, https:\/\/www.polimoda.com\/wp-content\/uploads\/2024\/10\/polimoda-manifattura-b4-terrace_ph-dsl-studio-2048x1366.jpg 2048w\" sizes=\"(max-width: 1024px) 100vw, 1024px\" \/><\/div><div class=\"uael-grid-img-overlay\"><\/div><\/a><\/div><\/div><\/div><\/div>\t\t\t\t<\/div>\n\t\t\t\t<\/div>\n\t\t\t\t<div class=\"elementor-element elementor-element-cc0ca7c elementor-widget elementor-widget-heading\" data-id=\"cc0ca7c\" data-element_type=\"widget\" data-e-type=\"widget\" data-widget_type=\"heading.default\">\n\t\t\t\t<div class=\"elementor-widget-container\">\n\t\t\t\t\t<h2 class=\"elementor-heading-title elementor-size-default\">RICK OWENS PER AN\/ARCHIVE<\/h2>\t\t\t\t<\/div>\n\t\t\t\t<\/div>\n\t\t\t\t<div class=\"elementor-element elementor-element-4d27a1f elementor-widget elementor-widget-text-editor\" data-id=\"4d27a1f\" data-element_type=\"widget\" data-e-type=\"widget\" data-widget_type=\"text-editor.default\">\n\t\t\t\t<div class=\"elementor-widget-container\">\n\t\t\t\t\t\t\t\t\t<p>Un pilastro del nuovo campus \u00e8 <b>AN\/ARCHIVE<\/b>, in via di sviluppo, hub creativo per la ricerca sulla moda che trover\u00e0 sede all\u2019ultimo piano dell\u2019edificio B4. Non un museo, ma un fashion archive di nuova concezione: un luogo vivo, dinamico e accessibile, sede di ricerca ma anche teatro di incontri e appuntamenti, che parte dalla curatela dei capi iconici dei grandi designer.  <\/p>\n<p>In occasione dell&#8217;apertura del nuovo campus, Massimiliano Giornetti annuncia <b>l\u2019acquisto dei primi pezzi dell\u2019archivio AN\/ARCHIVE<\/b>: due opere di <b>Rick Owens<\/b>, selezionate in collaborazione con il team del marchio per rappresentare l<b>&#8216;evoluzione estetica<\/b> del brand in un dialogo tra passato e futuro.<\/p>\n<p>L&#8217;idea di <b>trasformazione <\/b>\u00e8 intrinseca ai valori che Rick Owens desidera esprimere attraverso le sue <b>complesse costruzioni modellistiche<\/b>. Il suo <b>stile distintivo<\/b>, influenzato dalla scuola giapponese di Issey Miyake, Yohji Yamamoto e Rei Kawakubo, si concentra su <b>forme organiche e scultoree<\/b>, che si ibridano con un lavoro di manipolazione delle forme anatomiche. Questa <b>visione antropomorfica<\/b> della moda fonde l&#8217;idea ancestrale del vestire con la pura sperimentazione.  <\/p>\n<p>Dal punto di vista tecnico, i capi rappresentano la perfetta sintesi dell\u2019<b>ultra-architettura corporea<\/b> che Rick Owens ha definito dal 2002. I <b>colori neutri<\/b> richiamano gli edifici brutalisti degli anni &#8217;50, caratterizzati dall&#8217;uso del cemento. Le <b>costruzioni a spirale<\/b> del piumino e l&#8217;esasperazione nella costruzione sartoriale delle spalle della cappa in feltro esaltano la <b>visione post-apocalittica <\/b>del designer.  <\/p>\n<p>&#8220;<i>AN\/ARCHIVE&#8221; \u00e8 un non-spazio, concepito per lo studio e la ricerca nel campo della moda. <b>Questi capi rappresentano il primo acquisto simbolico<\/b> di Polimoda. \u00c8 l&#8217;idea di <b>non-archiviazione<\/b> che rende il progetto cos\u00ec contemporaneo e unico. Queste due silhouette saranno materia di studio in classe grazie alla straordinaria presenza di <b>Ahmad Daher<\/b>, che ha contribuito alla realizzazione dei capi in qualit\u00e0 di Head of Women\u2019s Patternmaking di Owens, e <b>Aurora Fiorentini<\/b>, storica del costume e della moda  <\/i>\u201d dichiara Massimiliano Giornetti.<\/p>\n\t\t\t\t\t\t\t\t<\/div>\n\t\t\t\t<\/div>\n\t\t\t\t<div class=\"elementor-element elementor-element-2a5981b uael-ins-normal uael-img-carousel-arrow-outside elementor-widget elementor-widget-uael-image-gallery\" data-id=\"2a5981b\" data-element_type=\"widget\" data-e-type=\"widget\" data-settings=\"{&quot;slides_to_show&quot;:1,&quot;slides_to_show_tablet&quot;:3,&quot;slides_to_show_mobile&quot;:2,&quot;slides_to_scroll&quot;:1,&quot;slides_to_scroll_tablet&quot;:1,&quot;slides_to_scroll_mobile&quot;:1,&quot;lightbox_margin_bottom&quot;:{&quot;unit&quot;:&quot;px&quot;,&quot;size&quot;:&quot;&quot;,&quot;sizes&quot;:[]},&quot;lightbox_margin_bottom_tablet&quot;:{&quot;unit&quot;:&quot;px&quot;,&quot;size&quot;:&quot;&quot;,&quot;sizes&quot;:[]},&quot;lightbox_margin_bottom_mobile&quot;:{&quot;unit&quot;:&quot;px&quot;,&quot;size&quot;:&quot;&quot;,&quot;sizes&quot;:[]},&quot;column_gap&quot;:{&quot;unit&quot;:&quot;px&quot;,&quot;size&quot;:20,&quot;sizes&quot;:[]},&quot;column_gap_tablet&quot;:{&quot;unit&quot;:&quot;px&quot;,&quot;size&quot;:&quot;&quot;,&quot;sizes&quot;:[]},&quot;column_gap_mobile&quot;:{&quot;unit&quot;:&quot;px&quot;,&quot;size&quot;:&quot;&quot;,&quot;sizes&quot;:[]}}\" data-widget_type=\"uael-image-gallery.default\">\n\t\t\t\t<div class=\"elementor-widget-container\">\n\t\t\t\t\t<div class=\"uael-gallery-parent uael-caption- uael-gallery-unjustified\"><div data-image_carousel=\"{&quot;slidesToShow&quot;:1,&quot;slidesToScroll&quot;:1,&quot;autoplaySpeed&quot;:5000,&quot;autoplay&quot;:false,&quot;infinite&quot;:true,&quot;pauseOnHover&quot;:true,&quot;speed&quot;:500,&quot;arrows&quot;:true,&quot;dots&quot;:true,&quot;rtl&quot;:false,&quot;responsive&quot;:[{&quot;breakpoint&quot;:1024,&quot;settings&quot;:{&quot;slidesToShow&quot;:3,&quot;slidesToScroll&quot;:1}},{&quot;breakpoint&quot;:767,&quot;settings&quot;:{&quot;slidesToShow&quot;:2,&quot;slidesToScroll&quot;:1}}]}\" class=\"uael-img-gallery-wrap uael-img-carousel-wrap uael-nav-both uael-image-lightbox-wrap\" data-filter-default=\"All\" data-lightbox_actions=\"[&quot;slideShow&quot;,&quot;close&quot;]\" data-lightbox-gallery-loop=\"\"><div class=\"uael-grid-item  uael-img-gallery-item-1\"><div class=\"uael-grid-item-content\"><a class=\"uael-grid-img uael-grid-gallery-img uael-ins-hover elementor-clickable\" data-fancybox=\"uael-gallery\" data-caption=\"\" href=\"https:\/\/www.polimoda.com\/wp-content\/uploads\/2024\/10\/01-anarchive-rick_owens_ph-riccardo-bartalucci.jpg-scaled.jpg\" data-elementor-open-lightbox=\"no\"><div class=\"uael-grid-img-thumbnail uael-ins-target\"><img loading=\"lazy\" decoding=\"async\" width=\"1707\" height=\"2560\" src=\"https:\/\/www.polimoda.com\/wp-content\/uploads\/2024\/10\/01-anarchive-rick_owens_ph-riccardo-bartalucci.jpg-scaled.jpg\" class=\"attachment-full size-full wp-image-36033\" alt=\"AN\/ARCHIVE - Rick Owens, ph. Riccardo Bartalucci\" srcset=\"https:\/\/www.polimoda.com\/wp-content\/uploads\/2024\/10\/01-anarchive-rick_owens_ph-riccardo-bartalucci.jpg-scaled.jpg 1707w, https:\/\/www.polimoda.com\/wp-content\/uploads\/2024\/10\/01-anarchive-rick_owens_ph-riccardo-bartalucci.jpg-200x300.jpg 200w, https:\/\/www.polimoda.com\/wp-content\/uploads\/2024\/10\/01-anarchive-rick_owens_ph-riccardo-bartalucci.jpg-683x1024.jpg 683w, https:\/\/www.polimoda.com\/wp-content\/uploads\/2024\/10\/01-anarchive-rick_owens_ph-riccardo-bartalucci.jpg-768x1152.jpg 768w, https:\/\/www.polimoda.com\/wp-content\/uploads\/2024\/10\/01-anarchive-rick_owens_ph-riccardo-bartalucci.jpg-1024x1536.jpg 1024w, https:\/\/www.polimoda.com\/wp-content\/uploads\/2024\/10\/01-anarchive-rick_owens_ph-riccardo-bartalucci.jpg-1365x2048.jpg 1365w\" sizes=\"(max-width: 1707px) 100vw, 1707px\" \/><\/div><div class=\"uael-grid-img-overlay\"><\/div><\/a><\/div><\/div><div class=\"uael-grid-item  uael-img-gallery-item-2\"><div class=\"uael-grid-item-content\"><a class=\"uael-grid-img uael-grid-gallery-img uael-ins-hover elementor-clickable\" data-fancybox=\"uael-gallery\" data-caption=\"\" href=\"https:\/\/www.polimoda.com\/wp-content\/uploads\/2024\/10\/02-anarchive-rick_owens_ph-riccardo-bartalucci.jpg-scaled.jpg\" data-elementor-open-lightbox=\"no\"><div class=\"uael-grid-img-thumbnail uael-ins-target\"><img loading=\"lazy\" decoding=\"async\" width=\"1707\" height=\"2560\" src=\"https:\/\/www.polimoda.com\/wp-content\/uploads\/2024\/10\/02-anarchive-rick_owens_ph-riccardo-bartalucci.jpg-scaled.jpg\" class=\"attachment-full size-full wp-image-36035\" alt=\"AN\/ARCHIVE - Rick Owens, ph. Riccardo Bartalucci\" srcset=\"https:\/\/www.polimoda.com\/wp-content\/uploads\/2024\/10\/02-anarchive-rick_owens_ph-riccardo-bartalucci.jpg-scaled.jpg 1707w, https:\/\/www.polimoda.com\/wp-content\/uploads\/2024\/10\/02-anarchive-rick_owens_ph-riccardo-bartalucci.jpg-200x300.jpg 200w, https:\/\/www.polimoda.com\/wp-content\/uploads\/2024\/10\/02-anarchive-rick_owens_ph-riccardo-bartalucci.jpg-683x1024.jpg 683w, https:\/\/www.polimoda.com\/wp-content\/uploads\/2024\/10\/02-anarchive-rick_owens_ph-riccardo-bartalucci.jpg-768x1152.jpg 768w, https:\/\/www.polimoda.com\/wp-content\/uploads\/2024\/10\/02-anarchive-rick_owens_ph-riccardo-bartalucci.jpg-1024x1536.jpg 1024w, https:\/\/www.polimoda.com\/wp-content\/uploads\/2024\/10\/02-anarchive-rick_owens_ph-riccardo-bartalucci.jpg-1365x2048.jpg 1365w\" sizes=\"(max-width: 1707px) 100vw, 1707px\" \/><\/div><div class=\"uael-grid-img-overlay\"><\/div><\/a><\/div><\/div><div class=\"uael-grid-item  uael-img-gallery-item-3\"><div class=\"uael-grid-item-content\"><a class=\"uael-grid-img uael-grid-gallery-img uael-ins-hover elementor-clickable\" data-fancybox=\"uael-gallery\" data-caption=\"\" href=\"https:\/\/www.polimoda.com\/wp-content\/uploads\/2024\/10\/04-anarchive-rick-owens_ph-riccardo-bartalucci-scaled.jpg\" data-elementor-open-lightbox=\"no\"><div class=\"uael-grid-img-thumbnail uael-ins-target\"><img loading=\"lazy\" decoding=\"async\" width=\"1707\" height=\"2560\" src=\"https:\/\/www.polimoda.com\/wp-content\/uploads\/2024\/10\/04-anarchive-rick-owens_ph-riccardo-bartalucci-scaled.jpg\" class=\"attachment-full size-full wp-image-36039\" alt=\"AN\/ARCHIVE - Rick Owens, ph. Riccardo Bartalucci\" srcset=\"https:\/\/www.polimoda.com\/wp-content\/uploads\/2024\/10\/04-anarchive-rick-owens_ph-riccardo-bartalucci-scaled.jpg 1707w, https:\/\/www.polimoda.com\/wp-content\/uploads\/2024\/10\/04-anarchive-rick-owens_ph-riccardo-bartalucci-200x300.jpg 200w, https:\/\/www.polimoda.com\/wp-content\/uploads\/2024\/10\/04-anarchive-rick-owens_ph-riccardo-bartalucci-683x1024.jpg 683w, https:\/\/www.polimoda.com\/wp-content\/uploads\/2024\/10\/04-anarchive-rick-owens_ph-riccardo-bartalucci-768x1152.jpg 768w, https:\/\/www.polimoda.com\/wp-content\/uploads\/2024\/10\/04-anarchive-rick-owens_ph-riccardo-bartalucci-1024x1536.jpg 1024w, https:\/\/www.polimoda.com\/wp-content\/uploads\/2024\/10\/04-anarchive-rick-owens_ph-riccardo-bartalucci-1365x2048.jpg 1365w\" sizes=\"(max-width: 1707px) 100vw, 1707px\" \/><\/div><div class=\"uael-grid-img-overlay\"><\/div><\/a><\/div><\/div><div class=\"uael-grid-item  uael-img-gallery-item-4\"><div class=\"uael-grid-item-content\"><a class=\"uael-grid-img uael-grid-gallery-img uael-ins-hover elementor-clickable\" data-fancybox=\"uael-gallery\" data-caption=\"AN\/ARCHIVE - Rick Owens, ph. Riccardo Bartalucci\" href=\"https:\/\/www.polimoda.com\/wp-content\/uploads\/2024\/10\/05-anarchive-rick-owens_ph-riccardo-bartalucci-scaled.jpg\" data-elementor-open-lightbox=\"no\"><div class=\"uael-grid-img-thumbnail uael-ins-target\"><img loading=\"lazy\" decoding=\"async\" width=\"1707\" height=\"2560\" src=\"https:\/\/www.polimoda.com\/wp-content\/uploads\/2024\/10\/05-anarchive-rick-owens_ph-riccardo-bartalucci-scaled.jpg\" class=\"attachment-full size-full wp-image-36041\" alt=\"\" srcset=\"https:\/\/www.polimoda.com\/wp-content\/uploads\/2024\/10\/05-anarchive-rick-owens_ph-riccardo-bartalucci-scaled.jpg 1707w, https:\/\/www.polimoda.com\/wp-content\/uploads\/2024\/10\/05-anarchive-rick-owens_ph-riccardo-bartalucci-200x300.jpg 200w, https:\/\/www.polimoda.com\/wp-content\/uploads\/2024\/10\/05-anarchive-rick-owens_ph-riccardo-bartalucci-683x1024.jpg 683w, https:\/\/www.polimoda.com\/wp-content\/uploads\/2024\/10\/05-anarchive-rick-owens_ph-riccardo-bartalucci-768x1152.jpg 768w, https:\/\/www.polimoda.com\/wp-content\/uploads\/2024\/10\/05-anarchive-rick-owens_ph-riccardo-bartalucci-1024x1536.jpg 1024w, https:\/\/www.polimoda.com\/wp-content\/uploads\/2024\/10\/05-anarchive-rick-owens_ph-riccardo-bartalucci-1365x2048.jpg 1365w\" sizes=\"(max-width: 1707px) 100vw, 1707px\" \/><\/div><div class=\"uael-grid-img-overlay\"><\/div><\/a><\/div><\/div><\/div><\/div>\t\t\t\t<\/div>\n\t\t\t\t<\/div>\n\t\t\t\t<div class=\"elementor-element elementor-element-674096b elementor-widget elementor-widget-heading\" data-id=\"674096b\" data-element_type=\"widget\" data-e-type=\"widget\" data-widget_type=\"heading.default\">\n\t\t\t\t<div class=\"elementor-widget-container\">\n\t\t\t\t\t<h2 class=\"elementor-heading-title elementor-size-default\">LA BIBLIOTECA DELLA MODA<\/h2>\t\t\t\t<\/div>\n\t\t\t\t<\/div>\n\t\t\t\t<div class=\"elementor-element elementor-element-eb38037 elementor-widget elementor-widget-text-editor\" data-id=\"eb38037\" data-element_type=\"widget\" data-e-type=\"widget\" data-widget_type=\"text-editor.default\">\n\t\t\t\t<div class=\"elementor-widget-container\">\n\t\t\t\t\t\t\t\t\t<p><b>Guardando al futuro, parte integrante del progetto AN\/ARCHIVE sar\u00e0 la Polimoda Library<\/b>, attualmente ospitata al Villa Campus, una delle biblioteche di moda pi\u00f9 fornite in Europa. Con oltre 29.000 volumi, la collezione spazia da monografie a libri di fotografia, riviste specializzate, video e lookbook, rendendola un patrimonio inestimabile non solo per gli studenti, ma anche per ricercatori e professionisti del settore.  <\/p>\n<p><i>&#8220;<b>La biblioteca di Polimoda ha il potenziale di evolversi da risorsa interna a centro di ricerca internazionale per la moda<\/b>, aprendo la strada a collaborazioni accademiche di grande rilievo, come gi\u00e0 dimostrato nel recente Uzbek-Italian Educational Forum a cui Polimoda ha preso parte rappresentando l\u2019Italia nel campo della fashion education<\/i>&#8221; spiega Giornetti. Un\u2019anticipazione che evidenzia non solo l&#8217;ambizione di Polimoda di diventare un leader nel panorama formativo della moda, ma anche il suo impegno a favorire relazioni internazionali che arricchiscono la comunit\u00e0 accademica.<\/p>\n<p>Con l\u2019inaugurazione del nuovo <b>Manifattura Campus<\/b>, Polimoda conferma il suo ruolo tra i leader del panorama internazionale della formazione moda. In un contesto in continua evoluzione come quello della moda, Polimoda si impegna a preparare le nuove generazioni di professionisti a cogliere le sfide globali, costruendo un ponte tra eccellenza accademica e industria, tra Firenze e il mondo. <\/p>\n\t\t\t\t\t\t\t\t<\/div>\n\t\t\t\t<\/div>\n\t\t\t\t<div class=\"elementor-element elementor-element-7337fa8 elementor-widget elementor-widget-image\" data-id=\"7337fa8\" data-element_type=\"widget\" data-e-type=\"widget\" data-widget_type=\"image.default\">\n\t\t\t\t<div class=\"elementor-widget-container\">\n\t\t\t\t\t\t\t\t\t\t\t\t\t\t\t<img loading=\"lazy\" decoding=\"async\" width=\"1024\" height=\"683\" src=\"https:\/\/www.polimoda.com\/wp-content\/uploads\/2024\/10\/polimoda-villa-library-ph-dsl-studio-1024x683.jpg\" class=\"attachment-large size-large wp-image-35672\" alt=\"\" srcset=\"https:\/\/www.polimoda.com\/wp-content\/uploads\/2024\/10\/polimoda-villa-library-ph-dsl-studio-1024x683.jpg 1024w, https:\/\/www.polimoda.com\/wp-content\/uploads\/2024\/10\/polimoda-villa-library-ph-dsl-studio-300x200.jpg 300w, https:\/\/www.polimoda.com\/wp-content\/uploads\/2024\/10\/polimoda-villa-library-ph-dsl-studio-768x512.jpg 768w, https:\/\/www.polimoda.com\/wp-content\/uploads\/2024\/10\/polimoda-villa-library-ph-dsl-studio-1536x1024.jpg 1536w, https:\/\/www.polimoda.com\/wp-content\/uploads\/2024\/10\/polimoda-villa-library-ph-dsl-studio-2048x1365.jpg 2048w\" sizes=\"(max-width: 1024px) 100vw, 1024px\" \/>\t\t\t\t\t\t\t\t\t\t\t\t\t\t\t<\/div>\n\t\t\t\t<\/div>\n\t\t\t\t<div class=\"elementor-element elementor-element-ece2768 elementor-widget elementor-widget-spacer\" data-id=\"ece2768\" data-element_type=\"widget\" data-e-type=\"widget\" data-widget_type=\"spacer.default\">\n\t\t\t\t<div class=\"elementor-widget-container\">\n\t\t\t\t\t\t\t<div class=\"elementor-spacer\">\n\t\t\t<div class=\"elementor-spacer-inner\"><\/div>\n\t\t<\/div>\n\t\t\t\t\t\t<\/div>\n\t\t\t\t<\/div>\n\t\t\t\t<div class=\"elementor-element elementor-element-343e25d elementor-widget elementor-widget-text-editor\" data-id=\"343e25d\" data-element_type=\"widget\" data-e-type=\"widget\" data-widget_type=\"text-editor.default\">\n\t\t\t\t<div class=\"elementor-widget-container\">\n\t\t\t\t\t\t\t\t\t<p>Photo credits:<\/p>\n<ul>\n<li>Campus: Agnese Bedini e Melania Della Grave, DSL Studio<\/li>\n<li>Conferenza stampa e visita: Serena Gallorini<\/li>\n<li>Rick Owens looks: Riccardo Bartalucci<\/li>\n<\/ul>\n\t\t\t\t\t\t\t\t<\/div>\n\t\t\t\t<\/div>\n\t\t\t\t<div class=\"elementor-element elementor-element-dcd33dc elementor-widget-divider--view-line elementor-widget elementor-widget-divider\" data-id=\"dcd33dc\" data-element_type=\"widget\" data-e-type=\"widget\" data-widget_type=\"divider.default\">\n\t\t\t\t<div class=\"elementor-widget-container\">\n\t\t\t\t\t\t\t<div class=\"elementor-divider\">\n\t\t\t<span class=\"elementor-divider-separator\">\n\t\t\t\t\t\t<\/span>\n\t\t<\/div>\n\t\t\t\t\t\t<\/div>\n\t\t\t\t<\/div>\n\t\t\t\t<div class=\"elementor-element elementor-element-38b8d93 elementor-widget elementor-widget-heading\" data-id=\"38b8d93\" data-element_type=\"widget\" data-e-type=\"widget\" data-widget_type=\"heading.default\">\n\t\t\t\t<div class=\"elementor-widget-container\">\n\t\t\t\t\t<h2 class=\"elementor-heading-title elementor-size-default\">ScaricaS<\/h2>\t\t\t\t<\/div>\n\t\t\t\t<\/div>\n\t\t\t\t<div class=\"elementor-element elementor-element-3fa877d elementor-icon-list--layout-traditional elementor-list-item-link-full_width elementor-widget elementor-widget-icon-list\" data-id=\"3fa877d\" data-element_type=\"widget\" data-e-type=\"widget\" data-widget_type=\"icon-list.default\">\n\t\t\t\t<div class=\"elementor-widget-container\">\n\t\t\t\t\t\t\t<ul class=\"elementor-icon-list-items\">\n\t\t\t\t\t\t\t<li class=\"elementor-icon-list-item\">\n\t\t\t\t\t\t\t\t\t\t\t<a href=\"https:\/\/www.polimoda.com\/wp-content\/uploads\/2024\/10\/polimoda-new-campus-pressrelease-EN-151024-1.pdf\">\n\n\t\t\t\t\t\t\t\t\t\t\t\t<span class=\"elementor-icon-list-icon\">\n\t\t\t\t\t\t\t<i aria-hidden=\"true\" class=\"fas fa-file-pdf\"><\/i>\t\t\t\t\t\t<\/span>\n\t\t\t\t\t\t\t\t\t\t<span class=\"elementor-icon-list-text\">Comunicato stampa EN<\/span>\n\t\t\t\t\t\t\t\t\t\t\t<\/a>\n\t\t\t\t\t\t\t\t\t<\/li>\n\t\t\t\t\t\t\t\t<li class=\"elementor-icon-list-item\">\n\t\t\t\t\t\t\t\t\t\t\t<a href=\"https:\/\/www.polimoda.com\/wp-content\/uploads\/2024\/10\/polimoda-new-campus-comunicato-IT-151024.pdf\">\n\n\t\t\t\t\t\t\t\t\t\t\t\t<span class=\"elementor-icon-list-icon\">\n\t\t\t\t\t\t\t<i aria-hidden=\"true\" class=\"fas fa-file-pdf\"><\/i>\t\t\t\t\t\t<\/span>\n\t\t\t\t\t\t\t\t\t\t<span class=\"elementor-icon-list-text\">Comunicato stampa IT<\/span>\n\t\t\t\t\t\t\t\t\t\t\t<\/a>\n\t\t\t\t\t\t\t\t\t<\/li>\n\t\t\t\t\t\t\t\t<li class=\"elementor-icon-list-item\">\n\t\t\t\t\t\t\t\t\t\t\t<a href=\"https:\/\/www.dropbox.com\/scl\/fo\/4rrsky1uv6ryo28jk0f31\/ACQL58NvW4Q5LPfTyW1LEc8?rlkey=zkhfx977ejjnwq90cz436ech2&#038;st=xyknmb8v&#038;dl=0\">\n\n\t\t\t\t\t\t\t\t\t\t\t\t<span class=\"elementor-icon-list-icon\">\n\t\t\t\t\t\t\t<i aria-hidden=\"true\" class=\"fas fa-images\"><\/i>\t\t\t\t\t\t<\/span>\n\t\t\t\t\t\t\t\t\t\t<span class=\"elementor-icon-list-text\">Immagini<\/span>\n\t\t\t\t\t\t\t\t\t\t\t<\/a>\n\t\t\t\t\t\t\t\t\t<\/li>\n\t\t\t\t\t\t<\/ul>\n\t\t\t\t\t\t<\/div>\n\t\t\t\t<\/div>\n\t\t\t\t\t<\/div>\n\t\t<\/div>\n\t\t\t\t<div class=\"elementor-column elementor-col-25 elementor-top-column elementor-element elementor-element-05e1228\" data-id=\"05e1228\" data-element_type=\"column\" data-e-type=\"column\">\n\t\t\t<div class=\"elementor-widget-wrap\">\n\t\t\t\t\t\t\t<\/div>\n\t\t<\/div>\n\t\t\t\t\t<\/div>\n\t\t<\/section>\n\t\t\t\t<\/div>\n\t\t","protected":false},"excerpt":{"rendered":"<p>Con l\u2019avvio dell\u2019Anno Accademico 2024\/2025, Polimoda inaugura il nuovo Manifattura Campus presso la Manifattura Tabacchi di Firenze. Un importante traguardo nello sviluppo del progetto educativo per la moda di cui l\u2019istituto fiorentino si fa portavoce dal 1986. Nasce cos\u00ec un vero e proprio ecosistema creativo pensato per mettere la moda al centro di un dialogo [&hellip;]<\/p>\n","protected":false},"featured_media":35580,"template":"","meta":{"_acf_changed":false,"site-sidebar-layout":"no-sidebar","site-content-layout":"page-builder","ast-site-content-layout":"full-width-container","site-content-style":"default","site-sidebar-style":"default","ast-global-header-display":"","ast-banner-title-visibility":"","ast-main-header-display":"","ast-hfb-above-header-display":"","ast-hfb-below-header-display":"","ast-hfb-mobile-header-display":"","site-post-title":"disabled","ast-breadcrumbs-content":"","ast-featured-img":"disabled","footer-sml-layout":"","ast-disable-related-posts":"","theme-transparent-header-meta":"default","adv-header-id-meta":"","stick-header-meta":"default","header-above-stick-meta":"","header-main-stick-meta":"","header-below-stick-meta":"","astra-migrate-meta-layouts":"set","ast-page-background-enabled":"default","ast-page-background-meta":{"desktop":{"background-color":"var(--ast-global-color-4)","background-image":"","background-repeat":"repeat","background-position":"center center","background-size":"auto","background-attachment":"scroll","background-type":"","background-media":"","overlay-type":"","overlay-color":"","overlay-opacity":"","overlay-gradient":""},"tablet":{"background-color":"","background-image":"","background-repeat":"repeat","background-position":"center center","background-size":"auto","background-attachment":"scroll","background-type":"","background-media":"","overlay-type":"","overlay-color":"","overlay-opacity":"","overlay-gradient":""},"mobile":{"background-color":"","background-image":"","background-repeat":"repeat","background-position":"center center","background-size":"auto","background-attachment":"scroll","background-type":"","background-media":"","overlay-type":"","overlay-color":"","overlay-opacity":"","overlay-gradient":""}},"ast-content-background-meta":{"desktop":{"background-color":"var(--ast-global-color-5)","background-image":"","background-repeat":"repeat","background-position":"center center","background-size":"auto","background-attachment":"scroll","background-type":"","background-media":"","overlay-type":"","overlay-color":"","overlay-opacity":"","overlay-gradient":""},"tablet":{"background-color":"var(--ast-global-color-5)","background-image":"","background-repeat":"repeat","background-position":"center center","background-size":"auto","background-attachment":"scroll","background-type":"","background-media":"","overlay-type":"","overlay-color":"","overlay-opacity":"","overlay-gradient":""},"mobile":{"background-color":"var(--ast-global-color-5)","background-image":"","background-repeat":"repeat","background-position":"center center","background-size":"auto","background-attachment":"scroll","background-type":"","background-media":"","overlay-type":"","overlay-color":"","overlay-opacity":"","overlay-gradient":""}}},"tags":[],"press-release-categories":[302],"class_list":["post-35744","polimoda-press","type-polimoda-press","status-publish","has-post-thumbnail","hentry","press-release-categories-school"],"acf":[],"yoast_head":"<!-- This site is optimized with the Yoast SEO plugin v27.3 - https:\/\/yoast.com\/product\/yoast-seo-wordpress\/ -->\n<title>Un Ecosistema per la Formazione Moda | Polimoda Fashion School<\/title>\n<meta name=\"robots\" content=\"index, follow, max-snippet:-1, max-image-preview:large, max-video-preview:-1\" \/>\n<link rel=\"canonical\" href=\"https:\/\/www.polimoda.com\/it\/press-area\/un-ecosistema-per-la-formazione-moda\/\" \/>\n<meta property=\"og:locale\" content=\"it_IT\" \/>\n<meta property=\"og:type\" content=\"article\" \/>\n<meta property=\"og:title\" content=\"Un Ecosistema per la Formazione Moda | Polimoda Fashion School\" \/>\n<meta property=\"og:description\" content=\"Con l\u2019avvio dell\u2019Anno Accademico 2024\/2025, Polimoda inaugura il nuovo Manifattura Campus presso la Manifattura Tabacchi di Firenze. Un importante traguardo nello sviluppo del progetto educativo per la moda di cui l\u2019istituto fiorentino si fa portavoce dal 1986. Nasce cos\u00ec un vero e proprio ecosistema creativo pensato per mettere la moda al centro di un dialogo [&hellip;]\" \/>\n<meta property=\"og:url\" content=\"https:\/\/www.polimoda.com\/it\/press-area\/un-ecosistema-per-la-formazione-moda\/\" \/>\n<meta property=\"og:site_name\" content=\"Polimoda Fashion School\" \/>\n<meta property=\"article:publisher\" content=\"https:\/\/www.facebook.com\/Polimoda\" \/>\n<meta property=\"article:modified_time\" content=\"2024-10-23T07:29:19+00:00\" \/>\n<meta property=\"og:image\" content=\"https:\/\/www.polimoda.com\/wp-content\/uploads\/2024\/10\/polimoda-manifattura-b4-b6_ph-dsl-studio-scaled.jpg\" \/>\n\t<meta property=\"og:image:width\" content=\"2560\" \/>\n\t<meta property=\"og:image:height\" content=\"1706\" \/>\n\t<meta property=\"og:image:type\" content=\"image\/jpeg\" \/>\n<meta name=\"twitter:card\" content=\"summary_large_image\" \/>\n<meta name=\"twitter:site\" content=\"@polimoda\" \/>\n<script type=\"application\/ld+json\" class=\"yoast-schema-graph\">{\"@context\":\"https:\\\/\\\/schema.org\",\"@graph\":[{\"@type\":\"WebPage\",\"@id\":\"https:\\\/\\\/www.polimoda.com\\\/it\\\/press-area\\\/un-ecosistema-per-la-formazione-moda\\\/\",\"url\":\"https:\\\/\\\/www.polimoda.com\\\/it\\\/press-area\\\/un-ecosistema-per-la-formazione-moda\\\/\",\"name\":\"Un Ecosistema per la Formazione Moda | Polimoda Fashion School\",\"isPartOf\":{\"@id\":\"https:\\\/\\\/www.polimoda.com\\\/it\\\/#website\"},\"primaryImageOfPage\":{\"@id\":\"https:\\\/\\\/www.polimoda.com\\\/it\\\/press-area\\\/un-ecosistema-per-la-formazione-moda\\\/#primaryimage\"},\"image\":{\"@id\":\"https:\\\/\\\/www.polimoda.com\\\/it\\\/press-area\\\/un-ecosistema-per-la-formazione-moda\\\/#primaryimage\"},\"thumbnailUrl\":\"https:\\\/\\\/www.polimoda.com\\\/wp-content\\\/uploads\\\/2024\\\/10\\\/polimoda-manifattura-b4-b6_ph-dsl-studio-scaled.jpg\",\"datePublished\":\"2024-10-15T12:00:58+00:00\",\"dateModified\":\"2024-10-23T07:29:19+00:00\",\"breadcrumb\":{\"@id\":\"https:\\\/\\\/www.polimoda.com\\\/it\\\/press-area\\\/un-ecosistema-per-la-formazione-moda\\\/#breadcrumb\"},\"inLanguage\":\"it-IT\",\"potentialAction\":[{\"@type\":\"ReadAction\",\"target\":[\"https:\\\/\\\/www.polimoda.com\\\/it\\\/press-area\\\/un-ecosistema-per-la-formazione-moda\\\/\"]}]},{\"@type\":\"ImageObject\",\"inLanguage\":\"it-IT\",\"@id\":\"https:\\\/\\\/www.polimoda.com\\\/it\\\/press-area\\\/un-ecosistema-per-la-formazione-moda\\\/#primaryimage\",\"url\":\"https:\\\/\\\/www.polimoda.com\\\/wp-content\\\/uploads\\\/2024\\\/10\\\/polimoda-manifattura-b4-b6_ph-dsl-studio-scaled.jpg\",\"contentUrl\":\"https:\\\/\\\/www.polimoda.com\\\/wp-content\\\/uploads\\\/2024\\\/10\\\/polimoda-manifattura-b4-b6_ph-dsl-studio-scaled.jpg\",\"width\":2560,\"height\":1706,\"caption\":\"Polimoda Manifattura Campus, foto di Agnese Bedini and Melania Della Grave, DSL Studio\"},{\"@type\":\"BreadcrumbList\",\"@id\":\"https:\\\/\\\/www.polimoda.com\\\/it\\\/press-area\\\/un-ecosistema-per-la-formazione-moda\\\/#breadcrumb\",\"itemListElement\":[{\"@type\":\"ListItem\",\"position\":1,\"name\":\"Home\",\"item\":\"https:\\\/\\\/www.polimoda.com\\\/it\\\/\"},{\"@type\":\"ListItem\",\"position\":2,\"name\":\"Press releases\",\"item\":\"https:\\\/\\\/www.polimoda.com\\\/it\\\/press-area\\\/\"},{\"@type\":\"ListItem\",\"position\":3,\"name\":\"Un Ecosistema per la Formazione Moda\"}]},{\"@type\":\"WebSite\",\"@id\":\"https:\\\/\\\/www.polimoda.com\\\/it\\\/#website\",\"url\":\"https:\\\/\\\/www.polimoda.com\\\/it\\\/\",\"name\":\"Polimoda Fashion School\",\"description\":\"The Fashion School in Florence, Italy\",\"publisher\":{\"@id\":\"https:\\\/\\\/www.polimoda.com\\\/it\\\/#organization\"},\"alternateName\":\"Polimoda\",\"potentialAction\":[{\"@type\":\"SearchAction\",\"target\":{\"@type\":\"EntryPoint\",\"urlTemplate\":\"https:\\\/\\\/www.polimoda.com\\\/it\\\/?s={search_term_string}\"},\"query-input\":{\"@type\":\"PropertyValueSpecification\",\"valueRequired\":true,\"valueName\":\"search_term_string\"}}],\"inLanguage\":\"it-IT\"},{\"@type\":\"Organization\",\"@id\":\"https:\\\/\\\/www.polimoda.com\\\/it\\\/#organization\",\"name\":\"Polimoda Fashion School\",\"alternateName\":\"Polimoda\",\"url\":\"https:\\\/\\\/www.polimoda.com\\\/it\\\/\",\"logo\":{\"@type\":\"ImageObject\",\"inLanguage\":\"it-IT\",\"@id\":\"https:\\\/\\\/www.polimoda.com\\\/it\\\/#\\\/schema\\\/logo\\\/image\\\/\",\"url\":\"https:\\\/\\\/www.polimoda.com\\\/wp-content\\\/uploads\\\/2022\\\/07\\\/logo_polimoda.png\",\"contentUrl\":\"https:\\\/\\\/www.polimoda.com\\\/wp-content\\\/uploads\\\/2022\\\/07\\\/logo_polimoda.png\",\"width\":508,\"height\":132,\"caption\":\"Polimoda Fashion School\"},\"image\":{\"@id\":\"https:\\\/\\\/www.polimoda.com\\\/it\\\/#\\\/schema\\\/logo\\\/image\\\/\"},\"sameAs\":[\"https:\\\/\\\/www.facebook.com\\\/Polimoda\",\"https:\\\/\\\/x.com\\\/polimoda\",\"https:\\\/\\\/www.instagram.com\\\/polimodafirenze\",\"https:\\\/\\\/www.tiktok.com\\\/@polimoda\",\"https:\\\/\\\/open.spotify.com\\\/user\\\/qrqkduirz0hc5ta3wvbs4ikem?si=db886dfc1ff6482c\",\"https:\\\/\\\/www.youtube.com\\\/user\\\/polimodatube\",\"https:\\\/\\\/www.linkedin.com\\\/company\\\/polimoda\"]}]}<\/script>\n<!-- \/ Yoast SEO plugin. -->","yoast_head_json":{"title":"Un Ecosistema per la Formazione Moda | Polimoda Fashion School","robots":{"index":"index","follow":"follow","max-snippet":"max-snippet:-1","max-image-preview":"max-image-preview:large","max-video-preview":"max-video-preview:-1"},"canonical":"https:\/\/www.polimoda.com\/it\/press-area\/un-ecosistema-per-la-formazione-moda\/","og_locale":"it_IT","og_type":"article","og_title":"Un Ecosistema per la Formazione Moda | Polimoda Fashion School","og_description":"Con l\u2019avvio dell\u2019Anno Accademico 2024\/2025, Polimoda inaugura il nuovo Manifattura Campus presso la Manifattura Tabacchi di Firenze. Un importante traguardo nello sviluppo del progetto educativo per la moda di cui l\u2019istituto fiorentino si fa portavoce dal 1986. Nasce cos\u00ec un vero e proprio ecosistema creativo pensato per mettere la moda al centro di un dialogo [&hellip;]","og_url":"https:\/\/www.polimoda.com\/it\/press-area\/un-ecosistema-per-la-formazione-moda\/","og_site_name":"Polimoda Fashion School","article_publisher":"https:\/\/www.facebook.com\/Polimoda","article_modified_time":"2024-10-23T07:29:19+00:00","og_image":[{"width":2560,"height":1706,"url":"https:\/\/www.polimoda.com\/wp-content\/uploads\/2024\/10\/polimoda-manifattura-b4-b6_ph-dsl-studio-scaled.jpg","type":"image\/jpeg"}],"twitter_card":"summary_large_image","twitter_site":"@polimoda","schema":{"@context":"https:\/\/schema.org","@graph":[{"@type":"WebPage","@id":"https:\/\/www.polimoda.com\/it\/press-area\/un-ecosistema-per-la-formazione-moda\/","url":"https:\/\/www.polimoda.com\/it\/press-area\/un-ecosistema-per-la-formazione-moda\/","name":"Un Ecosistema per la Formazione Moda | Polimoda Fashion School","isPartOf":{"@id":"https:\/\/www.polimoda.com\/it\/#website"},"primaryImageOfPage":{"@id":"https:\/\/www.polimoda.com\/it\/press-area\/un-ecosistema-per-la-formazione-moda\/#primaryimage"},"image":{"@id":"https:\/\/www.polimoda.com\/it\/press-area\/un-ecosistema-per-la-formazione-moda\/#primaryimage"},"thumbnailUrl":"https:\/\/www.polimoda.com\/wp-content\/uploads\/2024\/10\/polimoda-manifattura-b4-b6_ph-dsl-studio-scaled.jpg","datePublished":"2024-10-15T12:00:58+00:00","dateModified":"2024-10-23T07:29:19+00:00","breadcrumb":{"@id":"https:\/\/www.polimoda.com\/it\/press-area\/un-ecosistema-per-la-formazione-moda\/#breadcrumb"},"inLanguage":"it-IT","potentialAction":[{"@type":"ReadAction","target":["https:\/\/www.polimoda.com\/it\/press-area\/un-ecosistema-per-la-formazione-moda\/"]}]},{"@type":"ImageObject","inLanguage":"it-IT","@id":"https:\/\/www.polimoda.com\/it\/press-area\/un-ecosistema-per-la-formazione-moda\/#primaryimage","url":"https:\/\/www.polimoda.com\/wp-content\/uploads\/2024\/10\/polimoda-manifattura-b4-b6_ph-dsl-studio-scaled.jpg","contentUrl":"https:\/\/www.polimoda.com\/wp-content\/uploads\/2024\/10\/polimoda-manifattura-b4-b6_ph-dsl-studio-scaled.jpg","width":2560,"height":1706,"caption":"Polimoda Manifattura Campus, foto di Agnese Bedini and Melania Della Grave, DSL Studio"},{"@type":"BreadcrumbList","@id":"https:\/\/www.polimoda.com\/it\/press-area\/un-ecosistema-per-la-formazione-moda\/#breadcrumb","itemListElement":[{"@type":"ListItem","position":1,"name":"Home","item":"https:\/\/www.polimoda.com\/it\/"},{"@type":"ListItem","position":2,"name":"Press releases","item":"https:\/\/www.polimoda.com\/it\/press-area\/"},{"@type":"ListItem","position":3,"name":"Un Ecosistema per la Formazione Moda"}]},{"@type":"WebSite","@id":"https:\/\/www.polimoda.com\/it\/#website","url":"https:\/\/www.polimoda.com\/it\/","name":"Polimoda Fashion School","description":"The Fashion School in Florence, Italy","publisher":{"@id":"https:\/\/www.polimoda.com\/it\/#organization"},"alternateName":"Polimoda","potentialAction":[{"@type":"SearchAction","target":{"@type":"EntryPoint","urlTemplate":"https:\/\/www.polimoda.com\/it\/?s={search_term_string}"},"query-input":{"@type":"PropertyValueSpecification","valueRequired":true,"valueName":"search_term_string"}}],"inLanguage":"it-IT"},{"@type":"Organization","@id":"https:\/\/www.polimoda.com\/it\/#organization","name":"Polimoda Fashion School","alternateName":"Polimoda","url":"https:\/\/www.polimoda.com\/it\/","logo":{"@type":"ImageObject","inLanguage":"it-IT","@id":"https:\/\/www.polimoda.com\/it\/#\/schema\/logo\/image\/","url":"https:\/\/www.polimoda.com\/wp-content\/uploads\/2022\/07\/logo_polimoda.png","contentUrl":"https:\/\/www.polimoda.com\/wp-content\/uploads\/2022\/07\/logo_polimoda.png","width":508,"height":132,"caption":"Polimoda Fashion School"},"image":{"@id":"https:\/\/www.polimoda.com\/it\/#\/schema\/logo\/image\/"},"sameAs":["https:\/\/www.facebook.com\/Polimoda","https:\/\/x.com\/polimoda","https:\/\/www.instagram.com\/polimodafirenze","https:\/\/www.tiktok.com\/@polimoda","https:\/\/open.spotify.com\/user\/qrqkduirz0hc5ta3wvbs4ikem?si=db886dfc1ff6482c","https:\/\/www.youtube.com\/user\/polimodatube","https:\/\/www.linkedin.com\/company\/polimoda"]}]}},"_links":{"self":[{"href":"https:\/\/www.polimoda.com\/it\/wp-json\/wp\/v2\/polimoda-press\/35744","targetHints":{"allow":["GET"]}}],"collection":[{"href":"https:\/\/www.polimoda.com\/it\/wp-json\/wp\/v2\/polimoda-press"}],"about":[{"href":"https:\/\/www.polimoda.com\/it\/wp-json\/wp\/v2\/types\/polimoda-press"}],"version-history":[{"count":10,"href":"https:\/\/www.polimoda.com\/it\/wp-json\/wp\/v2\/polimoda-press\/35744\/revisions"}],"predecessor-version":[{"id":36502,"href":"https:\/\/www.polimoda.com\/it\/wp-json\/wp\/v2\/polimoda-press\/35744\/revisions\/36502"}],"wp:featuredmedia":[{"embeddable":true,"href":"https:\/\/www.polimoda.com\/it\/wp-json\/wp\/v2\/media\/35580"}],"wp:attachment":[{"href":"https:\/\/www.polimoda.com\/it\/wp-json\/wp\/v2\/media?parent=35744"}],"wp:term":[{"taxonomy":"post_tag","embeddable":true,"href":"https:\/\/www.polimoda.com\/it\/wp-json\/wp\/v2\/tags?post=35744"},{"taxonomy":"press-release-categories","embeddable":true,"href":"https:\/\/www.polimoda.com\/it\/wp-json\/wp\/v2\/press-release-categories?post=35744"}],"curies":[{"name":"wp","href":"https:\/\/api.w.org\/{rel}","templated":true}]}}