{"id":23568,"date":"2024-01-08T12:00:51","date_gmt":"2024-01-08T11:00:51","guid":{"rendered":"https:\/\/www.polimoda.com\/?post_type=polimoda-press&#038;p=23568"},"modified":"2024-01-18T12:00:27","modified_gmt":"2024-01-18T11:00:27","slug":"an-archive-event-one","status":"publish","type":"polimoda-press","link":"https:\/\/www.polimoda.com\/it\/press-area\/an-archive-event-one\/","title":{"rendered":"AN\/ARCHIVE EVENT ONE"},"content":{"rendered":"\t\t<div data-elementor-type=\"wp-post\" data-elementor-id=\"23568\" class=\"elementor elementor-23568 elementor-23555\" data-elementor-post-type=\"polimoda-press\">\n\t\t\t\t\t\t<section class=\"elementor-section elementor-top-section elementor-element elementor-element-3c05e9a elementor-section-boxed elementor-section-height-default elementor-section-height-default\" data-id=\"3c05e9a\" data-element_type=\"section\" data-e-type=\"section\">\n\t\t\t\t\t\t<div class=\"elementor-container elementor-column-gap-default\">\n\t\t\t\t\t<div class=\"elementor-column elementor-col-25 elementor-top-column elementor-element elementor-element-1ac2242\" data-id=\"1ac2242\" data-element_type=\"column\" data-e-type=\"column\">\n\t\t\t<div class=\"elementor-widget-wrap\">\n\t\t\t\t\t\t\t<\/div>\n\t\t<\/div>\n\t\t\t\t<div class=\"elementor-column elementor-col-50 elementor-top-column elementor-element elementor-element-de98763\" data-id=\"de98763\" data-element_type=\"column\" data-e-type=\"column\">\n\t\t\t<div class=\"elementor-widget-wrap elementor-element-populated\">\n\t\t\t\t\t\t<div class=\"elementor-element elementor-element-6b04d7c elementor-widget elementor-widget-text-editor\" data-id=\"6b04d7c\" data-element_type=\"widget\" data-e-type=\"widget\" data-widget_type=\"text-editor.default\">\n\t\t\t\t<div class=\"elementor-widget-container\">\n\t\t\t\t\t\t\t\t\t<p>In occasione di Pitti Uomo 105, Polimoda presenta AN\/ARCHIVE EVENT ONE, un&#8217;anteprima del futuro centro di ricerca dedicato agli studi di moda. Dal 9 al 21 gennaio presso la Manifattura Tabacchi di Firenze, EVENT ONE si svilupper\u00e0 attorno al tema The Body in un\u2019esperienza multidisciplinare, offrendo una coinvolgente esplorazione del rapporto tra moda e corpo umano.<\/p>\n\t\t\t\t\t\t\t\t<\/div>\n\t\t\t\t<\/div>\n\t\t\t\t<div class=\"elementor-element elementor-element-03ccc46 elementor-widget elementor-widget-text-editor\" data-id=\"03ccc46\" data-element_type=\"widget\" data-e-type=\"widget\" data-widget_type=\"text-editor.default\">\n\t\t\t\t<div class=\"elementor-widget-container\">\n\t\t\t\t\t\t\t\t\t<p>Il corpo umano \u00e8 centrale nella moda \u2013 \u00e8 la tela su cui i designer esprimono la loro creativit\u00e0 e visione. AN\/ARCHIVE EVENT ONE vuole approfondire questa relazione intrinseca, esplorando come la moda plasmi e venga a sua volta plasmata dalla nostra forma \ufb01sica. L\u2019invito verso un viaggio contemplativo attraverso diverse interpretazioni del corpo nella moda, dal modo in cui i capi cadono e si muovono, ai significati sociali e culturali insiti nella moda stessa. . AN\/ARCHIVE EVENT ONE \u00e8 una celebrazione e una riflessione sul corpo attraverso la lente dello stile, dell\u2019identit\u00e0 e dell\u2019espressione artistica che coinvolge i capi del A.N.G.E.L.O. Vintage Archive e le opere di William Forsythe, Minna Palmqvist e Sissel Tolaas.<\/p>\n<p>Lo spazio espositivo ospiter\u00e0 anche un programma di incontri con autori, esperti e ricercatori di moda, promuovendo una serie di conversazioni essenziali sul ruolo dell\u2019archiviazione, sulla diversit\u00e0 nella rappresentazione del corpo e sulle dinamiche in evoluzione dell\u2019industria della moda.<\/p>\n\t\t\t\t\t\t\t\t<\/div>\n\t\t\t\t<\/div>\n\t\t\t\t<div class=\"elementor-element elementor-element-b83e2b8 elementor-widget elementor-widget-testimonial\" data-id=\"b83e2b8\" data-element_type=\"widget\" data-e-type=\"widget\" data-widget_type=\"testimonial.default\">\n\t\t\t\t<div class=\"elementor-widget-container\">\n\t\t\t\t\t\t\t<div class=\"elementor-testimonial-wrapper\">\n\t\t\t\t\t\t\t<div class=\"elementor-testimonial-content\"><p>Una esplorazione contemplativa della moda intesa come intima espressione del corpo. The awareness of sociological change is read through the evolution of the perception of the person.<\/p>\n<\/div>\n\t\t\t\n\t\t\t\t\t\t<div class=\"elementor-testimonial-meta\">\n\t\t\t\t<div class=\"elementor-testimonial-meta-inner\">\n\t\t\t\t\t\n\t\t\t\t\t\t\t\t\t\t<div class=\"elementor-testimonial-details\">\n\t\t\t\t\t\t\t\t\t\t\t\t\t\t<div class=\"elementor-testimonial-name\">Massimiliano Giornetti<\/div>\n\t\t\t\t\t\t\t\t\t\t\t\t\t\t\t\t\t\t\t<\/div>\n\t\t\t\t\t\t\t\t\t<\/div>\n\t\t\t<\/div>\n\t\t\t\t\t<\/div>\n\t\t\t\t\t\t<\/div>\n\t\t\t\t<\/div>\n\t\t\t\t<div class=\"elementor-element elementor-element-7494c84 elementor-widget elementor-widget-image\" data-id=\"7494c84\" data-element_type=\"widget\" data-e-type=\"widget\" data-widget_type=\"image.default\">\n\t\t\t\t<div class=\"elementor-widget-container\">\n\t\t\t\t\t\t\t\t\t\t\t\t<figure class=\"wp-caption\">\n\t\t\t\t\t\t\t\t\t\t<img fetchpriority=\"high\" decoding=\"async\" width=\"1024\" height=\"683\" src=\"https:\/\/www.polimoda.com\/wp-content\/uploads\/2024\/01\/01-event-one-exhibition_ph-serena-gallorini-1024x683.jpg\" class=\"attachment-large size-large wp-image-25787\" alt=\"\" srcset=\"https:\/\/www.polimoda.com\/wp-content\/uploads\/2024\/01\/01-event-one-exhibition_ph-serena-gallorini-1024x683.jpg 1024w, https:\/\/www.polimoda.com\/wp-content\/uploads\/2024\/01\/01-event-one-exhibition_ph-serena-gallorini-300x200.jpg 300w, https:\/\/www.polimoda.com\/wp-content\/uploads\/2024\/01\/01-event-one-exhibition_ph-serena-gallorini-768x512.jpg 768w, https:\/\/www.polimoda.com\/wp-content\/uploads\/2024\/01\/01-event-one-exhibition_ph-serena-gallorini.jpg 1500w\" sizes=\"(max-width: 1024px) 100vw, 1024px\" \/>\t\t\t\t\t\t\t\t\t\t\t<figcaption class=\"widget-image-caption wp-caption-text\">AN\/ARCHIVE EVENT ONE exhibition<\/figcaption>\n\t\t\t\t\t\t\t\t\t\t<\/figure>\n\t\t\t\t\t\t\t\t\t<\/div>\n\t\t\t\t<\/div>\n\t\t\t\t<div class=\"elementor-element elementor-element-6263038 elementor-widget elementor-widget-text-editor\" data-id=\"6263038\" data-element_type=\"widget\" data-e-type=\"widget\" data-widget_type=\"text-editor.default\">\n\t\t\t\t<div class=\"elementor-widget-container\">\n\t\t\t\t\t\t\t\t\t<p>La mostra \u00e8 una selezione curata da Massimiliano Giornetti, Direttore di Polimoda, e Linda Loppa, Strategy and Vision Advisor della scuola, che trascende i tradizionali con\ufb01ni dell\u2019esposizione di moda. Qui, i visitatori incontreranno una fusione di discipline artistiche, dove la moda si interseca con l\u2019arte, la tecnologia e la cultura. Ogni pezzo esposto racconta una storia unica, riflettendo le diverse prospettive e gli approcci innovativi dei designer contemporanei. Dalle installazioni d\u2019avanguardia alle iconiche creazioni di fashion design, questa mostra coinvolgente testimonia come la moda sia in continua evoluzione e abbia un impatto sulle tendenze sociali e sull\u2019espressione personale.<\/p>\n<p>&#8220;<em>Una esplorazione contemplativa della moda intesa come intima espressione del corpo. The awareness of sociological change is read through the evolution of the perception of the person. Quello che vediamo nello specchio non rappresenta il riflesso della vera corporeit\u00e0, ma piuttosto uno stato emotivo e la connessione con una figura in costante evoluzione. EVENT ONE vuole dunque essere un autentico viaggio emotivo che ci invita a meditare sulle discordanti sfumature della nostra identit\u00e0 corporea<\/em>\u201d spiega Massimiliano Giornetti.<\/p>\n\t\t\t\t\t\t\t\t<\/div>\n\t\t\t\t<\/div>\n\t\t\t\t<div class=\"elementor-element elementor-element-0bbdc2d elementor-widget elementor-widget-image\" data-id=\"0bbdc2d\" data-element_type=\"widget\" data-e-type=\"widget\" data-widget_type=\"image.default\">\n\t\t\t\t<div class=\"elementor-widget-container\">\n\t\t\t\t\t\t\t\t\t\t\t\t<figure class=\"wp-caption\">\n\t\t\t\t\t\t\t\t\t\t<img decoding=\"async\" width=\"1024\" height=\"683\" src=\"https:\/\/www.polimoda.com\/wp-content\/uploads\/2024\/01\/08-event-one-exhibition_archive-garments_ph-serena-gallorini-1024x683.jpg\" class=\"attachment-large size-large wp-image-25789\" alt=\"\" srcset=\"https:\/\/www.polimoda.com\/wp-content\/uploads\/2024\/01\/08-event-one-exhibition_archive-garments_ph-serena-gallorini-1024x683.jpg 1024w, https:\/\/www.polimoda.com\/wp-content\/uploads\/2024\/01\/08-event-one-exhibition_archive-garments_ph-serena-gallorini-300x200.jpg 300w, https:\/\/www.polimoda.com\/wp-content\/uploads\/2024\/01\/08-event-one-exhibition_archive-garments_ph-serena-gallorini-768x512.jpg 768w, https:\/\/www.polimoda.com\/wp-content\/uploads\/2024\/01\/08-event-one-exhibition_archive-garments_ph-serena-gallorini.jpg 1500w\" sizes=\"(max-width: 1024px) 100vw, 1024px\" \/>\t\t\t\t\t\t\t\t\t\t\t<figcaption class=\"widget-image-caption wp-caption-text\">Garment Archive in collaborazione con A.N.G.E.L.O. Vintage Archive<\/figcaption>\n\t\t\t\t\t\t\t\t\t\t<\/figure>\n\t\t\t\t\t\t\t\t\t<\/div>\n\t\t\t\t<\/div>\n\t\t\t\t<div class=\"elementor-element elementor-element-433c4c5 elementor-widget elementor-widget-text-editor\" data-id=\"433c4c5\" data-element_type=\"widget\" data-e-type=\"widget\" data-widget_type=\"text-editor.default\">\n\t\t\t\t<div class=\"elementor-widget-container\">\n\t\t\t\t\t\t\t\t\t<p>L\u2019esposizione di abiti dal A.N.G.E.L.O. Vintage Archive presenta una suggestiva esplorazione di come il corpo viene trasformato attraverso la moda. Partendo dall\u2019abbraccio costrittivo dei corsetti, simbolo per eccellenza della chiusura del corpo, prosegue verso una ricerca della non-forma. La collezione comprende una selezione dei design pi\u00f9 innovativi di celebri case di moda, da Maison Margiela a Krizia, da Romeo Gigli a Issey Miyake e Comme des Gar\u00e7ons. Ogni pezzo s\ufb01da le silhouette tradizionali, giocando con struttura e forma per ridefinire i con\ufb01ni della moda e del corpo.<\/p>\n<p>INVISIBLEVISIBLE_22 di Sissel Tolaas si addentra nel potere sottovalutato dell\u2019odore come strumento di comunicazione silenziosa, mentre NO BODY di Minna Palmqvist, cambiando la forma del tradizionale busto da sarto, vuole mettere in luce l\u2019assurdo nella facciata perfetta del mondo della moda. . Infine, ALIGNIGUNG, coreografato da William Forsythe, \u00e8 un affascinante screendance che trascende la mascolinit\u00e0 tradizionale celebrando la fluidit\u00e0 dell\u2019espressione maschile attraverso una danza innovativa ed espressiva.<\/p>\n\t\t\t\t\t\t\t\t<\/div>\n\t\t\t\t<\/div>\n\t\t\t\t<div class=\"elementor-element elementor-element-2268064 uael-ins-normal uael-img-carousel-arrow-outside elementor-widget elementor-widget-uael-image-gallery\" data-id=\"2268064\" data-element_type=\"widget\" data-e-type=\"widget\" data-settings=\"{&quot;slides_to_show&quot;:1,&quot;slides_to_show_tablet&quot;:3,&quot;slides_to_show_mobile&quot;:2,&quot;slides_to_scroll&quot;:1,&quot;slides_to_scroll_tablet&quot;:1,&quot;slides_to_scroll_mobile&quot;:1,&quot;lightbox_margin_bottom&quot;:{&quot;unit&quot;:&quot;px&quot;,&quot;size&quot;:&quot;&quot;,&quot;sizes&quot;:[]},&quot;lightbox_margin_bottom_tablet&quot;:{&quot;unit&quot;:&quot;px&quot;,&quot;size&quot;:&quot;&quot;,&quot;sizes&quot;:[]},&quot;lightbox_margin_bottom_mobile&quot;:{&quot;unit&quot;:&quot;px&quot;,&quot;size&quot;:&quot;&quot;,&quot;sizes&quot;:[]},&quot;column_gap&quot;:{&quot;unit&quot;:&quot;px&quot;,&quot;size&quot;:20,&quot;sizes&quot;:[]},&quot;column_gap_tablet&quot;:{&quot;unit&quot;:&quot;px&quot;,&quot;size&quot;:&quot;&quot;,&quot;sizes&quot;:[]},&quot;column_gap_mobile&quot;:{&quot;unit&quot;:&quot;px&quot;,&quot;size&quot;:&quot;&quot;,&quot;sizes&quot;:[]}}\" data-widget_type=\"uael-image-gallery.default\">\n\t\t\t\t<div class=\"elementor-widget-container\">\n\t\t\t\t\t<div class=\"uael-gallery-parent uael-caption- uael-gallery-unjustified\"><div data-image_carousel=\"{&quot;slidesToShow&quot;:1,&quot;slidesToScroll&quot;:1,&quot;autoplaySpeed&quot;:5000,&quot;autoplay&quot;:false,&quot;infinite&quot;:true,&quot;pauseOnHover&quot;:true,&quot;speed&quot;:500,&quot;arrows&quot;:true,&quot;dots&quot;:true,&quot;rtl&quot;:false,&quot;responsive&quot;:[{&quot;breakpoint&quot;:1024,&quot;settings&quot;:{&quot;slidesToShow&quot;:3,&quot;slidesToScroll&quot;:1}},{&quot;breakpoint&quot;:767,&quot;settings&quot;:{&quot;slidesToShow&quot;:2,&quot;slidesToScroll&quot;:1}}]}\" class=\"uael-img-gallery-wrap uael-img-carousel-wrap uael-nav-both uael-image-lightbox-wrap\" data-filter-default=\"All\" data-lightbox_actions=\"[&quot;slideShow&quot;,&quot;close&quot;]\" data-lightbox-gallery-loop=\"\"><div class=\"uael-grid-item  uael-img-gallery-item-1\"><div class=\"uael-grid-item-content\"><a class=\"uael-grid-img uael-grid-gallery-img uael-ins-hover elementor-clickable\" data-fancybox=\"uael-gallery\" data-caption=\"PolimoINVISIBLEVISIBLE_22 by Sissel Tolaas\" href=\"https:\/\/www.polimoda.com\/wp-content\/uploads\/2024\/01\/12-event-one-exhibition_invisiblevisible_ph-serena-gallorini.jpg\" data-elementor-open-lightbox=\"no\"><div class=\"uael-grid-img-thumbnail uael-ins-target\"><img decoding=\"async\" width=\"1024\" height=\"660\" src=\"https:\/\/www.polimoda.com\/wp-content\/uploads\/2024\/01\/12-event-one-exhibition_invisiblevisible_ph-serena-gallorini-1024x660.jpg\" class=\"attachment-large size-large wp-image-25790\" alt=\"Polimoda AN\/ARCHIVE EVENT ONE, INVISIBLEVISIBLE_22 by Sissel Tolaas, ph. Serena Gallorini\" srcset=\"https:\/\/www.polimoda.com\/wp-content\/uploads\/2024\/01\/12-event-one-exhibition_invisiblevisible_ph-serena-gallorini-1024x660.jpg 1024w, https:\/\/www.polimoda.com\/wp-content\/uploads\/2024\/01\/12-event-one-exhibition_invisiblevisible_ph-serena-gallorini-300x193.jpg 300w, https:\/\/www.polimoda.com\/wp-content\/uploads\/2024\/01\/12-event-one-exhibition_invisiblevisible_ph-serena-gallorini-768x495.jpg 768w, https:\/\/www.polimoda.com\/wp-content\/uploads\/2024\/01\/12-event-one-exhibition_invisiblevisible_ph-serena-gallorini-1536x990.jpg 1536w, https:\/\/www.polimoda.com\/wp-content\/uploads\/2024\/01\/12-event-one-exhibition_invisiblevisible_ph-serena-gallorini-2048x1320.jpg 2048w\" sizes=\"(max-width: 1024px) 100vw, 1024px\" \/><\/div><div class=\"uael-grid-img-overlay\"><\/div><\/a><\/div><\/div><div class=\"uael-grid-item  uael-img-gallery-item-2\"><div class=\"uael-grid-item-content\"><a class=\"uael-grid-img uael-grid-gallery-img uael-ins-hover elementor-clickable\" data-fancybox=\"uael-gallery\" data-caption=\"NO BODY by Minna Palmqvist\" href=\"https:\/\/www.polimoda.com\/wp-content\/uploads\/2024\/01\/03-event-one-exhibition_ph-serena-gallorini.jpg\" data-elementor-open-lightbox=\"no\"><div class=\"uael-grid-img-thumbnail uael-ins-target\"><img loading=\"lazy\" decoding=\"async\" width=\"1024\" height=\"683\" src=\"https:\/\/www.polimoda.com\/wp-content\/uploads\/2024\/01\/03-event-one-exhibition_ph-serena-gallorini-1024x683.jpg\" class=\"attachment-large size-large wp-image-25809\" alt=\"Polimoda AN\/ARCHIVE EVENT ONE, NO BODY by Minna Palmqvist, ph. Serena Gallorini\" srcset=\"https:\/\/www.polimoda.com\/wp-content\/uploads\/2024\/01\/03-event-one-exhibition_ph-serena-gallorini-1024x683.jpg 1024w, https:\/\/www.polimoda.com\/wp-content\/uploads\/2024\/01\/03-event-one-exhibition_ph-serena-gallorini-300x200.jpg 300w, https:\/\/www.polimoda.com\/wp-content\/uploads\/2024\/01\/03-event-one-exhibition_ph-serena-gallorini-768x512.jpg 768w, https:\/\/www.polimoda.com\/wp-content\/uploads\/2024\/01\/03-event-one-exhibition_ph-serena-gallorini.jpg 1500w\" sizes=\"(max-width: 1024px) 100vw, 1024px\" \/><\/div><div class=\"uael-grid-img-overlay\"><\/div><\/a><\/div><\/div><div class=\"uael-grid-item  uael-img-gallery-item-3\"><div class=\"uael-grid-item-content\"><a class=\"uael-grid-img uael-grid-gallery-img uael-ins-hover elementor-clickable\" data-fancybox=\"uael-gallery\" data-caption=\"ALIGNIGUN by William Forsythe\" href=\"https:\/\/www.polimoda.com\/wp-content\/uploads\/2024\/01\/13-event-one-exhibition_alignigung_ph-serena-gallorini.jpg\" data-elementor-open-lightbox=\"no\"><div class=\"uael-grid-img-thumbnail uael-ins-target\"><img loading=\"lazy\" decoding=\"async\" width=\"1024\" height=\"683\" src=\"https:\/\/www.polimoda.com\/wp-content\/uploads\/2024\/01\/13-event-one-exhibition_alignigung_ph-serena-gallorini-1024x683.jpg\" class=\"attachment-large size-large wp-image-25792\" alt=\"Polimoda AN\/ARCHIVE EVENT ONE, ALIGNIGUNG, choreographed by William Forsythe, ph. Serena Gallorini\" srcset=\"https:\/\/www.polimoda.com\/wp-content\/uploads\/2024\/01\/13-event-one-exhibition_alignigung_ph-serena-gallorini-1024x683.jpg 1024w, https:\/\/www.polimoda.com\/wp-content\/uploads\/2024\/01\/13-event-one-exhibition_alignigung_ph-serena-gallorini-300x200.jpg 300w, https:\/\/www.polimoda.com\/wp-content\/uploads\/2024\/01\/13-event-one-exhibition_alignigung_ph-serena-gallorini-768x512.jpg 768w, https:\/\/www.polimoda.com\/wp-content\/uploads\/2024\/01\/13-event-one-exhibition_alignigung_ph-serena-gallorini-1536x1024.jpg 1536w, https:\/\/www.polimoda.com\/wp-content\/uploads\/2024\/01\/13-event-one-exhibition_alignigung_ph-serena-gallorini-2048x1366.jpg 2048w\" sizes=\"(max-width: 1024px) 100vw, 1024px\" \/><\/div><div class=\"uael-grid-img-overlay\"><\/div><\/a><\/div><\/div><div class=\"uael-grid-item  uael-img-gallery-item-4\"><div class=\"uael-grid-item-content\"><a class=\"uael-grid-img uael-grid-gallery-img uael-ins-hover elementor-clickable\" data-fancybox=\"uael-gallery\" data-caption=\"PolimodGarment Archive in collaboration with the A.N.G.E.L.O. Vintage Archive\" href=\"https:\/\/www.polimoda.com\/wp-content\/uploads\/2024\/01\/18-event-one-exhibition_archive-garments_margiela-SS2017_ph-serena-gallorini-scaled.jpg\" data-elementor-open-lightbox=\"no\"><div class=\"uael-grid-img-thumbnail uael-ins-target\"><img loading=\"lazy\" decoding=\"async\" width=\"1024\" height=\"683\" src=\"https:\/\/www.polimoda.com\/wp-content\/uploads\/2024\/01\/18-event-one-exhibition_archive-garments_margiela-SS2017_ph-serena-gallorini-1024x683.jpg\" class=\"attachment-large size-large wp-image-25796\" alt=\"Polimoda AN\/ARCHIVE EVENT ONE, Archive Garments in collaboration with the A.N.G.E.L.O. Vintage Archive, ph. Serena Gallorini\" srcset=\"https:\/\/www.polimoda.com\/wp-content\/uploads\/2024\/01\/18-event-one-exhibition_archive-garments_margiela-SS2017_ph-serena-gallorini-1024x683.jpg 1024w, https:\/\/www.polimoda.com\/wp-content\/uploads\/2024\/01\/18-event-one-exhibition_archive-garments_margiela-SS2017_ph-serena-gallorini-300x200.jpg 300w, https:\/\/www.polimoda.com\/wp-content\/uploads\/2024\/01\/18-event-one-exhibition_archive-garments_margiela-SS2017_ph-serena-gallorini-768x512.jpg 768w, https:\/\/www.polimoda.com\/wp-content\/uploads\/2024\/01\/18-event-one-exhibition_archive-garments_margiela-SS2017_ph-serena-gallorini-1536x1024.jpg 1536w, https:\/\/www.polimoda.com\/wp-content\/uploads\/2024\/01\/18-event-one-exhibition_archive-garments_margiela-SS2017_ph-serena-gallorini-2048x1365.jpg 2048w\" sizes=\"(max-width: 1024px) 100vw, 1024px\" \/><\/div><div class=\"uael-grid-img-overlay\"><\/div><\/a><\/div><\/div><\/div><\/div>\t\t\t\t<\/div>\n\t\t\t\t<\/div>\n\t\t\t\t<div class=\"elementor-element elementor-element-cca3b03 elementor-widget elementor-widget-testimonial\" data-id=\"cca3b03\" data-element_type=\"widget\" data-e-type=\"widget\" data-widget_type=\"testimonial.default\">\n\t\t\t\t<div class=\"elementor-widget-container\">\n\t\t\t\t\t\t\t<div class=\"elementor-testimonial-wrapper\">\n\t\t\t\t\t\t\t<div class=\"elementor-testimonial-content\"><p>Non quindi una esibizione di capi di stili ed epoche diverse, ma piuttosto una esplorazione antropologica dell\u2019architettura del corpo, vista attraverso la prospettiva dell\u2019archivio.<\/p>\n<\/div>\n\t\t\t\n\t\t\t\t\t\t<div class=\"elementor-testimonial-meta\">\n\t\t\t\t<div class=\"elementor-testimonial-meta-inner\">\n\t\t\t\t\t\n\t\t\t\t\t\t\t\t\t\t<div class=\"elementor-testimonial-details\">\n\t\t\t\t\t\t\t\t\t\t\t\t\t\t<div class=\"elementor-testimonial-name\">Massimiliano Giornetti<\/div>\n\t\t\t\t\t\t\t\t\t\t\t\t\t\t\t\t\t\t\t<\/div>\n\t\t\t\t\t\t\t\t\t<\/div>\n\t\t\t<\/div>\n\t\t\t\t\t<\/div>\n\t\t\t\t\t\t<\/div>\n\t\t\t\t<\/div>\n\t\t\t\t<div class=\"elementor-element elementor-element-bf14799 elementor-widget elementor-widget-spacer\" data-id=\"bf14799\" data-element_type=\"widget\" data-e-type=\"widget\" data-widget_type=\"spacer.default\">\n\t\t\t\t<div class=\"elementor-widget-container\">\n\t\t\t\t\t\t\t<div class=\"elementor-spacer\">\n\t\t\t<div class=\"elementor-spacer-inner\"><\/div>\n\t\t<\/div>\n\t\t\t\t\t\t<\/div>\n\t\t\t\t<\/div>\n\t\t\t\t<div class=\"elementor-element elementor-element-8e98f9b elementor-widget elementor-widget-text-editor\" data-id=\"8e98f9b\" data-element_type=\"widget\" data-e-type=\"widget\" data-widget_type=\"text-editor.default\">\n\t\t\t\t<div class=\"elementor-widget-container\">\n\t\t\t\t\t\t\t\t\t<p>AN\/ARCHIVE EVENT ONE non \u00e8 solo una mostra; \u00e8 una piattaforma per il dialogo e la scoperta. La sezione Talk dell\u2019evento presenta una serie di conversazioni con autori di spicco, esperti e ricercatori di moda. Questi incontri sono progettati per stimolare il pensiero e ispirare la riflessione su vari aspetti della moda in relazione con il corpo, dalle sue radici storiche alla sua traiettoria futura.<\/p>\n<p>Alcuni di questi incontri saranno disponibili online, o\ufb00rendo un\u2019esperienza virtuale, come le conversazioni con Paola Antonelli intitolata \u201cMoMa, The Museum of Modern Art, New York. A conversation on Research, Salons, Archives and Objects telling stories\u201d, e quella con Valerie Steele \u201cThe Museum at Fashion Institute of Technology: Collecting, Conserving, Documenting, Exhibiting, and Interpreting Fashion\u201d.<\/p>\n<p>Altri si svolgeranno di persona, come i talk di Sissel Tolaas, \u201cINVISIBLEVISIBLE_22\u201d, di Eugene Rabkin, \u201cFashion and the Male\u201d, e di Angelo Caroli in conversazione con Giuliana Matarrese. Questo formato ibrido garantisce un approccio contemporaneo e inclusivo, rendendo l\u2019evento accessibile a appassionati e professionisti indipendentemente dalla loro ubicazione.<\/p>\n<p>&#8220;<em>Non quindi una esibizione di capi di stili ed epoche diverse, ma piuttosto una esplorazione antropologica dell\u2019architettura del corpo, vista attraverso la prospettiva dell\u2019archivio. Catturare, s\u00ec, l\u2019evoluzione estetica del gusto degli ultimi 40 anni, ma essenzialmente stimolare una necessaria riflessione sul cambiamento della percezione del corpo attraverso la lente dell&#8217;identit\u00e0 di genere e dell&#8217;espressione del singolo<\/em>\u201d conclude Giornetti.<\/p>\n\t\t\t\t\t\t\t\t<\/div>\n\t\t\t\t<\/div>\n\t\t\t\t<div class=\"elementor-element elementor-element-588b9c5 elementor-widget elementor-widget-image\" data-id=\"588b9c5\" data-element_type=\"widget\" data-e-type=\"widget\" data-widget_type=\"image.default\">\n\t\t\t\t<div class=\"elementor-widget-container\">\n\t\t\t\t\t\t\t\t\t\t\t\t<figure class=\"wp-caption\">\n\t\t\t\t\t\t\t\t\t\t<img loading=\"lazy\" decoding=\"async\" width=\"1024\" height=\"683\" src=\"https:\/\/www.polimoda.com\/wp-content\/uploads\/2024\/01\/14-event-one-talk_tolaas_ph-serena-gallorini-1024x683.jpg\" class=\"attachment-large size-large wp-image-25795\" alt=\"\" srcset=\"https:\/\/www.polimoda.com\/wp-content\/uploads\/2024\/01\/14-event-one-talk_tolaas_ph-serena-gallorini-1024x683.jpg 1024w, https:\/\/www.polimoda.com\/wp-content\/uploads\/2024\/01\/14-event-one-talk_tolaas_ph-serena-gallorini-300x200.jpg 300w, https:\/\/www.polimoda.com\/wp-content\/uploads\/2024\/01\/14-event-one-talk_tolaas_ph-serena-gallorini-768x512.jpg 768w, https:\/\/www.polimoda.com\/wp-content\/uploads\/2024\/01\/14-event-one-talk_tolaas_ph-serena-gallorini-1536x1024.jpg 1536w, https:\/\/www.polimoda.com\/wp-content\/uploads\/2024\/01\/14-event-one-talk_tolaas_ph-serena-gallorini-2048x1366.jpg 2048w\" sizes=\"(max-width: 1024px) 100vw, 1024px\" \/>\t\t\t\t\t\t\t\t\t\t\t<figcaption class=\"widget-image-caption wp-caption-text\">Talk con Sissel Tolaas<\/figcaption>\n\t\t\t\t\t\t\t\t\t\t<\/figure>\n\t\t\t\t\t\t\t\t\t<\/div>\n\t\t\t\t<\/div>\n\t\t\t\t<div class=\"elementor-element elementor-element-2761507 elementor-widget elementor-widget-text-editor\" data-id=\"2761507\" data-element_type=\"widget\" data-e-type=\"widget\" data-widget_type=\"text-editor.default\">\n\t\t\t\t<div class=\"elementor-widget-container\">\n\t\t\t\t\t\t\t\t\t<p>Il programma dettagliato con tutte le informazioni e gli orari dei talk \u00e8 consultabile <a href=\"https:\/\/www.polimoda.com\/it\/an-archive-event-one\/\">QUI<\/a>.<\/p>\n<p>La mostra sar\u00e0 aperta tutti i giorni e visitabile dal 9 al 21 gennaio 2024 dalle 14:00 alle 20:00 con ingresso gratuito presso Polimoda \u2013 Edificio B4 (Manifattura Tabacchi &#8211; Via delle Cascine 35, Firenze).<\/p>\n\t\t\t\t\t\t\t\t<\/div>\n\t\t\t\t<\/div>\n\t\t\t\t<div class=\"elementor-element elementor-element-f396794 elementor-widget elementor-widget-spacer\" data-id=\"f396794\" data-element_type=\"widget\" data-e-type=\"widget\" data-widget_type=\"spacer.default\">\n\t\t\t\t<div class=\"elementor-widget-container\">\n\t\t\t\t\t\t\t<div class=\"elementor-spacer\">\n\t\t\t<div class=\"elementor-spacer-inner\"><\/div>\n\t\t<\/div>\n\t\t\t\t\t\t<\/div>\n\t\t\t\t<\/div>\n\t\t\t\t<div class=\"elementor-element elementor-element-20e64f2 elementor-widget elementor-widget-heading\" data-id=\"20e64f2\" data-element_type=\"widget\" data-e-type=\"widget\" data-widget_type=\"heading.default\">\n\t\t\t\t<div class=\"elementor-widget-container\">\n\t\t\t\t\t<h2 class=\"elementor-heading-title elementor-size-default\">AN\/ARCHIVE<\/h2>\t\t\t\t<\/div>\n\t\t\t\t<\/div>\n\t\t\t\t<div class=\"elementor-element elementor-element-812c56e elementor-widget elementor-widget-text-editor\" data-id=\"812c56e\" data-element_type=\"widget\" data-e-type=\"widget\" data-widget_type=\"text-editor.default\">\n\t\t\t\t<div class=\"elementor-widget-container\">\n\t\t\t\t\t\t\t\t\t<p>AN\/ARCHIVE \u00e8 il nuovo hub creativo per la ricerca sulla moda presentato da Polimoda. Uno spazio aperto alla citt\u00e0, pensato per accogliere ricercatori, curatori, archivisti, studenti, designer e aziende interessati allo studio della moda. Non un museo, ma un fashion archive di nuova concezione: un luogo vivo, dinamico e accessibile, sede di ricerca ma anche teatro di incontri e appuntamenti. Un laboratorio in costante evoluzione che parte dalla curatela dei capi iconici dei grandi designer, per mettere in contatto le diverse realt\u00e0 creative del sistema moda, utilizzando un lessico universale e un approccio analitico al fashion system. AN\/ARCHIVE si configura infatti come uno spazio innovativo dove si terranno mostre, workshop, conferenze e dibattiti su alcuni dei temi pi\u00f9 attuali dell\u2019industria della moda, per riflettere sul futuro del settore e favorire la nascita di una nuova generazione di ricercatori. Il progetto sar\u00e0 curato da Polimoda e supportato tramite risorse della scuola, finanziamenti europei, borse di studio, sponsor e partnership pubbliche e private interessate alla formazione e alla ricerca.<\/p>\n<p><a href=\"https:\/\/www.polimoda.com\/it\/press-area\/svelato-il-futuro-di-anarchive-il-nuovo-centro-per-lo-studio-e-la-ricerca-sulla-moda\/\">Scopri di pi\u00f9<\/a><\/p>\n\t\t\t\t\t\t\t\t<\/div>\n\t\t\t\t<\/div>\n\t\t\t\t<div class=\"elementor-element elementor-element-9d10ff9 elementor-widget elementor-widget-heading\" data-id=\"9d10ff9\" data-element_type=\"widget\" data-e-type=\"widget\" data-widget_type=\"heading.default\">\n\t\t\t\t<div class=\"elementor-widget-container\">\n\t\t\t\t\t<h2 class=\"elementor-heading-title elementor-size-default\">Download<\/h2>\t\t\t\t<\/div>\n\t\t\t\t<\/div>\n\t\t\t\t<div class=\"elementor-element elementor-element-8c7519f elementor-icon-list--layout-traditional elementor-list-item-link-full_width elementor-widget elementor-widget-icon-list\" data-id=\"8c7519f\" data-element_type=\"widget\" data-e-type=\"widget\" data-widget_type=\"icon-list.default\">\n\t\t\t\t<div class=\"elementor-widget-container\">\n\t\t\t\t\t\t\t<ul class=\"elementor-icon-list-items\">\n\t\t\t\t\t\t\t<li class=\"elementor-icon-list-item\">\n\t\t\t\t\t\t\t\t\t\t\t<a href=\"https:\/\/www.polimoda.com\/wp-content\/uploads\/2024\/01\/EN_POLIMODA-PRESENTs-AN_ARCHIVE-EVENT-ONE-comunicato-stampa-2.pdf\">\n\n\t\t\t\t\t\t\t\t\t\t\t\t<span class=\"elementor-icon-list-icon\">\n\t\t\t\t\t\t\t<i aria-hidden=\"true\" class=\"fas fa-file-pdf\"><\/i>\t\t\t\t\t\t<\/span>\n\t\t\t\t\t\t\t\t\t\t<span class=\"elementor-icon-list-text\">Comunicato stampa (EN)<\/span>\n\t\t\t\t\t\t\t\t\t\t\t<\/a>\n\t\t\t\t\t\t\t\t\t<\/li>\n\t\t\t\t\t\t\t\t<li class=\"elementor-icon-list-item\">\n\t\t\t\t\t\t\t\t\t\t\t<a href=\"https:\/\/www.polimoda.com\/wp-content\/uploads\/2024\/01\/POLIMODA-PRESENTA-AN_ARCHIVE-EVENT-ONE-comunicato-stampa.pdf\">\n\n\t\t\t\t\t\t\t\t\t\t\t\t<span class=\"elementor-icon-list-icon\">\n\t\t\t\t\t\t\t<i aria-hidden=\"true\" class=\"fas fa-file-pdf\"><\/i>\t\t\t\t\t\t<\/span>\n\t\t\t\t\t\t\t\t\t\t<span class=\"elementor-icon-list-text\">Comunicato stampa (IT)<\/span>\n\t\t\t\t\t\t\t\t\t\t\t<\/a>\n\t\t\t\t\t\t\t\t\t<\/li>\n\t\t\t\t\t\t\t\t<li class=\"elementor-icon-list-item\">\n\t\t\t\t\t\t\t\t\t\t\t<a href=\"https:\/\/www.dropbox.com\/scl\/fo\/qjbhi8xz6dqd1ckzafkvt\/h?rlkey=dd08yeh5uazx8ebpiwecn0nrf&#038;dl=0\">\n\n\t\t\t\t\t\t\t\t\t\t\t\t<span class=\"elementor-icon-list-icon\">\n\t\t\t\t\t\t\t<i aria-hidden=\"true\" class=\"fas fa-images\"><\/i>\t\t\t\t\t\t<\/span>\n\t\t\t\t\t\t\t\t\t\t<span class=\"elementor-icon-list-text\">Immagini<\/span>\n\t\t\t\t\t\t\t\t\t\t\t<\/a>\n\t\t\t\t\t\t\t\t\t<\/li>\n\t\t\t\t\t\t<\/ul>\n\t\t\t\t\t\t<\/div>\n\t\t\t\t<\/div>\n\t\t\t\t\t<\/div>\n\t\t<\/div>\n\t\t\t\t<div class=\"elementor-column elementor-col-25 elementor-top-column elementor-element elementor-element-fb791f1\" data-id=\"fb791f1\" data-element_type=\"column\" data-e-type=\"column\">\n\t\t\t<div class=\"elementor-widget-wrap\">\n\t\t\t\t\t\t\t<\/div>\n\t\t<\/div>\n\t\t\t\t\t<\/div>\n\t\t<\/section>\n\t\t\t\t<\/div>\n\t\t","protected":false},"excerpt":{"rendered":"<p>Dal 9 al 21 gennaio presso la Manifattura Tabacchi di Firenze, EVENT ONE si svilupper\u00e0 attorno al tema The Body in un\u2019esperienza multidisciplinare, offrendo una coinvolgente esplorazione del rapporto tra moda e corpo umano.<\/p>\n","protected":false},"featured_media":24359,"template":"","meta":{"_acf_changed":false,"site-sidebar-layout":"no-sidebar","site-content-layout":"page-builder","ast-site-content-layout":"full-width-container","site-content-style":"default","site-sidebar-style":"default","ast-global-header-display":"","ast-banner-title-visibility":"","ast-main-header-display":"","ast-hfb-above-header-display":"","ast-hfb-below-header-display":"","ast-hfb-mobile-header-display":"","site-post-title":"disabled","ast-breadcrumbs-content":"","ast-featured-img":"disabled","footer-sml-layout":"","ast-disable-related-posts":"","theme-transparent-header-meta":"default","adv-header-id-meta":"","stick-header-meta":"default","header-above-stick-meta":"","header-main-stick-meta":"","header-below-stick-meta":"","astra-migrate-meta-layouts":"set","ast-page-background-enabled":"default","ast-page-background-meta":{"desktop":{"background-color":"var(--ast-global-color-4)","background-image":"","background-repeat":"repeat","background-position":"center center","background-size":"auto","background-attachment":"scroll","background-type":"","background-media":"","overlay-type":"","overlay-color":"","overlay-opacity":"","overlay-gradient":""},"tablet":{"background-color":"","background-image":"","background-repeat":"repeat","background-position":"center center","background-size":"auto","background-attachment":"scroll","background-type":"","background-media":"","overlay-type":"","overlay-color":"","overlay-opacity":"","overlay-gradient":""},"mobile":{"background-color":"","background-image":"","background-repeat":"repeat","background-position":"center center","background-size":"auto","background-attachment":"scroll","background-type":"","background-media":"","overlay-type":"","overlay-color":"","overlay-opacity":"","overlay-gradient":""}},"ast-content-background-meta":{"desktop":{"background-color":"var(--ast-global-color-5)","background-image":"","background-repeat":"repeat","background-position":"center center","background-size":"auto","background-attachment":"scroll","background-type":"","background-media":"","overlay-type":"","overlay-color":"","overlay-opacity":"","overlay-gradient":""},"tablet":{"background-color":"var(--ast-global-color-5)","background-image":"","background-repeat":"repeat","background-position":"center center","background-size":"auto","background-attachment":"scroll","background-type":"","background-media":"","overlay-type":"","overlay-color":"","overlay-opacity":"","overlay-gradient":""},"mobile":{"background-color":"var(--ast-global-color-5)","background-image":"","background-repeat":"repeat","background-position":"center center","background-size":"auto","background-attachment":"scroll","background-type":"","background-media":"","overlay-type":"","overlay-color":"","overlay-opacity":"","overlay-gradient":""}}},"tags":[],"press-release-categories":[158],"class_list":["post-23568","polimoda-press","type-polimoda-press","status-publish","has-post-thumbnail","hentry","press-release-categories-events"],"acf":[],"yoast_head":"<!-- This site is optimized with the Yoast SEO plugin v27.3 - https:\/\/yoast.com\/product\/yoast-seo-wordpress\/ -->\n<title>AN\/ARCHIVE EVENT ONE | Polimoda Fashion School<\/title>\n<meta name=\"robots\" content=\"index, follow, max-snippet:-1, max-image-preview:large, max-video-preview:-1\" \/>\n<link rel=\"canonical\" href=\"https:\/\/www.polimoda.com\/it\/press-area\/an-archive-event-one\/\" \/>\n<meta property=\"og:locale\" content=\"it_IT\" \/>\n<meta property=\"og:type\" content=\"article\" \/>\n<meta property=\"og:title\" content=\"AN\/ARCHIVE EVENT ONE | Polimoda Fashion School\" \/>\n<meta property=\"og:description\" content=\"Dal 9 al 21 gennaio presso la Manifattura Tabacchi di Firenze, EVENT ONE si svilupper\u00e0 attorno al tema The Body in un\u2019esperienza multidisciplinare, offrendo una coinvolgente esplorazione del rapporto tra moda e corpo umano.\" \/>\n<meta property=\"og:url\" content=\"https:\/\/www.polimoda.com\/it\/press-area\/an-archive-event-one\/\" \/>\n<meta property=\"og:site_name\" content=\"Polimoda Fashion School\" \/>\n<meta property=\"article:publisher\" content=\"https:\/\/www.facebook.com\/Polimoda\" \/>\n<meta property=\"article:modified_time\" content=\"2024-01-18T11:00:27+00:00\" \/>\n<meta property=\"og:image\" content=\"https:\/\/www.polimoda.com\/wp-content\/uploads\/2023\/12\/event-one.png\" \/>\n\t<meta property=\"og:image:width\" content=\"1920\" \/>\n\t<meta property=\"og:image:height\" content=\"1280\" \/>\n\t<meta property=\"og:image:type\" content=\"image\/png\" \/>\n<meta name=\"twitter:card\" content=\"summary_large_image\" \/>\n<meta name=\"twitter:site\" content=\"@polimoda\" \/>\n<script type=\"application\/ld+json\" class=\"yoast-schema-graph\">{\"@context\":\"https:\\\/\\\/schema.org\",\"@graph\":[{\"@type\":\"WebPage\",\"@id\":\"https:\\\/\\\/www.polimoda.com\\\/it\\\/press-area\\\/an-archive-event-one\\\/\",\"url\":\"https:\\\/\\\/www.polimoda.com\\\/it\\\/press-area\\\/an-archive-event-one\\\/\",\"name\":\"AN\\\/ARCHIVE EVENT ONE | Polimoda Fashion School\",\"isPartOf\":{\"@id\":\"https:\\\/\\\/www.polimoda.com\\\/it\\\/#website\"},\"primaryImageOfPage\":{\"@id\":\"https:\\\/\\\/www.polimoda.com\\\/it\\\/press-area\\\/an-archive-event-one\\\/#primaryimage\"},\"image\":{\"@id\":\"https:\\\/\\\/www.polimoda.com\\\/it\\\/press-area\\\/an-archive-event-one\\\/#primaryimage\"},\"thumbnailUrl\":\"https:\\\/\\\/www.polimoda.com\\\/wp-content\\\/uploads\\\/2023\\\/12\\\/event-one.png\",\"datePublished\":\"2024-01-08T11:00:51+00:00\",\"dateModified\":\"2024-01-18T11:00:27+00:00\",\"breadcrumb\":{\"@id\":\"https:\\\/\\\/www.polimoda.com\\\/it\\\/press-area\\\/an-archive-event-one\\\/#breadcrumb\"},\"inLanguage\":\"it-IT\",\"potentialAction\":[{\"@type\":\"ReadAction\",\"target\":[\"https:\\\/\\\/www.polimoda.com\\\/it\\\/press-area\\\/an-archive-event-one\\\/\"]}]},{\"@type\":\"ImageObject\",\"inLanguage\":\"it-IT\",\"@id\":\"https:\\\/\\\/www.polimoda.com\\\/it\\\/press-area\\\/an-archive-event-one\\\/#primaryimage\",\"url\":\"https:\\\/\\\/www.polimoda.com\\\/wp-content\\\/uploads\\\/2023\\\/12\\\/event-one.png\",\"contentUrl\":\"https:\\\/\\\/www.polimoda.com\\\/wp-content\\\/uploads\\\/2023\\\/12\\\/event-one.png\",\"width\":1920,\"height\":1280,\"caption\":\"A contemplative journey through the interpretation of the body in fashion 9 \u2013 21 January 2024, Manifattura Tabacchi, Florence\"},{\"@type\":\"BreadcrumbList\",\"@id\":\"https:\\\/\\\/www.polimoda.com\\\/it\\\/press-area\\\/an-archive-event-one\\\/#breadcrumb\",\"itemListElement\":[{\"@type\":\"ListItem\",\"position\":1,\"name\":\"Home\",\"item\":\"https:\\\/\\\/www.polimoda.com\\\/it\\\/\"},{\"@type\":\"ListItem\",\"position\":2,\"name\":\"Press releases\",\"item\":\"https:\\\/\\\/www.polimoda.com\\\/it\\\/press-area\\\/\"},{\"@type\":\"ListItem\",\"position\":3,\"name\":\"AN\\\/ARCHIVE EVENT ONE\"}]},{\"@type\":\"WebSite\",\"@id\":\"https:\\\/\\\/www.polimoda.com\\\/it\\\/#website\",\"url\":\"https:\\\/\\\/www.polimoda.com\\\/it\\\/\",\"name\":\"Polimoda Fashion School\",\"description\":\"The Fashion School in Florence, Italy\",\"publisher\":{\"@id\":\"https:\\\/\\\/www.polimoda.com\\\/it\\\/#organization\"},\"alternateName\":\"Polimoda\",\"potentialAction\":[{\"@type\":\"SearchAction\",\"target\":{\"@type\":\"EntryPoint\",\"urlTemplate\":\"https:\\\/\\\/www.polimoda.com\\\/it\\\/?s={search_term_string}\"},\"query-input\":{\"@type\":\"PropertyValueSpecification\",\"valueRequired\":true,\"valueName\":\"search_term_string\"}}],\"inLanguage\":\"it-IT\"},{\"@type\":\"Organization\",\"@id\":\"https:\\\/\\\/www.polimoda.com\\\/it\\\/#organization\",\"name\":\"Polimoda Fashion School\",\"alternateName\":\"Polimoda\",\"url\":\"https:\\\/\\\/www.polimoda.com\\\/it\\\/\",\"logo\":{\"@type\":\"ImageObject\",\"inLanguage\":\"it-IT\",\"@id\":\"https:\\\/\\\/www.polimoda.com\\\/it\\\/#\\\/schema\\\/logo\\\/image\\\/\",\"url\":\"https:\\\/\\\/www.polimoda.com\\\/wp-content\\\/uploads\\\/2022\\\/07\\\/logo_polimoda.png\",\"contentUrl\":\"https:\\\/\\\/www.polimoda.com\\\/wp-content\\\/uploads\\\/2022\\\/07\\\/logo_polimoda.png\",\"width\":508,\"height\":132,\"caption\":\"Polimoda Fashion School\"},\"image\":{\"@id\":\"https:\\\/\\\/www.polimoda.com\\\/it\\\/#\\\/schema\\\/logo\\\/image\\\/\"},\"sameAs\":[\"https:\\\/\\\/www.facebook.com\\\/Polimoda\",\"https:\\\/\\\/x.com\\\/polimoda\",\"https:\\\/\\\/www.instagram.com\\\/polimodafirenze\",\"https:\\\/\\\/www.tiktok.com\\\/@polimoda\",\"https:\\\/\\\/open.spotify.com\\\/user\\\/qrqkduirz0hc5ta3wvbs4ikem?si=db886dfc1ff6482c\",\"https:\\\/\\\/www.youtube.com\\\/user\\\/polimodatube\",\"https:\\\/\\\/www.linkedin.com\\\/company\\\/polimoda\"]}]}<\/script>\n<!-- \/ Yoast SEO plugin. -->","yoast_head_json":{"title":"AN\/ARCHIVE EVENT ONE | Polimoda Fashion School","robots":{"index":"index","follow":"follow","max-snippet":"max-snippet:-1","max-image-preview":"max-image-preview:large","max-video-preview":"max-video-preview:-1"},"canonical":"https:\/\/www.polimoda.com\/it\/press-area\/an-archive-event-one\/","og_locale":"it_IT","og_type":"article","og_title":"AN\/ARCHIVE EVENT ONE | Polimoda Fashion School","og_description":"Dal 9 al 21 gennaio presso la Manifattura Tabacchi di Firenze, EVENT ONE si svilupper\u00e0 attorno al tema The Body in un\u2019esperienza multidisciplinare, offrendo una coinvolgente esplorazione del rapporto tra moda e corpo umano.","og_url":"https:\/\/www.polimoda.com\/it\/press-area\/an-archive-event-one\/","og_site_name":"Polimoda Fashion School","article_publisher":"https:\/\/www.facebook.com\/Polimoda","article_modified_time":"2024-01-18T11:00:27+00:00","og_image":[{"width":1920,"height":1280,"url":"https:\/\/www.polimoda.com\/wp-content\/uploads\/2023\/12\/event-one.png","type":"image\/png"}],"twitter_card":"summary_large_image","twitter_site":"@polimoda","schema":{"@context":"https:\/\/schema.org","@graph":[{"@type":"WebPage","@id":"https:\/\/www.polimoda.com\/it\/press-area\/an-archive-event-one\/","url":"https:\/\/www.polimoda.com\/it\/press-area\/an-archive-event-one\/","name":"AN\/ARCHIVE EVENT ONE | Polimoda Fashion School","isPartOf":{"@id":"https:\/\/www.polimoda.com\/it\/#website"},"primaryImageOfPage":{"@id":"https:\/\/www.polimoda.com\/it\/press-area\/an-archive-event-one\/#primaryimage"},"image":{"@id":"https:\/\/www.polimoda.com\/it\/press-area\/an-archive-event-one\/#primaryimage"},"thumbnailUrl":"https:\/\/www.polimoda.com\/wp-content\/uploads\/2023\/12\/event-one.png","datePublished":"2024-01-08T11:00:51+00:00","dateModified":"2024-01-18T11:00:27+00:00","breadcrumb":{"@id":"https:\/\/www.polimoda.com\/it\/press-area\/an-archive-event-one\/#breadcrumb"},"inLanguage":"it-IT","potentialAction":[{"@type":"ReadAction","target":["https:\/\/www.polimoda.com\/it\/press-area\/an-archive-event-one\/"]}]},{"@type":"ImageObject","inLanguage":"it-IT","@id":"https:\/\/www.polimoda.com\/it\/press-area\/an-archive-event-one\/#primaryimage","url":"https:\/\/www.polimoda.com\/wp-content\/uploads\/2023\/12\/event-one.png","contentUrl":"https:\/\/www.polimoda.com\/wp-content\/uploads\/2023\/12\/event-one.png","width":1920,"height":1280,"caption":"A contemplative journey through the interpretation of the body in fashion 9 \u2013 21 January 2024, Manifattura Tabacchi, Florence"},{"@type":"BreadcrumbList","@id":"https:\/\/www.polimoda.com\/it\/press-area\/an-archive-event-one\/#breadcrumb","itemListElement":[{"@type":"ListItem","position":1,"name":"Home","item":"https:\/\/www.polimoda.com\/it\/"},{"@type":"ListItem","position":2,"name":"Press releases","item":"https:\/\/www.polimoda.com\/it\/press-area\/"},{"@type":"ListItem","position":3,"name":"AN\/ARCHIVE EVENT ONE"}]},{"@type":"WebSite","@id":"https:\/\/www.polimoda.com\/it\/#website","url":"https:\/\/www.polimoda.com\/it\/","name":"Polimoda Fashion School","description":"The Fashion School in Florence, Italy","publisher":{"@id":"https:\/\/www.polimoda.com\/it\/#organization"},"alternateName":"Polimoda","potentialAction":[{"@type":"SearchAction","target":{"@type":"EntryPoint","urlTemplate":"https:\/\/www.polimoda.com\/it\/?s={search_term_string}"},"query-input":{"@type":"PropertyValueSpecification","valueRequired":true,"valueName":"search_term_string"}}],"inLanguage":"it-IT"},{"@type":"Organization","@id":"https:\/\/www.polimoda.com\/it\/#organization","name":"Polimoda Fashion School","alternateName":"Polimoda","url":"https:\/\/www.polimoda.com\/it\/","logo":{"@type":"ImageObject","inLanguage":"it-IT","@id":"https:\/\/www.polimoda.com\/it\/#\/schema\/logo\/image\/","url":"https:\/\/www.polimoda.com\/wp-content\/uploads\/2022\/07\/logo_polimoda.png","contentUrl":"https:\/\/www.polimoda.com\/wp-content\/uploads\/2022\/07\/logo_polimoda.png","width":508,"height":132,"caption":"Polimoda Fashion School"},"image":{"@id":"https:\/\/www.polimoda.com\/it\/#\/schema\/logo\/image\/"},"sameAs":["https:\/\/www.facebook.com\/Polimoda","https:\/\/x.com\/polimoda","https:\/\/www.instagram.com\/polimodafirenze","https:\/\/www.tiktok.com\/@polimoda","https:\/\/open.spotify.com\/user\/qrqkduirz0hc5ta3wvbs4ikem?si=db886dfc1ff6482c","https:\/\/www.youtube.com\/user\/polimodatube","https:\/\/www.linkedin.com\/company\/polimoda"]}]}},"_links":{"self":[{"href":"https:\/\/www.polimoda.com\/it\/wp-json\/wp\/v2\/polimoda-press\/23568","targetHints":{"allow":["GET"]}}],"collection":[{"href":"https:\/\/www.polimoda.com\/it\/wp-json\/wp\/v2\/polimoda-press"}],"about":[{"href":"https:\/\/www.polimoda.com\/it\/wp-json\/wp\/v2\/types\/polimoda-press"}],"version-history":[{"count":25,"href":"https:\/\/www.polimoda.com\/it\/wp-json\/wp\/v2\/polimoda-press\/23568\/revisions"}],"predecessor-version":[{"id":25819,"href":"https:\/\/www.polimoda.com\/it\/wp-json\/wp\/v2\/polimoda-press\/23568\/revisions\/25819"}],"wp:featuredmedia":[{"embeddable":true,"href":"https:\/\/www.polimoda.com\/it\/wp-json\/wp\/v2\/media\/24359"}],"wp:attachment":[{"href":"https:\/\/www.polimoda.com\/it\/wp-json\/wp\/v2\/media?parent=23568"}],"wp:term":[{"taxonomy":"post_tag","embeddable":true,"href":"https:\/\/www.polimoda.com\/it\/wp-json\/wp\/v2\/tags?post=23568"},{"taxonomy":"press-release-categories","embeddable":true,"href":"https:\/\/www.polimoda.com\/it\/wp-json\/wp\/v2\/press-release-categories?post=23568"}],"curies":[{"name":"wp","href":"https:\/\/api.w.org\/{rel}","templated":true}]}}