{"id":17439,"date":"2023-06-15T14:00:46","date_gmt":"2023-06-15T12:00:46","guid":{"rendered":"https:\/\/www.polimoda.com\/press-area\/anthos-graduation-show-2023\/"},"modified":"2024-02-07T10:23:59","modified_gmt":"2024-02-07T09:23:59","slug":"anthos-graduation-show-2023","status":"publish","type":"polimoda-press","link":"https:\/\/www.polimoda.com\/it\/press-area\/anthos-graduation-show-2023\/","title":{"rendered":"Anthos. Graduation Show 2023"},"content":{"rendered":"\t\t<div data-elementor-type=\"wp-post\" data-elementor-id=\"17439\" class=\"elementor elementor-17439 elementor-17265\" data-elementor-post-type=\"polimoda-press\">\n\t\t\t\t\t\t<section class=\"elementor-section elementor-top-section elementor-element elementor-element-6342856 elementor-section-boxed elementor-section-height-default elementor-section-height-default\" data-id=\"6342856\" data-element_type=\"section\" data-e-type=\"section\">\n\t\t\t\t\t\t<div class=\"elementor-container elementor-column-gap-default\">\n\t\t\t\t\t<div class=\"elementor-column elementor-col-25 elementor-top-column elementor-element elementor-element-4075384\" data-id=\"4075384\" data-element_type=\"column\" data-e-type=\"column\">\n\t\t\t<div class=\"elementor-widget-wrap\">\n\t\t\t\t\t\t\t<\/div>\n\t\t<\/div>\n\t\t\t\t<div class=\"elementor-column elementor-col-50 elementor-top-column elementor-element elementor-element-e40022a\" data-id=\"e40022a\" data-element_type=\"column\" data-e-type=\"column\">\n\t\t\t<div class=\"elementor-widget-wrap elementor-element-populated\">\n\t\t\t\t\t\t<div class=\"elementor-element elementor-element-a23c977 elementor-widget elementor-widget-text-editor\" data-id=\"a23c977\" data-element_type=\"widget\" data-e-type=\"widget\" data-widget_type=\"text-editor.default\">\n\t\t\t\t<div class=\"elementor-widget-container\">\n\t\t\t\t\t\t\t\t\t<p>Polimoda torna a promuovere la visione creativa dei suoi migliori studenti con Anthos &#8211; Graduation Show 2023, presso il nuovo edificio B4 di Manifattura Tabacchi. L&#8217;evento pi\u00f9 atteso dell&#8217;anno ha visto protagoniste le collezioni dei migliori allievi di Fashion Design, frutto della creativit\u00e0 e passione dei giovani talenti che hanno debuttato ufficialmente nel mondo della moda, elaborando la loro libera identit\u00e0 attraverso un individuale processo di ricerca e sperimentazione.<\/p>\n\t\t\t\t\t\t\t\t<\/div>\n\t\t\t\t<\/div>\n\t\t\t\t<div class=\"elementor-element elementor-element-77e7b39 elementor-widget elementor-widget-image\" data-id=\"77e7b39\" data-element_type=\"widget\" data-e-type=\"widget\" data-widget_type=\"image.default\">\n\t\t\t\t<div class=\"elementor-widget-container\">\n\t\t\t\t\t\t\t\t\t\t\t\t<figure class=\"wp-caption\">\n\t\t\t\t\t\t\t\t\t\t<img fetchpriority=\"high\" decoding=\"async\" width=\"1024\" height=\"683\" src=\"https:\/\/www.polimoda.com\/wp-content\/uploads\/2023\/06\/polimoda-anthos-02-ph-oltrabella-web-1024x683.jpg\" class=\"attachment-large size-large wp-image-17294\" alt=\"Polimoda Graduation Show 2023 - Ph. Serena Gallorini\" srcset=\"https:\/\/www.polimoda.com\/wp-content\/uploads\/2023\/06\/polimoda-anthos-02-ph-oltrabella-web-1024x683.jpg 1024w, https:\/\/www.polimoda.com\/wp-content\/uploads\/2023\/06\/polimoda-anthos-02-ph-oltrabella-web-300x200.jpg 300w, https:\/\/www.polimoda.com\/wp-content\/uploads\/2023\/06\/polimoda-anthos-02-ph-oltrabella-web-768x512.jpg 768w, https:\/\/www.polimoda.com\/wp-content\/uploads\/2023\/06\/polimoda-anthos-02-ph-oltrabella-web-1536x1024.jpg 1536w, https:\/\/www.polimoda.com\/wp-content\/uploads\/2023\/06\/polimoda-anthos-02-ph-oltrabella-web.jpg 1920w\" sizes=\"(max-width: 1024px) 100vw, 1024px\" \/>\t\t\t\t\t\t\t\t\t\t\t<figcaption class=\"widget-image-caption wp-caption-text\">Marija Yankovich<\/figcaption>\n\t\t\t\t\t\t\t\t\t\t<\/figure>\n\t\t\t\t\t\t\t\t\t<\/div>\n\t\t\t\t<\/div>\n\t\t\t\t<div class=\"elementor-element elementor-element-de65105 elementor-widget elementor-widget-text-editor\" data-id=\"de65105\" data-element_type=\"widget\" data-e-type=\"widget\" data-widget_type=\"text-editor.default\">\n\t\t\t\t<div class=\"elementor-widget-container\">\n\t\t\t\t\t\t\t\t\t<p>Inclusivo e diverso, visionario e dirompente, comunque mai omologato, il Graduation Show di Polimoda incarna l&#8217;eredit\u00e0 culturale e progettuale della scuola guidata da Massimiliano Giornetti.<\/p>\n<p>\u201cIl tempo \u00e8 necessario per creare una collezione, il tempo indispensabile per sbagliare, crescere e maturare. Questo \u00e8 oggi il vero lusso nella moda. La possibilit\u00e0 di attendere i risultati di un lavoro preciso e delicato. Di definire l&#8217;estetica di un brand che necessita di essere riconosciuta dal mercato anche senza l&#8217;ostentazione di un logo. Di tornare a siglare uno stile come i grandi creatori del passato, lontani dalla tentazione di riciclare le idee altrui.<\/p>\n<p>Questo per me \u00e8 il valore di celebrare, attraverso Anthos, il talento degli studenti Polimoda. La libert\u00e0 del pensiero creativo, puro e incontaminato.<\/p>\n<p>Ogni graduation show \u00e8 una rinnovata emozione. La sfilata di Polimoda segna un delicato passaggio nella maturazione dei nostri studenti. Il debutto in passerella dei migliori designer rappresenta l\u2019espressione pi\u00f9 alta e autentica dell\u2019estro dei giovani creativi arrivati a Firenze da tutto il mondo,\u201d Massimiliano Giornetti, Direttore di Polimoda.<\/p>\n\t\t\t\t\t\t\t\t<\/div>\n\t\t\t\t<\/div>\n\t\t\t\t<div class=\"elementor-element elementor-element-d10e849 elementor-widget elementor-widget-testimonial\" data-id=\"d10e849\" data-element_type=\"widget\" data-e-type=\"widget\" data-widget_type=\"testimonial.default\">\n\t\t\t\t<div class=\"elementor-widget-container\">\n\t\t\t\t\t\t\t<div class=\"elementor-testimonial-wrapper\">\n\t\t\t\t\t\t\t<div class=\"elementor-testimonial-content\"><p>Questo per me \u00e8 il valore di celebrare, attraverso Anthos, il talento degli studenti Polimoda. La libert\u00e0 del pensiero creativo, puro e incontaminato.<\/p>\n<\/div>\n\t\t\t\n\t\t\t\t\t\t<div class=\"elementor-testimonial-meta\">\n\t\t\t\t<div class=\"elementor-testimonial-meta-inner\">\n\t\t\t\t\t\n\t\t\t\t\t\t\t\t\t\t<div class=\"elementor-testimonial-details\">\n\t\t\t\t\t\t\t\t\t\t\t\t\t\t<div class=\"elementor-testimonial-name\">Massimiliano Giornetti<\/div>\n\t\t\t\t\t\t\t\t\t\t\t\t\t\t\t\t\t\t\t\t\t\t<div class=\"elementor-testimonial-job\">Direttore<\/div>\n\t\t\t\t\t\t\t\t\t\t\t\t\t<\/div>\n\t\t\t\t\t\t\t\t\t<\/div>\n\t\t\t<\/div>\n\t\t\t\t\t<\/div>\n\t\t\t\t\t\t<\/div>\n\t\t\t\t<\/div>\n\t\t\t\t<div class=\"elementor-element elementor-element-40c69f2 elementor-widget elementor-widget-text-editor\" data-id=\"40c69f2\" data-element_type=\"widget\" data-e-type=\"widget\" data-widget_type=\"text-editor.default\">\n\t\t\t\t<div class=\"elementor-widget-container\">\n\t\t\t\t\t\t\t\t\t<\/p>\n<p>In passerella 24 collezioni per oltre 100 look, espressione autentica del talento e dell\u2019identit\u00e0 di designer emergenti provenienti da tutto il mondo. <br \/>Hanno partecipato allo show i pi\u00f9 talentuosi studenti del quarto e terzo anno del corso di Fashion Design e dei Master in Collection Design e Creative Direction, scelti dalla faculty della scuola insieme al Direttore Massimiliano Giornetti, e Caroline Issa, CEO e Fashion Director di Tank Magazine e Mentor del corso Undergraduate in Fashion Design.<\/p>\n\t\t\t\t\t\t\t\t<\/div>\n\t\t\t\t<\/div>\n\t\t\t\t<div class=\"elementor-element elementor-element-0997689 elementor-widget elementor-widget-image\" data-id=\"0997689\" data-element_type=\"widget\" data-e-type=\"widget\" data-widget_type=\"image.default\">\n\t\t\t\t<div class=\"elementor-widget-container\">\n\t\t\t\t\t\t\t\t\t\t\t\t<figure class=\"wp-caption\">\n\t\t\t\t\t\t\t\t\t\t<img decoding=\"async\" width=\"1024\" height=\"683\" src=\"https:\/\/www.polimoda.com\/wp-content\/uploads\/2023\/06\/polimoda-anthos-02-ph-quagli-web-1024x683.jpg\" class=\"attachment-large size-large wp-image-17290\" alt=\"Polimoda Graduation Show 2023 - Ph. Lapo Quagli\" srcset=\"https:\/\/www.polimoda.com\/wp-content\/uploads\/2023\/06\/polimoda-anthos-02-ph-quagli-web-1024x683.jpg 1024w, https:\/\/www.polimoda.com\/wp-content\/uploads\/2023\/06\/polimoda-anthos-02-ph-quagli-web-300x200.jpg 300w, https:\/\/www.polimoda.com\/wp-content\/uploads\/2023\/06\/polimoda-anthos-02-ph-quagli-web-768x512.jpg 768w, https:\/\/www.polimoda.com\/wp-content\/uploads\/2023\/06\/polimoda-anthos-02-ph-quagli-web-1536x1024.jpg 1536w, https:\/\/www.polimoda.com\/wp-content\/uploads\/2023\/06\/polimoda-anthos-02-ph-quagli-web.jpg 1920w\" sizes=\"(max-width: 1024px) 100vw, 1024px\" \/>\t\t\t\t\t\t\t\t\t\t\t<figcaption class=\"widget-image-caption wp-caption-text\">Mingze Sun<\/figcaption>\n\t\t\t\t\t\t\t\t\t\t<\/figure>\n\t\t\t\t\t\t\t\t\t<\/div>\n\t\t\t\t<\/div>\n\t\t\t\t<div class=\"elementor-element elementor-element-61636c2 elementor-widget elementor-widget-spacer\" data-id=\"61636c2\" data-element_type=\"widget\" data-e-type=\"widget\" data-widget_type=\"spacer.default\">\n\t\t\t\t<div class=\"elementor-widget-container\">\n\t\t\t\t\t\t\t<div class=\"elementor-spacer\">\n\t\t\t<div class=\"elementor-spacer-inner\"><\/div>\n\t\t<\/div>\n\t\t\t\t\t\t<\/div>\n\t\t\t\t<\/div>\n\t\t\t\t<div class=\"elementor-element elementor-element-3d7956b elementor-widget elementor-widget-text-editor\" data-id=\"3d7956b\" data-element_type=\"widget\" data-e-type=\"widget\" data-widget_type=\"text-editor.default\">\n\t\t\t\t<div class=\"elementor-widget-container\">\n\t\t\t\t\t\t\t\t\t<p>Diciotto sono le nazionalit\u00e0 dei designer che hanno presentato le loro creazioni al Graduation Show 2023, in uno spaccato di contaminazione interculturale che da sempre caratterizza Polimoda.<\/p>\n<p>Hanno sfilato le collezioni di Anna Casalini (Italia), Fernanda Castro (Per\u00f9), Siying Chen (Cina), Charles Cote (Canada), Olivia Doose (Canada), Rahel Ercolini (Etiopia), Iman Zubair Fazal (Stati Uniti), Eleonora Federico (Italia), Haigann Fevier-President (Canada), Carola Emma Galli (Italia &#8211; Regno Unito), Giorgia Giannotta (Italia), Alisa Kosiborod (Russia), Xiaodan Liao (Cina), Chia-Ying Lin (Taiwan), Giulia Mauro (Italia), Giovanna Miali (Italy), Keziah Hyacinth Ottman (Ireland), Filipe Daniel Silva Mota Cerejo (Portogallo), Abygail Nathale Smith (Giamaica), Danielle Smith (Sud Africa), Mingze Sun (Cina), Rachel Tay Za (Myanmar), Amina Vanneling (Iran), Gabriele Venturi (Italia) e Marija Yankovich (Serbia).<\/p>\n\t\t\t\t\t\t\t\t<\/div>\n\t\t\t\t<\/div>\n\t\t\t\t<div class=\"elementor-element elementor-element-4cc90bd uael-img-grid__column-4 uael-img-grid-tablet__column-3 uael-img-grid-mobile__column-2 uael-ins-normal uael-img-caption-valign-bottom elementor-widget elementor-widget-uael-image-gallery\" data-id=\"4cc90bd\" data-element_type=\"widget\" data-e-type=\"widget\" data-settings=\"{&quot;gallery_columns&quot;:&quot;4&quot;,&quot;gallery_columns_tablet&quot;:&quot;3&quot;,&quot;gallery_columns_mobile&quot;:&quot;2&quot;,&quot;lightbox_margin_bottom&quot;:{&quot;unit&quot;:&quot;px&quot;,&quot;size&quot;:&quot;&quot;,&quot;sizes&quot;:[]},&quot;lightbox_margin_bottom_tablet&quot;:{&quot;unit&quot;:&quot;px&quot;,&quot;size&quot;:&quot;&quot;,&quot;sizes&quot;:[]},&quot;lightbox_margin_bottom_mobile&quot;:{&quot;unit&quot;:&quot;px&quot;,&quot;size&quot;:&quot;&quot;,&quot;sizes&quot;:[]},&quot;column_gap&quot;:{&quot;unit&quot;:&quot;px&quot;,&quot;size&quot;:20,&quot;sizes&quot;:[]},&quot;column_gap_tablet&quot;:{&quot;unit&quot;:&quot;px&quot;,&quot;size&quot;:&quot;&quot;,&quot;sizes&quot;:[]},&quot;column_gap_mobile&quot;:{&quot;unit&quot;:&quot;px&quot;,&quot;size&quot;:&quot;&quot;,&quot;sizes&quot;:[]},&quot;row_gap&quot;:{&quot;unit&quot;:&quot;px&quot;,&quot;size&quot;:20,&quot;sizes&quot;:[]},&quot;row_gap_tablet&quot;:{&quot;unit&quot;:&quot;px&quot;,&quot;size&quot;:&quot;&quot;,&quot;sizes&quot;:[]},&quot;row_gap_mobile&quot;:{&quot;unit&quot;:&quot;px&quot;,&quot;size&quot;:&quot;&quot;,&quot;sizes&quot;:[]},&quot;images_valign&quot;:&quot;flex-start&quot;,&quot;caption_padding&quot;:{&quot;unit&quot;:&quot;px&quot;,&quot;top&quot;:&quot;&quot;,&quot;right&quot;:&quot;&quot;,&quot;bottom&quot;:&quot;&quot;,&quot;left&quot;:&quot;&quot;,&quot;isLinked&quot;:true},&quot;caption_padding_tablet&quot;:{&quot;unit&quot;:&quot;px&quot;,&quot;top&quot;:&quot;&quot;,&quot;right&quot;:&quot;&quot;,&quot;bottom&quot;:&quot;&quot;,&quot;left&quot;:&quot;&quot;,&quot;isLinked&quot;:true},&quot;caption_padding_mobile&quot;:{&quot;unit&quot;:&quot;px&quot;,&quot;top&quot;:&quot;&quot;,&quot;right&quot;:&quot;&quot;,&quot;bottom&quot;:&quot;&quot;,&quot;left&quot;:&quot;&quot;,&quot;isLinked&quot;:true}}\" data-widget_type=\"uael-image-gallery.default\">\n\t\t\t\t<div class=\"elementor-widget-container\">\n\t\t\t\t\t<div class=\"uael-gallery-parent uael-caption-on-hover uael-gallery-unjustified\"><div class=\"uael-img-gallery-wrap uael-img-grid-wrap uael-img-grid-masonry-wrap uael-image-lightbox-wrap\" data-filter-default=\"All\" data-lightbox_actions=\"[&quot;slideShow&quot;,&quot;close&quot;]\" data-lightbox-gallery-loop=\"\"><div class=\"uael-grid-item  uael-img-gallery-item-1\"><div class=\"uael-grid-item-content\"><a class=\"uael-grid-img uael-grid-gallery-img uael-ins-hover elementor-clickable\" data-fancybox=\"uael-gallery\" data-caption=\"Mingze Sun\" href=\"https:\/\/www.polimoda.com\/wp-content\/uploads\/2023\/06\/Polimoda_MingzeSun_001-scaled.jpg\" data-elementor-open-lightbox=\"no\"><div class=\"uael-grid-img-thumbnail uael-ins-target\"><img decoding=\"async\" width=\"683\" height=\"1024\" src=\"https:\/\/www.polimoda.com\/wp-content\/uploads\/2023\/06\/Polimoda_MingzeSun_001-683x1024.jpg\" class=\"attachment-large size-large wp-image-17355\" alt=\"Mingze Sun\" srcset=\"https:\/\/www.polimoda.com\/wp-content\/uploads\/2023\/06\/Polimoda_MingzeSun_001-683x1024.jpg 683w, https:\/\/www.polimoda.com\/wp-content\/uploads\/2023\/06\/Polimoda_MingzeSun_001-200x300.jpg 200w, https:\/\/www.polimoda.com\/wp-content\/uploads\/2023\/06\/Polimoda_MingzeSun_001-768x1152.jpg 768w, https:\/\/www.polimoda.com\/wp-content\/uploads\/2023\/06\/Polimoda_MingzeSun_001-1024x1536.jpg 1024w, https:\/\/www.polimoda.com\/wp-content\/uploads\/2023\/06\/Polimoda_MingzeSun_001-1365x2048.jpg 1365w, https:\/\/www.polimoda.com\/wp-content\/uploads\/2023\/06\/Polimoda_MingzeSun_001-scaled.jpg 1707w\" sizes=\"(max-width: 683px) 100vw, 683px\" \/><\/div><div class=\"uael-grid-img-overlay\"><\/div><\/a><figcaption class=\"uael-grid-img-content\"><div class=\"uael-grid-img-caption\"><h4 class=\"uael-grid-caption-text\">Mingze Sun<\/h4><\/div><\/figcaption><\/div><\/div><div class=\"uael-grid-item  uael-img-gallery-item-2\"><div class=\"uael-grid-item-content\"><a class=\"uael-grid-img uael-grid-gallery-img uael-ins-hover elementor-clickable\" data-fancybox=\"uael-gallery\" data-caption=\"Xiaodan Liao\" href=\"https:\/\/www.polimoda.com\/wp-content\/uploads\/2023\/06\/Polimoda_XiaodanLiao_001-scaled.jpg\" data-elementor-open-lightbox=\"no\"><div class=\"uael-grid-img-thumbnail uael-ins-target\"><img loading=\"lazy\" decoding=\"async\" width=\"683\" height=\"1024\" src=\"https:\/\/www.polimoda.com\/wp-content\/uploads\/2023\/06\/Polimoda_XiaodanLiao_001-683x1024.jpg\" class=\"attachment-large size-large wp-image-17373\" alt=\"\" srcset=\"https:\/\/www.polimoda.com\/wp-content\/uploads\/2023\/06\/Polimoda_XiaodanLiao_001-683x1024.jpg 683w, https:\/\/www.polimoda.com\/wp-content\/uploads\/2023\/06\/Polimoda_XiaodanLiao_001-200x300.jpg 200w, https:\/\/www.polimoda.com\/wp-content\/uploads\/2023\/06\/Polimoda_XiaodanLiao_001-768x1152.jpg 768w, https:\/\/www.polimoda.com\/wp-content\/uploads\/2023\/06\/Polimoda_XiaodanLiao_001-1024x1536.jpg 1024w, https:\/\/www.polimoda.com\/wp-content\/uploads\/2023\/06\/Polimoda_XiaodanLiao_001-1365x2048.jpg 1365w, https:\/\/www.polimoda.com\/wp-content\/uploads\/2023\/06\/Polimoda_XiaodanLiao_001-scaled.jpg 1707w\" sizes=\"(max-width: 683px) 100vw, 683px\" \/><\/div><div class=\"uael-grid-img-overlay\"><\/div><\/a><figcaption class=\"uael-grid-img-content\"><div class=\"uael-grid-img-caption\"><h4 class=\"uael-grid-caption-text\">Xiaodan Liao<\/h4><\/div><\/figcaption><\/div><\/div><div class=\"uael-grid-item  uael-img-gallery-item-3\"><div class=\"uael-grid-item-content\"><a class=\"uael-grid-img uael-grid-gallery-img uael-ins-hover elementor-clickable\" data-fancybox=\"uael-gallery\" data-caption=\"Giulia Mauro\" href=\"https:\/\/www.polimoda.com\/wp-content\/uploads\/2023\/06\/Polimoda_GiuliaMauro_002-scaled.jpg\" data-elementor-open-lightbox=\"no\"><div class=\"uael-grid-img-thumbnail uael-ins-target\"><img loading=\"lazy\" decoding=\"async\" width=\"683\" height=\"1024\" src=\"https:\/\/www.polimoda.com\/wp-content\/uploads\/2023\/06\/Polimoda_GiuliaMauro_002-683x1024.jpg\" class=\"attachment-large size-large wp-image-17369\" alt=\"\" srcset=\"https:\/\/www.polimoda.com\/wp-content\/uploads\/2023\/06\/Polimoda_GiuliaMauro_002-683x1024.jpg 683w, https:\/\/www.polimoda.com\/wp-content\/uploads\/2023\/06\/Polimoda_GiuliaMauro_002-200x300.jpg 200w, https:\/\/www.polimoda.com\/wp-content\/uploads\/2023\/06\/Polimoda_GiuliaMauro_002-768x1152.jpg 768w, https:\/\/www.polimoda.com\/wp-content\/uploads\/2023\/06\/Polimoda_GiuliaMauro_002-1024x1536.jpg 1024w, https:\/\/www.polimoda.com\/wp-content\/uploads\/2023\/06\/Polimoda_GiuliaMauro_002-1365x2048.jpg 1365w, https:\/\/www.polimoda.com\/wp-content\/uploads\/2023\/06\/Polimoda_GiuliaMauro_002-scaled.jpg 1707w\" sizes=\"(max-width: 683px) 100vw, 683px\" \/><\/div><div class=\"uael-grid-img-overlay\"><\/div><\/a><figcaption class=\"uael-grid-img-content\"><div class=\"uael-grid-img-caption\"><h4 class=\"uael-grid-caption-text\">Giulia Mauro<\/h4><\/div><\/figcaption><\/div><\/div><div class=\"uael-grid-item  uael-img-gallery-item-4\"><div class=\"uael-grid-item-content\"><a class=\"uael-grid-img uael-grid-gallery-img uael-ins-hover elementor-clickable\" data-fancybox=\"uael-gallery\" data-caption=\"Haigann Fevrier-President\" href=\"https:\/\/www.polimoda.com\/wp-content\/uploads\/2023\/06\/Polimoda_HaigannFevrierPresident_001-scaled.jpg\" data-elementor-open-lightbox=\"no\"><div class=\"uael-grid-img-thumbnail uael-ins-target\"><img loading=\"lazy\" decoding=\"async\" width=\"683\" height=\"1024\" src=\"https:\/\/www.polimoda.com\/wp-content\/uploads\/2023\/06\/Polimoda_HaigannFevrierPresident_001-683x1024.jpg\" class=\"attachment-large size-large wp-image-17363\" alt=\"\" srcset=\"https:\/\/www.polimoda.com\/wp-content\/uploads\/2023\/06\/Polimoda_HaigannFevrierPresident_001-683x1024.jpg 683w, https:\/\/www.polimoda.com\/wp-content\/uploads\/2023\/06\/Polimoda_HaigannFevrierPresident_001-200x300.jpg 200w, https:\/\/www.polimoda.com\/wp-content\/uploads\/2023\/06\/Polimoda_HaigannFevrierPresident_001-768x1152.jpg 768w, https:\/\/www.polimoda.com\/wp-content\/uploads\/2023\/06\/Polimoda_HaigannFevrierPresident_001-1024x1536.jpg 1024w, https:\/\/www.polimoda.com\/wp-content\/uploads\/2023\/06\/Polimoda_HaigannFevrierPresident_001-1365x2048.jpg 1365w, https:\/\/www.polimoda.com\/wp-content\/uploads\/2023\/06\/Polimoda_HaigannFevrierPresident_001-scaled.jpg 1707w\" sizes=\"(max-width: 683px) 100vw, 683px\" \/><\/div><div class=\"uael-grid-img-overlay\"><\/div><\/a><figcaption class=\"uael-grid-img-content\"><div class=\"uael-grid-img-caption\"><h4 class=\"uael-grid-caption-text\">Haigann Fevrier-President<\/h4><\/div><\/figcaption><\/div><\/div><div class=\"uael-grid-item  uael-img-gallery-item-5\"><div class=\"uael-grid-item-content\"><a class=\"uael-grid-img uael-grid-gallery-img uael-ins-hover elementor-clickable\" data-fancybox=\"uael-gallery\" data-caption=\"Charles Cote\" href=\"https:\/\/www.polimoda.com\/wp-content\/uploads\/2023\/06\/Polimoda_CharlesCote_003-scaled.jpg\" data-elementor-open-lightbox=\"no\"><div class=\"uael-grid-img-thumbnail uael-ins-target\"><img loading=\"lazy\" decoding=\"async\" width=\"683\" height=\"1024\" src=\"https:\/\/www.polimoda.com\/wp-content\/uploads\/2023\/06\/Polimoda_CharlesCote_003-683x1024.jpg\" class=\"attachment-large size-large wp-image-17387\" alt=\"\" srcset=\"https:\/\/www.polimoda.com\/wp-content\/uploads\/2023\/06\/Polimoda_CharlesCote_003-683x1024.jpg 683w, https:\/\/www.polimoda.com\/wp-content\/uploads\/2023\/06\/Polimoda_CharlesCote_003-200x300.jpg 200w, https:\/\/www.polimoda.com\/wp-content\/uploads\/2023\/06\/Polimoda_CharlesCote_003-768x1152.jpg 768w, https:\/\/www.polimoda.com\/wp-content\/uploads\/2023\/06\/Polimoda_CharlesCote_003-1024x1536.jpg 1024w, https:\/\/www.polimoda.com\/wp-content\/uploads\/2023\/06\/Polimoda_CharlesCote_003-1365x2048.jpg 1365w, https:\/\/www.polimoda.com\/wp-content\/uploads\/2023\/06\/Polimoda_CharlesCote_003-scaled.jpg 1707w\" sizes=\"(max-width: 683px) 100vw, 683px\" \/><\/div><div class=\"uael-grid-img-overlay\"><\/div><\/a><figcaption class=\"uael-grid-img-content\"><div class=\"uael-grid-img-caption\"><h4 class=\"uael-grid-caption-text\">Charles Cote<\/h4><\/div><\/figcaption><\/div><\/div><div class=\"uael-grid-item  uael-img-gallery-item-6\"><div class=\"uael-grid-item-content\"><a class=\"uael-grid-img uael-grid-gallery-img uael-ins-hover elementor-clickable\" data-fancybox=\"uael-gallery\" data-caption=\"Jolin Lin\" href=\"https:\/\/www.polimoda.com\/wp-content\/uploads\/2023\/06\/Polimoda_ChiaYingLin_004-scaled.jpg\" data-elementor-open-lightbox=\"no\"><div class=\"uael-grid-img-thumbnail uael-ins-target\"><img loading=\"lazy\" decoding=\"async\" width=\"683\" height=\"1024\" src=\"https:\/\/www.polimoda.com\/wp-content\/uploads\/2023\/06\/Polimoda_ChiaYingLin_004-683x1024.jpg\" class=\"attachment-large size-large wp-image-17371\" alt=\"\" srcset=\"https:\/\/www.polimoda.com\/wp-content\/uploads\/2023\/06\/Polimoda_ChiaYingLin_004-683x1024.jpg 683w, https:\/\/www.polimoda.com\/wp-content\/uploads\/2023\/06\/Polimoda_ChiaYingLin_004-200x300.jpg 200w, https:\/\/www.polimoda.com\/wp-content\/uploads\/2023\/06\/Polimoda_ChiaYingLin_004-768x1152.jpg 768w, https:\/\/www.polimoda.com\/wp-content\/uploads\/2023\/06\/Polimoda_ChiaYingLin_004-1024x1536.jpg 1024w, https:\/\/www.polimoda.com\/wp-content\/uploads\/2023\/06\/Polimoda_ChiaYingLin_004-1365x2048.jpg 1365w, https:\/\/www.polimoda.com\/wp-content\/uploads\/2023\/06\/Polimoda_ChiaYingLin_004-scaled.jpg 1707w\" sizes=\"(max-width: 683px) 100vw, 683px\" \/><\/div><div class=\"uael-grid-img-overlay\"><\/div><\/a><figcaption class=\"uael-grid-img-content\"><div class=\"uael-grid-img-caption\"><h4 class=\"uael-grid-caption-text\">Jolin Lin<\/h4><\/div><\/figcaption><\/div><\/div><div class=\"uael-grid-item  uael-img-gallery-item-7\"><div class=\"uael-grid-item-content\"><a class=\"uael-grid-img uael-grid-gallery-img uael-ins-hover elementor-clickable\" data-fancybox=\"uael-gallery\" data-caption=\"Giorgia Giannotta\" href=\"https:\/\/www.polimoda.com\/wp-content\/uploads\/2023\/06\/Polimoda_GiorgiaGiannotta_001-scaled.jpg\" data-elementor-open-lightbox=\"no\"><div class=\"uael-grid-img-thumbnail uael-ins-target\"><img loading=\"lazy\" decoding=\"async\" width=\"683\" height=\"1024\" src=\"https:\/\/www.polimoda.com\/wp-content\/uploads\/2023\/06\/Polimoda_GiorgiaGiannotta_001-683x1024.jpg\" class=\"attachment-large size-large wp-image-17377\" alt=\"\" srcset=\"https:\/\/www.polimoda.com\/wp-content\/uploads\/2023\/06\/Polimoda_GiorgiaGiannotta_001-683x1024.jpg 683w, https:\/\/www.polimoda.com\/wp-content\/uploads\/2023\/06\/Polimoda_GiorgiaGiannotta_001-200x300.jpg 200w, https:\/\/www.polimoda.com\/wp-content\/uploads\/2023\/06\/Polimoda_GiorgiaGiannotta_001-768x1152.jpg 768w, https:\/\/www.polimoda.com\/wp-content\/uploads\/2023\/06\/Polimoda_GiorgiaGiannotta_001-1024x1536.jpg 1024w, https:\/\/www.polimoda.com\/wp-content\/uploads\/2023\/06\/Polimoda_GiorgiaGiannotta_001-1365x2048.jpg 1365w, https:\/\/www.polimoda.com\/wp-content\/uploads\/2023\/06\/Polimoda_GiorgiaGiannotta_001-scaled.jpg 1707w\" sizes=\"(max-width: 683px) 100vw, 683px\" \/><\/div><div class=\"uael-grid-img-overlay\"><\/div><\/a><figcaption class=\"uael-grid-img-content\"><div class=\"uael-grid-img-caption\"><h4 class=\"uael-grid-caption-text\">Giorgia Giannotta<\/h4><\/div><\/figcaption><\/div><\/div><div class=\"uael-grid-item  uael-img-gallery-item-8\"><div class=\"uael-grid-item-content\"><a class=\"uael-grid-img uael-grid-gallery-img uael-ins-hover elementor-clickable\" data-fancybox=\"uael-gallery\" data-caption=\"Iman Fazal\" href=\"https:\/\/www.polimoda.com\/wp-content\/uploads\/2023\/06\/Polimoda_ImanZubairFazal_001-scaled.jpg\" data-elementor-open-lightbox=\"no\"><div class=\"uael-grid-img-thumbnail uael-ins-target\"><img loading=\"lazy\" decoding=\"async\" width=\"683\" height=\"1024\" src=\"https:\/\/www.polimoda.com\/wp-content\/uploads\/2023\/06\/Polimoda_ImanZubairFazal_001-683x1024.jpg\" class=\"attachment-large size-large wp-image-17365\" alt=\"\" srcset=\"https:\/\/www.polimoda.com\/wp-content\/uploads\/2023\/06\/Polimoda_ImanZubairFazal_001-683x1024.jpg 683w, https:\/\/www.polimoda.com\/wp-content\/uploads\/2023\/06\/Polimoda_ImanZubairFazal_001-200x300.jpg 200w, https:\/\/www.polimoda.com\/wp-content\/uploads\/2023\/06\/Polimoda_ImanZubairFazal_001-768x1152.jpg 768w, https:\/\/www.polimoda.com\/wp-content\/uploads\/2023\/06\/Polimoda_ImanZubairFazal_001-1024x1536.jpg 1024w, https:\/\/www.polimoda.com\/wp-content\/uploads\/2023\/06\/Polimoda_ImanZubairFazal_001-1365x2048.jpg 1365w, https:\/\/www.polimoda.com\/wp-content\/uploads\/2023\/06\/Polimoda_ImanZubairFazal_001-scaled.jpg 1707w\" sizes=\"(max-width: 683px) 100vw, 683px\" \/><\/div><div class=\"uael-grid-img-overlay\"><\/div><\/a><figcaption class=\"uael-grid-img-content\"><div class=\"uael-grid-img-caption\"><h4 class=\"uael-grid-caption-text\">Iman Fazal<\/h4><\/div><\/figcaption><\/div><\/div><div class=\"uael-grid-item  uael-img-gallery-item-9\"><div class=\"uael-grid-item-content\"><a class=\"uael-grid-img uael-grid-gallery-img uael-ins-hover elementor-clickable\" data-fancybox=\"uael-gallery\" data-caption=\"Abygail Nathale Smith\" href=\"https:\/\/www.polimoda.com\/wp-content\/uploads\/2023\/06\/Polimoda_AbygailNathaleSmith_002-scaled.jpg\" data-elementor-open-lightbox=\"no\"><div class=\"uael-grid-img-thumbnail uael-ins-target\"><img loading=\"lazy\" decoding=\"async\" width=\"683\" height=\"1024\" src=\"https:\/\/www.polimoda.com\/wp-content\/uploads\/2023\/06\/Polimoda_AbygailNathaleSmith_002-683x1024.jpg\" class=\"attachment-large size-large wp-image-17357\" alt=\"\" srcset=\"https:\/\/www.polimoda.com\/wp-content\/uploads\/2023\/06\/Polimoda_AbygailNathaleSmith_002-683x1024.jpg 683w, https:\/\/www.polimoda.com\/wp-content\/uploads\/2023\/06\/Polimoda_AbygailNathaleSmith_002-200x300.jpg 200w, https:\/\/www.polimoda.com\/wp-content\/uploads\/2023\/06\/Polimoda_AbygailNathaleSmith_002-768x1152.jpg 768w, https:\/\/www.polimoda.com\/wp-content\/uploads\/2023\/06\/Polimoda_AbygailNathaleSmith_002-1024x1536.jpg 1024w, https:\/\/www.polimoda.com\/wp-content\/uploads\/2023\/06\/Polimoda_AbygailNathaleSmith_002-1365x2048.jpg 1365w, https:\/\/www.polimoda.com\/wp-content\/uploads\/2023\/06\/Polimoda_AbygailNathaleSmith_002-scaled.jpg 1707w\" sizes=\"(max-width: 683px) 100vw, 683px\" \/><\/div><div class=\"uael-grid-img-overlay\"><\/div><\/a><figcaption class=\"uael-grid-img-content\"><div class=\"uael-grid-img-caption\"><h4 class=\"uael-grid-caption-text\">Abygail Nathale Smith<\/h4><\/div><\/figcaption><\/div><\/div><div class=\"uael-grid-item  uael-img-gallery-item-10\"><div class=\"uael-grid-item-content\"><a class=\"uael-grid-img uael-grid-gallery-img uael-ins-hover elementor-clickable\" data-fancybox=\"uael-gallery\" data-caption=\"Eleonora Federico\" href=\"https:\/\/www.polimoda.com\/wp-content\/uploads\/2023\/06\/Polimoda_EleonoraFederico_001-scaled.jpg\" data-elementor-open-lightbox=\"no\"><div class=\"uael-grid-img-thumbnail uael-ins-target\"><img loading=\"lazy\" decoding=\"async\" width=\"683\" height=\"1024\" src=\"https:\/\/www.polimoda.com\/wp-content\/uploads\/2023\/06\/Polimoda_EleonoraFederico_001-683x1024.jpg\" class=\"attachment-large size-large wp-image-17381\" alt=\"\" srcset=\"https:\/\/www.polimoda.com\/wp-content\/uploads\/2023\/06\/Polimoda_EleonoraFederico_001-683x1024.jpg 683w, https:\/\/www.polimoda.com\/wp-content\/uploads\/2023\/06\/Polimoda_EleonoraFederico_001-200x300.jpg 200w, https:\/\/www.polimoda.com\/wp-content\/uploads\/2023\/06\/Polimoda_EleonoraFederico_001-768x1152.jpg 768w, https:\/\/www.polimoda.com\/wp-content\/uploads\/2023\/06\/Polimoda_EleonoraFederico_001-1024x1536.jpg 1024w, https:\/\/www.polimoda.com\/wp-content\/uploads\/2023\/06\/Polimoda_EleonoraFederico_001-1365x2048.jpg 1365w, https:\/\/www.polimoda.com\/wp-content\/uploads\/2023\/06\/Polimoda_EleonoraFederico_001-scaled.jpg 1707w\" sizes=\"(max-width: 683px) 100vw, 683px\" \/><\/div><div class=\"uael-grid-img-overlay\"><\/div><\/a><figcaption class=\"uael-grid-img-content\"><div class=\"uael-grid-img-caption\"><h4 class=\"uael-grid-caption-text\">Eleonora Federico<\/h4><\/div><\/figcaption><\/div><\/div><div class=\"uael-grid-item  uael-img-gallery-item-11\"><div class=\"uael-grid-item-content\"><a class=\"uael-grid-img uael-grid-gallery-img uael-ins-hover elementor-clickable\" data-fancybox=\"uael-gallery\" data-caption=\"Rahel Ercolini\" href=\"https:\/\/www.polimoda.com\/wp-content\/uploads\/2023\/06\/Polimoda_RahelErcolini_001-scaled.jpg\" data-elementor-open-lightbox=\"no\"><div class=\"uael-grid-img-thumbnail uael-ins-target\"><img loading=\"lazy\" decoding=\"async\" width=\"683\" height=\"1024\" src=\"https:\/\/www.polimoda.com\/wp-content\/uploads\/2023\/06\/Polimoda_RahelErcolini_001-683x1024.jpg\" class=\"attachment-large size-large wp-image-17383\" alt=\"\" srcset=\"https:\/\/www.polimoda.com\/wp-content\/uploads\/2023\/06\/Polimoda_RahelErcolini_001-683x1024.jpg 683w, https:\/\/www.polimoda.com\/wp-content\/uploads\/2023\/06\/Polimoda_RahelErcolini_001-200x300.jpg 200w, https:\/\/www.polimoda.com\/wp-content\/uploads\/2023\/06\/Polimoda_RahelErcolini_001-768x1152.jpg 768w, https:\/\/www.polimoda.com\/wp-content\/uploads\/2023\/06\/Polimoda_RahelErcolini_001-1024x1536.jpg 1024w, https:\/\/www.polimoda.com\/wp-content\/uploads\/2023\/06\/Polimoda_RahelErcolini_001-1365x2048.jpg 1365w, https:\/\/www.polimoda.com\/wp-content\/uploads\/2023\/06\/Polimoda_RahelErcolini_001-scaled.jpg 1707w\" sizes=\"(max-width: 683px) 100vw, 683px\" \/><\/div><div class=\"uael-grid-img-overlay\"><\/div><\/a><figcaption class=\"uael-grid-img-content\"><div class=\"uael-grid-img-caption\"><h4 class=\"uael-grid-caption-text\">Rahel Ercolini<\/h4><\/div><\/figcaption><\/div><\/div><div class=\"uael-grid-item  uael-img-gallery-item-12\"><div class=\"uael-grid-item-content\"><a class=\"uael-grid-img uael-grid-gallery-img uael-ins-hover elementor-clickable\" data-fancybox=\"uael-gallery\" data-caption=\"Keziah Hyacinth Ottman\" href=\"https:\/\/www.polimoda.com\/wp-content\/uploads\/2023\/06\/Polimoda_KeziahHyacinthOttman_001-scaled.jpg\" data-elementor-open-lightbox=\"no\"><div class=\"uael-grid-img-thumbnail uael-ins-target\"><img loading=\"lazy\" decoding=\"async\" width=\"683\" height=\"1024\" src=\"https:\/\/www.polimoda.com\/wp-content\/uploads\/2023\/06\/Polimoda_KeziahHyacinthOttman_001-683x1024.jpg\" class=\"attachment-large size-large wp-image-17361\" alt=\"\" srcset=\"https:\/\/www.polimoda.com\/wp-content\/uploads\/2023\/06\/Polimoda_KeziahHyacinthOttman_001-683x1024.jpg 683w, https:\/\/www.polimoda.com\/wp-content\/uploads\/2023\/06\/Polimoda_KeziahHyacinthOttman_001-200x300.jpg 200w, https:\/\/www.polimoda.com\/wp-content\/uploads\/2023\/06\/Polimoda_KeziahHyacinthOttman_001-768x1152.jpg 768w, https:\/\/www.polimoda.com\/wp-content\/uploads\/2023\/06\/Polimoda_KeziahHyacinthOttman_001-1024x1536.jpg 1024w, https:\/\/www.polimoda.com\/wp-content\/uploads\/2023\/06\/Polimoda_KeziahHyacinthOttman_001-1365x2048.jpg 1365w, https:\/\/www.polimoda.com\/wp-content\/uploads\/2023\/06\/Polimoda_KeziahHyacinthOttman_001-scaled.jpg 1707w\" sizes=\"(max-width: 683px) 100vw, 683px\" \/><\/div><div class=\"uael-grid-img-overlay\"><\/div><\/a><figcaption class=\"uael-grid-img-content\"><div class=\"uael-grid-img-caption\"><h4 class=\"uael-grid-caption-text\">Keziah Hyacinth Ottman<\/h4><\/div><\/figcaption><\/div><\/div><div class=\"uael-grid-item  uael-img-gallery-item-13\"><div class=\"uael-grid-item-content\"><a class=\"uael-grid-img uael-grid-gallery-img uael-ins-hover elementor-clickable\" data-fancybox=\"uael-gallery\" data-caption=\"Siying Chen\" href=\"https:\/\/www.polimoda.com\/wp-content\/uploads\/2023\/06\/Polimoda_StellaChen_001-scaled.jpg\" data-elementor-open-lightbox=\"no\"><div class=\"uael-grid-img-thumbnail uael-ins-target\"><img loading=\"lazy\" decoding=\"async\" width=\"683\" height=\"1024\" src=\"https:\/\/www.polimoda.com\/wp-content\/uploads\/2023\/06\/Polimoda_StellaChen_001-683x1024.jpg\" class=\"attachment-large size-large wp-image-17389\" alt=\"\" srcset=\"https:\/\/www.polimoda.com\/wp-content\/uploads\/2023\/06\/Polimoda_StellaChen_001-683x1024.jpg 683w, https:\/\/www.polimoda.com\/wp-content\/uploads\/2023\/06\/Polimoda_StellaChen_001-200x300.jpg 200w, https:\/\/www.polimoda.com\/wp-content\/uploads\/2023\/06\/Polimoda_StellaChen_001-768x1152.jpg 768w, https:\/\/www.polimoda.com\/wp-content\/uploads\/2023\/06\/Polimoda_StellaChen_001-1024x1536.jpg 1024w, https:\/\/www.polimoda.com\/wp-content\/uploads\/2023\/06\/Polimoda_StellaChen_001-1365x2048.jpg 1365w, https:\/\/www.polimoda.com\/wp-content\/uploads\/2023\/06\/Polimoda_StellaChen_001-scaled.jpg 1707w\" sizes=\"(max-width: 683px) 100vw, 683px\" \/><\/div><div class=\"uael-grid-img-overlay\"><\/div><\/a><figcaption class=\"uael-grid-img-content\"><div class=\"uael-grid-img-caption\"><h4 class=\"uael-grid-caption-text\">Siying Chen<\/h4><\/div><\/figcaption><\/div><\/div><div class=\"uael-grid-item  uael-img-gallery-item-14\"><div class=\"uael-grid-item-content\"><a class=\"uael-grid-img uael-grid-gallery-img uael-ins-hover elementor-clickable\" data-fancybox=\"uael-gallery\" data-caption=\"Anna Casalini\" href=\"https:\/\/www.polimoda.com\/wp-content\/uploads\/2023\/06\/Polimoda_AnnaCasalini_001-scaled.jpg\" data-elementor-open-lightbox=\"no\"><div class=\"uael-grid-img-thumbnail uael-ins-target\"><img loading=\"lazy\" decoding=\"async\" width=\"683\" height=\"1024\" src=\"https:\/\/www.polimoda.com\/wp-content\/uploads\/2023\/06\/Polimoda_AnnaCasalini_001-683x1024.jpg\" class=\"attachment-large size-large wp-image-17393\" alt=\"Anna Casalini\" srcset=\"https:\/\/www.polimoda.com\/wp-content\/uploads\/2023\/06\/Polimoda_AnnaCasalini_001-683x1024.jpg 683w, https:\/\/www.polimoda.com\/wp-content\/uploads\/2023\/06\/Polimoda_AnnaCasalini_001-200x300.jpg 200w, https:\/\/www.polimoda.com\/wp-content\/uploads\/2023\/06\/Polimoda_AnnaCasalini_001-768x1152.jpg 768w, https:\/\/www.polimoda.com\/wp-content\/uploads\/2023\/06\/Polimoda_AnnaCasalini_001-1024x1536.jpg 1024w, https:\/\/www.polimoda.com\/wp-content\/uploads\/2023\/06\/Polimoda_AnnaCasalini_001-1365x2048.jpg 1365w, https:\/\/www.polimoda.com\/wp-content\/uploads\/2023\/06\/Polimoda_AnnaCasalini_001-scaled.jpg 1707w\" sizes=\"(max-width: 683px) 100vw, 683px\" \/><\/div><div class=\"uael-grid-img-overlay\"><\/div><\/a><figcaption class=\"uael-grid-img-content\"><div class=\"uael-grid-img-caption\"><h4 class=\"uael-grid-caption-text\">Anna Casalini<\/h4><\/div><\/figcaption><\/div><\/div><div class=\"uael-grid-item  uael-img-gallery-item-15\"><div class=\"uael-grid-item-content\"><a class=\"uael-grid-img uael-grid-gallery-img uael-ins-hover elementor-clickable\" data-fancybox=\"uael-gallery\" data-caption=\"Alisa Kosiborod\" href=\"https:\/\/www.polimoda.com\/wp-content\/uploads\/2023\/06\/Polimoda_AlisaKosiborod_001-scaled.jpg\" data-elementor-open-lightbox=\"no\"><div class=\"uael-grid-img-thumbnail uael-ins-target\"><img loading=\"lazy\" decoding=\"async\" width=\"683\" height=\"1024\" src=\"https:\/\/www.polimoda.com\/wp-content\/uploads\/2023\/06\/Polimoda_AlisaKosiborod_001-683x1024.jpg\" class=\"attachment-large size-large wp-image-17375\" alt=\"\" srcset=\"https:\/\/www.polimoda.com\/wp-content\/uploads\/2023\/06\/Polimoda_AlisaKosiborod_001-683x1024.jpg 683w, https:\/\/www.polimoda.com\/wp-content\/uploads\/2023\/06\/Polimoda_AlisaKosiborod_001-200x300.jpg 200w, https:\/\/www.polimoda.com\/wp-content\/uploads\/2023\/06\/Polimoda_AlisaKosiborod_001-768x1152.jpg 768w, https:\/\/www.polimoda.com\/wp-content\/uploads\/2023\/06\/Polimoda_AlisaKosiborod_001-1024x1536.jpg 1024w, https:\/\/www.polimoda.com\/wp-content\/uploads\/2023\/06\/Polimoda_AlisaKosiborod_001-1365x2048.jpg 1365w, https:\/\/www.polimoda.com\/wp-content\/uploads\/2023\/06\/Polimoda_AlisaKosiborod_001-scaled.jpg 1707w\" sizes=\"(max-width: 683px) 100vw, 683px\" \/><\/div><div class=\"uael-grid-img-overlay\"><\/div><\/a><figcaption class=\"uael-grid-img-content\"><div class=\"uael-grid-img-caption\"><h4 class=\"uael-grid-caption-text\">Alisa Kosiborod<\/h4><\/div><\/figcaption><\/div><\/div><div class=\"uael-grid-item  uael-img-gallery-item-16\"><div class=\"uael-grid-item-content\"><a class=\"uael-grid-img uael-grid-gallery-img uael-ins-hover elementor-clickable\" data-fancybox=\"uael-gallery\" data-caption=\"Filipe Daniel\" href=\"https:\/\/www.polimoda.com\/wp-content\/uploads\/2023\/06\/Polimoda_FilipeMotaCerejo_002-scaled.jpg\" data-elementor-open-lightbox=\"no\"><div class=\"uael-grid-img-thumbnail uael-ins-target\"><img loading=\"lazy\" decoding=\"async\" width=\"683\" height=\"1024\" src=\"https:\/\/www.polimoda.com\/wp-content\/uploads\/2023\/06\/Polimoda_FilipeMotaCerejo_002-683x1024.jpg\" class=\"attachment-large size-large wp-image-17359\" alt=\"\" srcset=\"https:\/\/www.polimoda.com\/wp-content\/uploads\/2023\/06\/Polimoda_FilipeMotaCerejo_002-683x1024.jpg 683w, https:\/\/www.polimoda.com\/wp-content\/uploads\/2023\/06\/Polimoda_FilipeMotaCerejo_002-200x300.jpg 200w, https:\/\/www.polimoda.com\/wp-content\/uploads\/2023\/06\/Polimoda_FilipeMotaCerejo_002-768x1152.jpg 768w, https:\/\/www.polimoda.com\/wp-content\/uploads\/2023\/06\/Polimoda_FilipeMotaCerejo_002-1024x1536.jpg 1024w, https:\/\/www.polimoda.com\/wp-content\/uploads\/2023\/06\/Polimoda_FilipeMotaCerejo_002-1365x2048.jpg 1365w, https:\/\/www.polimoda.com\/wp-content\/uploads\/2023\/06\/Polimoda_FilipeMotaCerejo_002-scaled.jpg 1707w\" sizes=\"(max-width: 683px) 100vw, 683px\" \/><\/div><div class=\"uael-grid-img-overlay\"><\/div><\/a><figcaption class=\"uael-grid-img-content\"><div class=\"uael-grid-img-caption\"><h4 class=\"uael-grid-caption-text\">Filipe Daniel<\/h4><\/div><\/figcaption><\/div><\/div><div class=\"uael-grid-item  uael-img-gallery-item-17\"><div class=\"uael-grid-item-content\"><a class=\"uael-grid-img uael-grid-gallery-img uael-ins-hover elementor-clickable\" data-fancybox=\"uael-gallery\" data-caption=\"Amina Vanneling\" href=\"https:\/\/www.polimoda.com\/wp-content\/uploads\/2023\/06\/Polimoda_AminaVanneling_001-scaled.jpg\" data-elementor-open-lightbox=\"no\"><div class=\"uael-grid-img-thumbnail uael-ins-target\"><img loading=\"lazy\" decoding=\"async\" width=\"683\" height=\"1024\" src=\"https:\/\/www.polimoda.com\/wp-content\/uploads\/2023\/06\/Polimoda_AminaVanneling_001-683x1024.jpg\" class=\"attachment-large size-large wp-image-17347\" alt=\"\" srcset=\"https:\/\/www.polimoda.com\/wp-content\/uploads\/2023\/06\/Polimoda_AminaVanneling_001-683x1024.jpg 683w, https:\/\/www.polimoda.com\/wp-content\/uploads\/2023\/06\/Polimoda_AminaVanneling_001-200x300.jpg 200w, https:\/\/www.polimoda.com\/wp-content\/uploads\/2023\/06\/Polimoda_AminaVanneling_001-768x1152.jpg 768w, https:\/\/www.polimoda.com\/wp-content\/uploads\/2023\/06\/Polimoda_AminaVanneling_001-1024x1536.jpg 1024w, https:\/\/www.polimoda.com\/wp-content\/uploads\/2023\/06\/Polimoda_AminaVanneling_001-1365x2048.jpg 1365w, https:\/\/www.polimoda.com\/wp-content\/uploads\/2023\/06\/Polimoda_AminaVanneling_001-scaled.jpg 1707w\" sizes=\"(max-width: 683px) 100vw, 683px\" \/><\/div><div class=\"uael-grid-img-overlay\"><\/div><\/a><figcaption class=\"uael-grid-img-content\"><div class=\"uael-grid-img-caption\"><h4 class=\"uael-grid-caption-text\">Amina Vanneling<\/h4><\/div><\/figcaption><\/div><\/div><div class=\"uael-grid-item  uael-img-gallery-item-18\"><div class=\"uael-grid-item-content\"><a class=\"uael-grid-img uael-grid-gallery-img uael-ins-hover elementor-clickable\" data-fancybox=\"uael-gallery\" data-caption=\"Olivia Doose\" href=\"https:\/\/www.polimoda.com\/wp-content\/uploads\/2023\/06\/Polimoda_OliviaDoose_001-scaled.jpg\" data-elementor-open-lightbox=\"no\"><div class=\"uael-grid-img-thumbnail uael-ins-target\"><img loading=\"lazy\" decoding=\"async\" width=\"683\" height=\"1024\" src=\"https:\/\/www.polimoda.com\/wp-content\/uploads\/2023\/06\/Polimoda_OliviaDoose_001-683x1024.jpg\" class=\"attachment-large size-large wp-image-17385\" alt=\"\" srcset=\"https:\/\/www.polimoda.com\/wp-content\/uploads\/2023\/06\/Polimoda_OliviaDoose_001-683x1024.jpg 683w, https:\/\/www.polimoda.com\/wp-content\/uploads\/2023\/06\/Polimoda_OliviaDoose_001-200x300.jpg 200w, https:\/\/www.polimoda.com\/wp-content\/uploads\/2023\/06\/Polimoda_OliviaDoose_001-768x1152.jpg 768w, https:\/\/www.polimoda.com\/wp-content\/uploads\/2023\/06\/Polimoda_OliviaDoose_001-1024x1536.jpg 1024w, https:\/\/www.polimoda.com\/wp-content\/uploads\/2023\/06\/Polimoda_OliviaDoose_001-1365x2048.jpg 1365w, https:\/\/www.polimoda.com\/wp-content\/uploads\/2023\/06\/Polimoda_OliviaDoose_001-scaled.jpg 1707w\" sizes=\"(max-width: 683px) 100vw, 683px\" \/><\/div><div class=\"uael-grid-img-overlay\"><\/div><\/a><figcaption class=\"uael-grid-img-content\"><div class=\"uael-grid-img-caption\"><h4 class=\"uael-grid-caption-text\">Olivia Doose<\/h4><\/div><\/figcaption><\/div><\/div><div class=\"uael-grid-item  uael-img-gallery-item-19\"><div class=\"uael-grid-item-content\"><a class=\"uael-grid-img uael-grid-gallery-img uael-ins-hover elementor-clickable\" data-fancybox=\"uael-gallery\" data-caption=\"Giovanna Miali\" href=\"https:\/\/www.polimoda.com\/wp-content\/uploads\/2023\/06\/Polimoda_GiovannaMiali_003-scaled.jpg\" data-elementor-open-lightbox=\"no\"><div class=\"uael-grid-img-thumbnail uael-ins-target\"><img loading=\"lazy\" decoding=\"async\" width=\"683\" height=\"1024\" src=\"https:\/\/www.polimoda.com\/wp-content\/uploads\/2023\/06\/Polimoda_GiovannaMiali_003-683x1024.jpg\" class=\"attachment-large size-large wp-image-17367\" alt=\"\" srcset=\"https:\/\/www.polimoda.com\/wp-content\/uploads\/2023\/06\/Polimoda_GiovannaMiali_003-683x1024.jpg 683w, https:\/\/www.polimoda.com\/wp-content\/uploads\/2023\/06\/Polimoda_GiovannaMiali_003-200x300.jpg 200w, https:\/\/www.polimoda.com\/wp-content\/uploads\/2023\/06\/Polimoda_GiovannaMiali_003-768x1152.jpg 768w, https:\/\/www.polimoda.com\/wp-content\/uploads\/2023\/06\/Polimoda_GiovannaMiali_003-1024x1536.jpg 1024w, https:\/\/www.polimoda.com\/wp-content\/uploads\/2023\/06\/Polimoda_GiovannaMiali_003-1365x2048.jpg 1365w, https:\/\/www.polimoda.com\/wp-content\/uploads\/2023\/06\/Polimoda_GiovannaMiali_003-scaled.jpg 1707w\" sizes=\"(max-width: 683px) 100vw, 683px\" \/><\/div><div class=\"uael-grid-img-overlay\"><\/div><\/a><figcaption class=\"uael-grid-img-content\"><div class=\"uael-grid-img-caption\"><h4 class=\"uael-grid-caption-text\">Giovanna Miali<\/h4><\/div><\/figcaption><\/div><\/div><div class=\"uael-grid-item  uael-img-gallery-item-20\"><div class=\"uael-grid-item-content\"><a class=\"uael-grid-img uael-grid-gallery-img uael-ins-hover elementor-clickable\" data-fancybox=\"uael-gallery\" data-caption=\"Fernanda Castro\" href=\"https:\/\/www.polimoda.com\/wp-content\/uploads\/2023\/06\/Polimoda_FernandaCastro_001-scaled.jpg\" data-elementor-open-lightbox=\"no\"><div class=\"uael-grid-img-thumbnail uael-ins-target\"><img loading=\"lazy\" decoding=\"async\" width=\"683\" height=\"1024\" src=\"https:\/\/www.polimoda.com\/wp-content\/uploads\/2023\/06\/Polimoda_FernandaCastro_001-683x1024.jpg\" class=\"attachment-large size-large wp-image-17391\" alt=\"\" srcset=\"https:\/\/www.polimoda.com\/wp-content\/uploads\/2023\/06\/Polimoda_FernandaCastro_001-683x1024.jpg 683w, https:\/\/www.polimoda.com\/wp-content\/uploads\/2023\/06\/Polimoda_FernandaCastro_001-200x300.jpg 200w, https:\/\/www.polimoda.com\/wp-content\/uploads\/2023\/06\/Polimoda_FernandaCastro_001-768x1152.jpg 768w, https:\/\/www.polimoda.com\/wp-content\/uploads\/2023\/06\/Polimoda_FernandaCastro_001-1024x1536.jpg 1024w, https:\/\/www.polimoda.com\/wp-content\/uploads\/2023\/06\/Polimoda_FernandaCastro_001-1365x2048.jpg 1365w, https:\/\/www.polimoda.com\/wp-content\/uploads\/2023\/06\/Polimoda_FernandaCastro_001-scaled.jpg 1707w\" sizes=\"(max-width: 683px) 100vw, 683px\" \/><\/div><div class=\"uael-grid-img-overlay\"><\/div><\/a><figcaption class=\"uael-grid-img-content\"><div class=\"uael-grid-img-caption\"><h4 class=\"uael-grid-caption-text\">Fernanda Castro<\/h4><\/div><\/figcaption><\/div><\/div><div class=\"uael-grid-item  uael-img-gallery-item-21\"><div class=\"uael-grid-item-content\"><a class=\"uael-grid-img uael-grid-gallery-img uael-ins-hover elementor-clickable\" data-fancybox=\"uael-gallery\" data-caption=\"Gabriele Venturi\" href=\"https:\/\/www.polimoda.com\/wp-content\/uploads\/2023\/06\/Polimoda_GabrieleVenturi_001-scaled.jpg\" data-elementor-open-lightbox=\"no\"><div class=\"uael-grid-img-thumbnail uael-ins-target\"><img loading=\"lazy\" decoding=\"async\" width=\"683\" height=\"1024\" src=\"https:\/\/www.polimoda.com\/wp-content\/uploads\/2023\/06\/Polimoda_GabrieleVenturi_001-683x1024.jpg\" class=\"attachment-large size-large wp-image-17351\" alt=\"\" srcset=\"https:\/\/www.polimoda.com\/wp-content\/uploads\/2023\/06\/Polimoda_GabrieleVenturi_001-683x1024.jpg 683w, https:\/\/www.polimoda.com\/wp-content\/uploads\/2023\/06\/Polimoda_GabrieleVenturi_001-200x300.jpg 200w, https:\/\/www.polimoda.com\/wp-content\/uploads\/2023\/06\/Polimoda_GabrieleVenturi_001-768x1152.jpg 768w, https:\/\/www.polimoda.com\/wp-content\/uploads\/2023\/06\/Polimoda_GabrieleVenturi_001-1024x1536.jpg 1024w, https:\/\/www.polimoda.com\/wp-content\/uploads\/2023\/06\/Polimoda_GabrieleVenturi_001-1365x2048.jpg 1365w, https:\/\/www.polimoda.com\/wp-content\/uploads\/2023\/06\/Polimoda_GabrieleVenturi_001-scaled.jpg 1707w\" sizes=\"(max-width: 683px) 100vw, 683px\" \/><\/div><div class=\"uael-grid-img-overlay\"><\/div><\/a><figcaption class=\"uael-grid-img-content\"><div class=\"uael-grid-img-caption\"><h4 class=\"uael-grid-caption-text\">Gabriele Venturi<\/h4><\/div><\/figcaption><\/div><\/div><div class=\"uael-grid-item  uael-img-gallery-item-22\"><div class=\"uael-grid-item-content\"><a class=\"uael-grid-img uael-grid-gallery-img uael-ins-hover elementor-clickable\" data-fancybox=\"uael-gallery\" data-caption=\"Rachel Tay Za\" href=\"https:\/\/www.polimoda.com\/wp-content\/uploads\/2023\/06\/Polimoda_HtooHtweTayZa_001-scaled.jpg\" data-elementor-open-lightbox=\"no\"><div class=\"uael-grid-img-thumbnail uael-ins-target\"><img loading=\"lazy\" decoding=\"async\" width=\"683\" height=\"1024\" src=\"https:\/\/www.polimoda.com\/wp-content\/uploads\/2023\/06\/Polimoda_HtooHtweTayZa_001-683x1024.jpg\" class=\"attachment-large size-large wp-image-17353\" alt=\"\" srcset=\"https:\/\/www.polimoda.com\/wp-content\/uploads\/2023\/06\/Polimoda_HtooHtweTayZa_001-683x1024.jpg 683w, https:\/\/www.polimoda.com\/wp-content\/uploads\/2023\/06\/Polimoda_HtooHtweTayZa_001-200x300.jpg 200w, https:\/\/www.polimoda.com\/wp-content\/uploads\/2023\/06\/Polimoda_HtooHtweTayZa_001-768x1152.jpg 768w, https:\/\/www.polimoda.com\/wp-content\/uploads\/2023\/06\/Polimoda_HtooHtweTayZa_001-1024x1536.jpg 1024w, https:\/\/www.polimoda.com\/wp-content\/uploads\/2023\/06\/Polimoda_HtooHtweTayZa_001-1365x2048.jpg 1365w, https:\/\/www.polimoda.com\/wp-content\/uploads\/2023\/06\/Polimoda_HtooHtweTayZa_001-scaled.jpg 1707w\" sizes=\"(max-width: 683px) 100vw, 683px\" \/><\/div><div class=\"uael-grid-img-overlay\"><\/div><\/a><figcaption class=\"uael-grid-img-content\"><div class=\"uael-grid-img-caption\"><h4 class=\"uael-grid-caption-text\">Rachel Tay Za<\/h4><\/div><\/figcaption><\/div><\/div><div class=\"uael-grid-item  uael-img-gallery-item-23\"><div class=\"uael-grid-item-content\"><a class=\"uael-grid-img uael-grid-gallery-img uael-ins-hover elementor-clickable\" data-fancybox=\"uael-gallery\" data-caption=\"Marija Yankovich\" href=\"https:\/\/www.polimoda.com\/wp-content\/uploads\/2023\/06\/Polimoda_MarijaYancovic_001-scaled.jpg\" data-elementor-open-lightbox=\"no\"><div class=\"uael-grid-img-thumbnail uael-ins-target\"><img loading=\"lazy\" decoding=\"async\" width=\"683\" height=\"1024\" src=\"https:\/\/www.polimoda.com\/wp-content\/uploads\/2023\/06\/Polimoda_MarijaYancovic_001-683x1024.jpg\" class=\"attachment-large size-large wp-image-17349\" alt=\"\" srcset=\"https:\/\/www.polimoda.com\/wp-content\/uploads\/2023\/06\/Polimoda_MarijaYancovic_001-683x1024.jpg 683w, https:\/\/www.polimoda.com\/wp-content\/uploads\/2023\/06\/Polimoda_MarijaYancovic_001-200x300.jpg 200w, https:\/\/www.polimoda.com\/wp-content\/uploads\/2023\/06\/Polimoda_MarijaYancovic_001-768x1152.jpg 768w, https:\/\/www.polimoda.com\/wp-content\/uploads\/2023\/06\/Polimoda_MarijaYancovic_001-1024x1536.jpg 1024w, https:\/\/www.polimoda.com\/wp-content\/uploads\/2023\/06\/Polimoda_MarijaYancovic_001-1365x2048.jpg 1365w, https:\/\/www.polimoda.com\/wp-content\/uploads\/2023\/06\/Polimoda_MarijaYancovic_001-scaled.jpg 1707w\" sizes=\"(max-width: 683px) 100vw, 683px\" \/><\/div><div class=\"uael-grid-img-overlay\"><\/div><\/a><figcaption class=\"uael-grid-img-content\"><div class=\"uael-grid-img-caption\"><h4 class=\"uael-grid-caption-text\">Marija Yankovich<\/h4><\/div><\/figcaption><\/div><\/div><div class=\"uael-grid-item  uael-img-gallery-item-24\"><div class=\"uael-grid-item-content\"><a class=\"uael-grid-img uael-grid-gallery-img uael-ins-hover elementor-clickable\" data-fancybox=\"uael-gallery\" data-caption=\"Carola Emma Galli\" href=\"https:\/\/www.polimoda.com\/wp-content\/uploads\/2023\/06\/Polimoda_CarolaEmmaGalli_001-scaled.jpg\" data-elementor-open-lightbox=\"no\"><div class=\"uael-grid-img-thumbnail uael-ins-target\"><img loading=\"lazy\" decoding=\"async\" width=\"683\" height=\"1024\" src=\"https:\/\/www.polimoda.com\/wp-content\/uploads\/2023\/06\/Polimoda_CarolaEmmaGalli_001-683x1024.jpg\" class=\"attachment-large size-large wp-image-17379\" alt=\"\" srcset=\"https:\/\/www.polimoda.com\/wp-content\/uploads\/2023\/06\/Polimoda_CarolaEmmaGalli_001-683x1024.jpg 683w, https:\/\/www.polimoda.com\/wp-content\/uploads\/2023\/06\/Polimoda_CarolaEmmaGalli_001-200x300.jpg 200w, https:\/\/www.polimoda.com\/wp-content\/uploads\/2023\/06\/Polimoda_CarolaEmmaGalli_001-768x1152.jpg 768w, https:\/\/www.polimoda.com\/wp-content\/uploads\/2023\/06\/Polimoda_CarolaEmmaGalli_001-1024x1536.jpg 1024w, https:\/\/www.polimoda.com\/wp-content\/uploads\/2023\/06\/Polimoda_CarolaEmmaGalli_001-1365x2048.jpg 1365w, https:\/\/www.polimoda.com\/wp-content\/uploads\/2023\/06\/Polimoda_CarolaEmmaGalli_001-scaled.jpg 1707w\" sizes=\"(max-width: 683px) 100vw, 683px\" \/><\/div><div class=\"uael-grid-img-overlay\"><\/div><\/a><figcaption class=\"uael-grid-img-content\"><div class=\"uael-grid-img-caption\"><h4 class=\"uael-grid-caption-text\">Carola Emma Galli<\/h4><\/div><\/figcaption><\/div><\/div><\/div><\/div>\t\t\t\t<\/div>\n\t\t\t\t<\/div>\n\t\t\t\t<div class=\"elementor-element elementor-element-724e5b6 elementor-widget elementor-widget-spacer\" data-id=\"724e5b6\" data-element_type=\"widget\" data-e-type=\"widget\" data-widget_type=\"spacer.default\">\n\t\t\t\t<div class=\"elementor-widget-container\">\n\t\t\t\t\t\t\t<div class=\"elementor-spacer\">\n\t\t\t<div class=\"elementor-spacer-inner\"><\/div>\n\t\t<\/div>\n\t\t\t\t\t\t<\/div>\n\t\t\t\t<\/div>\n\t\t\t\t<div class=\"elementor-element elementor-element-c4db76b elementor-widget elementor-widget-heading\" data-id=\"c4db76b\" data-element_type=\"widget\" data-e-type=\"widget\" data-widget_type=\"heading.default\">\n\t\t\t\t<div class=\"elementor-widget-container\">\n\t\t\t\t\t<h2 class=\"elementor-heading-title elementor-size-default\">Il fashion show<\/h2>\t\t\t\t<\/div>\n\t\t\t\t<\/div>\n\t\t\t\t<div class=\"elementor-element elementor-element-115509b elementor-widget elementor-widget-text-editor\" data-id=\"115509b\" data-element_type=\"widget\" data-e-type=\"widget\" data-widget_type=\"text-editor.default\">\n\t\t\t\t<div class=\"elementor-widget-container\">\n\t\t\t\t\t\t\t\t\t<p>Un team d\u2019eccezione ha collaborato alla realizzazione del Graduation Show 2023: sotto la direzione artistica di Massimiliano Giornetti, che ha seguito personalmente gli studenti nello sviluppo delle loro collezioni offrendo loro opportunit\u00e0 uniche di apprendimento e crescita professionale, la sfilata vanta la speciale mentorship di Caroline Issa, la rinnovata collaborazione con il noto fashion stylist Serge Girardi e la preziosa partecipazione di Diego Dolcini che con la sua expertise ha guidato i giovani stilisti nella creazione di scarpe e accessori. Il sound design dello show \u00e8 stato curato dal celebre compositore francese Fr\u00e9d\u00e9ric Sanchez.<\/p>\n\t\t\t\t\t\t\t\t<\/div>\n\t\t\t\t<\/div>\n\t\t\t\t<div class=\"elementor-element elementor-element-07ddf40 elementor-widget elementor-widget-heading\" data-id=\"07ddf40\" data-element_type=\"widget\" data-e-type=\"widget\" data-widget_type=\"heading.default\">\n\t\t\t\t<div class=\"elementor-widget-container\">\n\t\t\t\t\t<h2 class=\"elementor-heading-title elementor-size-default\">Gli ospiti<\/h2>\t\t\t\t<\/div>\n\t\t\t\t<\/div>\n\t\t\t\t<div class=\"elementor-element elementor-element-3c36beb elementor-widget elementor-widget-text-editor\" data-id=\"3c36beb\" data-element_type=\"widget\" data-e-type=\"widget\" data-widget_type=\"text-editor.default\">\n\t\t\t\t<div class=\"elementor-widget-container\">\n\t\t\t\t\t\t\t\t\t<p>Tra gli ospiti, oltre a un folto pubblico di addetti ai lavori e personalit\u00e0 del mondo della moda e della cultura, giovani talenti del mondo della musica come Gaia, Beatrice Quinta e Tommy Dali, star del cinema a livello internazionale come Ed Westwick e Amy Jackson e la giovane attrice e cantante Clara. Tra gli influencer Danae Mercer Ricci, Mina Le, STYLE NOT COM, Fashion Boy, Zachary Weiss, Brett e Scott Staniland e Ludovica Ragazzo.<\/p>\n\t\t\t\t\t\t\t\t<\/div>\n\t\t\t\t<\/div>\n\t\t\t\t<div class=\"elementor-element elementor-element-ddd635a uael-img-grid__column-3 uael-img-grid-tablet__column-3 uael-img-grid-mobile__column-2 uael-ins-normal elementor-widget elementor-widget-uael-image-gallery\" data-id=\"ddd635a\" data-element_type=\"widget\" data-e-type=\"widget\" data-settings=\"{&quot;gallery_columns&quot;:&quot;3&quot;,&quot;gallery_columns_tablet&quot;:&quot;3&quot;,&quot;gallery_columns_mobile&quot;:&quot;2&quot;,&quot;lightbox_margin_bottom&quot;:{&quot;unit&quot;:&quot;px&quot;,&quot;size&quot;:&quot;&quot;,&quot;sizes&quot;:[]},&quot;lightbox_margin_bottom_tablet&quot;:{&quot;unit&quot;:&quot;px&quot;,&quot;size&quot;:&quot;&quot;,&quot;sizes&quot;:[]},&quot;lightbox_margin_bottom_mobile&quot;:{&quot;unit&quot;:&quot;px&quot;,&quot;size&quot;:&quot;&quot;,&quot;sizes&quot;:[]},&quot;column_gap&quot;:{&quot;unit&quot;:&quot;px&quot;,&quot;size&quot;:20,&quot;sizes&quot;:[]},&quot;column_gap_tablet&quot;:{&quot;unit&quot;:&quot;px&quot;,&quot;size&quot;:&quot;&quot;,&quot;sizes&quot;:[]},&quot;column_gap_mobile&quot;:{&quot;unit&quot;:&quot;px&quot;,&quot;size&quot;:&quot;&quot;,&quot;sizes&quot;:[]},&quot;row_gap&quot;:{&quot;unit&quot;:&quot;px&quot;,&quot;size&quot;:20,&quot;sizes&quot;:[]},&quot;row_gap_tablet&quot;:{&quot;unit&quot;:&quot;px&quot;,&quot;size&quot;:&quot;&quot;,&quot;sizes&quot;:[]},&quot;row_gap_mobile&quot;:{&quot;unit&quot;:&quot;px&quot;,&quot;size&quot;:&quot;&quot;,&quot;sizes&quot;:[]},&quot;images_valign&quot;:&quot;flex-start&quot;}\" data-widget_type=\"uael-image-gallery.default\">\n\t\t\t\t<div class=\"elementor-widget-container\">\n\t\t\t\t\t<div class=\"uael-gallery-parent uael-caption- uael-gallery-unjustified\"><div class=\"uael-img-gallery-wrap uael-img-grid-wrap uael-img-grid-masonry-wrap uael-image-lightbox-wrap\" data-filter-default=\"All\" data-lightbox_actions=\"[&quot;slideShow&quot;,&quot;close&quot;]\" data-lightbox-gallery-loop=\"\"><div class=\"uael-grid-item  uael-img-gallery-item-1\"><div class=\"uael-grid-item-content\"><a class=\"uael-grid-img uael-grid-gallery-img uael-ins-hover elementor-clickable\" data-fancybox=\"uael-gallery\" data-caption=\"Polimoda Graduation Show 2023 - Ed Westwick and Amy Jackson\" href=\"https:\/\/www.polimoda.com\/wp-content\/uploads\/2023\/06\/polimoda-anthos-westwick-jackson-ph-marcocci.jpg\" data-elementor-open-lightbox=\"no\"><div class=\"uael-grid-img-thumbnail uael-ins-target\"><img loading=\"lazy\" decoding=\"async\" width=\"1024\" height=\"682\" src=\"https:\/\/www.polimoda.com\/wp-content\/uploads\/2023\/06\/polimoda-anthos-westwick-jackson-ph-marcocci-1024x682.jpg\" class=\"attachment-large size-large wp-image-17297\" alt=\"Polimoda Graduation Show 2023 - Ed Westwick and Amy Jackson\" srcset=\"https:\/\/www.polimoda.com\/wp-content\/uploads\/2023\/06\/polimoda-anthos-westwick-jackson-ph-marcocci-1024x682.jpg 1024w, https:\/\/www.polimoda.com\/wp-content\/uploads\/2023\/06\/polimoda-anthos-westwick-jackson-ph-marcocci-300x200.jpg 300w, https:\/\/www.polimoda.com\/wp-content\/uploads\/2023\/06\/polimoda-anthos-westwick-jackson-ph-marcocci-768x512.jpg 768w, https:\/\/www.polimoda.com\/wp-content\/uploads\/2023\/06\/polimoda-anthos-westwick-jackson-ph-marcocci-1536x1024.jpg 1536w, https:\/\/www.polimoda.com\/wp-content\/uploads\/2023\/06\/polimoda-anthos-westwick-jackson-ph-marcocci.jpg 2000w\" sizes=\"(max-width: 1024px) 100vw, 1024px\" \/><\/div><div class=\"uael-grid-img-overlay\"><\/div><\/a><\/div><\/div><div class=\"uael-grid-item  uael-img-gallery-item-2\"><div class=\"uael-grid-item-content\"><a class=\"uael-grid-img uael-grid-gallery-img uael-ins-hover elementor-clickable\" data-fancybox=\"uael-gallery\" data-caption=\"Gaia at Polimoda Graduation Show\" href=\"https:\/\/www.polimoda.com\/wp-content\/uploads\/2023\/06\/polimoda-anthos-gaia-ph-marcocci.jpg\" data-elementor-open-lightbox=\"no\"><div class=\"uael-grid-img-thumbnail uael-ins-target\"><img loading=\"lazy\" decoding=\"async\" width=\"1024\" height=\"682\" src=\"https:\/\/www.polimoda.com\/wp-content\/uploads\/2023\/06\/polimoda-anthos-gaia-ph-marcocci-1024x682.jpg\" class=\"attachment-large size-large wp-image-17285\" alt=\"\" srcset=\"https:\/\/www.polimoda.com\/wp-content\/uploads\/2023\/06\/polimoda-anthos-gaia-ph-marcocci-1024x682.jpg 1024w, https:\/\/www.polimoda.com\/wp-content\/uploads\/2023\/06\/polimoda-anthos-gaia-ph-marcocci-300x200.jpg 300w, https:\/\/www.polimoda.com\/wp-content\/uploads\/2023\/06\/polimoda-anthos-gaia-ph-marcocci-768x512.jpg 768w, https:\/\/www.polimoda.com\/wp-content\/uploads\/2023\/06\/polimoda-anthos-gaia-ph-marcocci-1536x1024.jpg 1536w, https:\/\/www.polimoda.com\/wp-content\/uploads\/2023\/06\/polimoda-anthos-gaia-ph-marcocci.jpg 2000w\" sizes=\"(max-width: 1024px) 100vw, 1024px\" \/><\/div><div class=\"uael-grid-img-overlay\"><\/div><\/a><\/div><\/div><div class=\"uael-grid-item  uael-img-gallery-item-3\"><div class=\"uael-grid-item-content\"><a class=\"uael-grid-img uael-grid-gallery-img uael-ins-hover elementor-clickable\" data-fancybox=\"uael-gallery\" data-caption=\"Polimoda Graduation Show 2023 - Clara\" href=\"https:\/\/www.polimoda.com\/wp-content\/uploads\/2023\/06\/polimoda-anthos-clara-ph-marcocci.jpg\" data-elementor-open-lightbox=\"no\"><div class=\"uael-grid-img-thumbnail uael-ins-target\"><img loading=\"lazy\" decoding=\"async\" width=\"1024\" height=\"682\" src=\"https:\/\/www.polimoda.com\/wp-content\/uploads\/2023\/06\/polimoda-anthos-clara-ph-marcocci-1024x682.jpg\" class=\"attachment-large size-large wp-image-17287\" alt=\"Polimoda Graduation Show 2023 - Clara\" srcset=\"https:\/\/www.polimoda.com\/wp-content\/uploads\/2023\/06\/polimoda-anthos-clara-ph-marcocci-1024x682.jpg 1024w, https:\/\/www.polimoda.com\/wp-content\/uploads\/2023\/06\/polimoda-anthos-clara-ph-marcocci-300x200.jpg 300w, https:\/\/www.polimoda.com\/wp-content\/uploads\/2023\/06\/polimoda-anthos-clara-ph-marcocci-768x512.jpg 768w, https:\/\/www.polimoda.com\/wp-content\/uploads\/2023\/06\/polimoda-anthos-clara-ph-marcocci-1536x1024.jpg 1536w, https:\/\/www.polimoda.com\/wp-content\/uploads\/2023\/06\/polimoda-anthos-clara-ph-marcocci.jpg 2000w\" sizes=\"(max-width: 1024px) 100vw, 1024px\" \/><\/div><div class=\"uael-grid-img-overlay\"><\/div><\/a><\/div><\/div><div class=\"uael-grid-item  uael-img-gallery-item-4\"><div class=\"uael-grid-item-content\"><a class=\"uael-grid-img uael-grid-gallery-img uael-ins-hover elementor-clickable\" data-fancybox=\"uael-gallery\" data-caption=\"Beatrice Quinta at Polimoda Graduation Show\" href=\"https:\/\/www.polimoda.com\/wp-content\/uploads\/2023\/06\/polimoda-anthos-quinta-ph-marcocci.jpg\" data-elementor-open-lightbox=\"no\"><div class=\"uael-grid-img-thumbnail uael-ins-target\"><img loading=\"lazy\" decoding=\"async\" width=\"1024\" height=\"682\" src=\"https:\/\/www.polimoda.com\/wp-content\/uploads\/2023\/06\/polimoda-anthos-quinta-ph-marcocci-1024x682.jpg\" class=\"attachment-large size-large wp-image-17283\" alt=\"Beatrice Quinta wearing a look by Fernanda Castro\" srcset=\"https:\/\/www.polimoda.com\/wp-content\/uploads\/2023\/06\/polimoda-anthos-quinta-ph-marcocci-1024x682.jpg 1024w, https:\/\/www.polimoda.com\/wp-content\/uploads\/2023\/06\/polimoda-anthos-quinta-ph-marcocci-300x200.jpg 300w, https:\/\/www.polimoda.com\/wp-content\/uploads\/2023\/06\/polimoda-anthos-quinta-ph-marcocci-768x512.jpg 768w, https:\/\/www.polimoda.com\/wp-content\/uploads\/2023\/06\/polimoda-anthos-quinta-ph-marcocci-1536x1024.jpg 1536w, https:\/\/www.polimoda.com\/wp-content\/uploads\/2023\/06\/polimoda-anthos-quinta-ph-marcocci.jpg 2000w\" sizes=\"(max-width: 1024px) 100vw, 1024px\" \/><\/div><div class=\"uael-grid-img-overlay\"><\/div><\/a><\/div><\/div><div class=\"uael-grid-item  uael-img-gallery-item-5\"><div class=\"uael-grid-item-content\"><a class=\"uael-grid-img uael-grid-gallery-img uael-ins-hover elementor-clickable\" data-fancybox=\"uael-gallery\" data-caption=\"Tommy Dale\" href=\"https:\/\/www.polimoda.com\/wp-content\/uploads\/2023\/06\/polimoda-anthos-tommy-dale-ph-marcocci.jpg\" data-elementor-open-lightbox=\"no\"><div class=\"uael-grid-img-thumbnail uael-ins-target\"><img loading=\"lazy\" decoding=\"async\" width=\"1024\" height=\"683\" src=\"https:\/\/www.polimoda.com\/wp-content\/uploads\/2023\/06\/polimoda-anthos-tommy-dale-ph-marcocci-1024x683.jpg\" class=\"attachment-large size-large wp-image-17336\" alt=\"Tommy Dali and Elisa Nirta, Anthos - Polimoda Graduation Show 2023. Photo by Patrizio Marcocci\" srcset=\"https:\/\/www.polimoda.com\/wp-content\/uploads\/2023\/06\/polimoda-anthos-tommy-dale-ph-marcocci-1024x683.jpg 1024w, https:\/\/www.polimoda.com\/wp-content\/uploads\/2023\/06\/polimoda-anthos-tommy-dale-ph-marcocci-300x200.jpg 300w, https:\/\/www.polimoda.com\/wp-content\/uploads\/2023\/06\/polimoda-anthos-tommy-dale-ph-marcocci-768x512.jpg 768w, https:\/\/www.polimoda.com\/wp-content\/uploads\/2023\/06\/polimoda-anthos-tommy-dale-ph-marcocci-1536x1024.jpg 1536w, https:\/\/www.polimoda.com\/wp-content\/uploads\/2023\/06\/polimoda-anthos-tommy-dale-ph-marcocci.jpg 1920w\" sizes=\"(max-width: 1024px) 100vw, 1024px\" \/><\/div><div class=\"uael-grid-img-overlay\"><\/div><\/a><\/div><\/div><div class=\"uael-grid-item  uael-img-gallery-item-6\"><div class=\"uael-grid-item-content\"><a class=\"uael-grid-img uael-grid-gallery-img uael-ins-hover elementor-clickable\" data-fancybox=\"uael-gallery\" data-caption=\"Danae Mercer\" href=\"https:\/\/www.polimoda.com\/wp-content\/uploads\/2023\/06\/polimoda-anthos-mercer-ph-marcocci.jpg\" data-elementor-open-lightbox=\"no\"><div class=\"uael-grid-img-thumbnail uael-ins-target\"><img loading=\"lazy\" decoding=\"async\" width=\"1024\" height=\"683\" src=\"https:\/\/www.polimoda.com\/wp-content\/uploads\/2023\/06\/polimoda-anthos-mercer-ph-marcocci-1024x683.jpg\" class=\"attachment-large size-large wp-image-17338\" alt=\"Danae Mercer, Anthos - Polimoda Graduation Show 2023. Photo by Patrizio Marcocci\" srcset=\"https:\/\/www.polimoda.com\/wp-content\/uploads\/2023\/06\/polimoda-anthos-mercer-ph-marcocci-1024x683.jpg 1024w, https:\/\/www.polimoda.com\/wp-content\/uploads\/2023\/06\/polimoda-anthos-mercer-ph-marcocci-300x200.jpg 300w, https:\/\/www.polimoda.com\/wp-content\/uploads\/2023\/06\/polimoda-anthos-mercer-ph-marcocci-768x512.jpg 768w, https:\/\/www.polimoda.com\/wp-content\/uploads\/2023\/06\/polimoda-anthos-mercer-ph-marcocci-1536x1024.jpg 1536w, https:\/\/www.polimoda.com\/wp-content\/uploads\/2023\/06\/polimoda-anthos-mercer-ph-marcocci.jpg 1920w\" sizes=\"(max-width: 1024px) 100vw, 1024px\" \/><\/div><div class=\"uael-grid-img-overlay\"><\/div><\/a><\/div><\/div><div class=\"uael-grid-item  uael-img-gallery-item-7\"><div class=\"uael-grid-item-content\"><a class=\"uael-grid-img uael-grid-gallery-img uael-ins-hover elementor-clickable\" data-fancybox=\"uael-gallery\" data-caption=\"Mina Le\" href=\"https:\/\/www.polimoda.com\/wp-content\/uploads\/2023\/06\/polimoda-anthos-le-ph-marcocci.jpg\" data-elementor-open-lightbox=\"no\"><div class=\"uael-grid-img-thumbnail uael-ins-target\"><img loading=\"lazy\" decoding=\"async\" width=\"1024\" height=\"683\" src=\"https:\/\/www.polimoda.com\/wp-content\/uploads\/2023\/06\/polimoda-anthos-le-ph-marcocci-1024x683.jpg\" class=\"attachment-large size-large wp-image-17427\" alt=\"Mina Le, Anthos - Polimoda Graduation Show 2023. Photo by Patrizio Marcocci\" srcset=\"https:\/\/www.polimoda.com\/wp-content\/uploads\/2023\/06\/polimoda-anthos-le-ph-marcocci-1024x683.jpg 1024w, https:\/\/www.polimoda.com\/wp-content\/uploads\/2023\/06\/polimoda-anthos-le-ph-marcocci-300x200.jpg 300w, https:\/\/www.polimoda.com\/wp-content\/uploads\/2023\/06\/polimoda-anthos-le-ph-marcocci-768x512.jpg 768w, https:\/\/www.polimoda.com\/wp-content\/uploads\/2023\/06\/polimoda-anthos-le-ph-marcocci-1536x1024.jpg 1536w, https:\/\/www.polimoda.com\/wp-content\/uploads\/2023\/06\/polimoda-anthos-le-ph-marcocci.jpg 1920w\" sizes=\"(max-width: 1024px) 100vw, 1024px\" \/><\/div><div class=\"uael-grid-img-overlay\"><\/div><\/a><\/div><\/div><div class=\"uael-grid-item  uael-img-gallery-item-8\"><div class=\"uael-grid-item-content\"><a class=\"uael-grid-img uael-grid-gallery-img uael-ins-hover elementor-clickable\" data-fancybox=\"uael-gallery\" data-caption=\"Ludovica Ragazzo\" href=\"https:\/\/www.polimoda.com\/wp-content\/uploads\/2023\/06\/polimoda-anthos-ragazzo-ph-marcocci.jpg\" data-elementor-open-lightbox=\"no\"><div class=\"uael-grid-img-thumbnail uael-ins-target\"><img loading=\"lazy\" decoding=\"async\" width=\"1024\" height=\"683\" src=\"https:\/\/www.polimoda.com\/wp-content\/uploads\/2023\/06\/polimoda-anthos-ragazzo-ph-marcocci-1024x683.jpg\" class=\"attachment-large size-large wp-image-17421\" alt=\"Ludovica Ragazzo, Anthos - Polimoda Graduation Show 2023. Photo by Patrizio Marcocci\" srcset=\"https:\/\/www.polimoda.com\/wp-content\/uploads\/2023\/06\/polimoda-anthos-ragazzo-ph-marcocci-1024x683.jpg 1024w, https:\/\/www.polimoda.com\/wp-content\/uploads\/2023\/06\/polimoda-anthos-ragazzo-ph-marcocci-300x200.jpg 300w, https:\/\/www.polimoda.com\/wp-content\/uploads\/2023\/06\/polimoda-anthos-ragazzo-ph-marcocci-768x512.jpg 768w, https:\/\/www.polimoda.com\/wp-content\/uploads\/2023\/06\/polimoda-anthos-ragazzo-ph-marcocci-1536x1024.jpg 1536w, https:\/\/www.polimoda.com\/wp-content\/uploads\/2023\/06\/polimoda-anthos-ragazzo-ph-marcocci.jpg 1920w\" sizes=\"(max-width: 1024px) 100vw, 1024px\" \/><\/div><div class=\"uael-grid-img-overlay\"><\/div><\/a><\/div><\/div><div class=\"uael-grid-item  uael-img-gallery-item-9\"><div class=\"uael-grid-item-content\"><a class=\"uael-grid-img uael-grid-gallery-img uael-ins-hover elementor-clickable\" data-fancybox=\"uael-gallery\" data-caption=\"Brett and Scott Staniland\" href=\"https:\/\/www.polimoda.com\/wp-content\/uploads\/2023\/06\/polimoda-anthos-staniland-ph-marcocci.jpg\" data-elementor-open-lightbox=\"no\"><div class=\"uael-grid-img-thumbnail uael-ins-target\"><img loading=\"lazy\" decoding=\"async\" width=\"1024\" height=\"683\" src=\"https:\/\/www.polimoda.com\/wp-content\/uploads\/2023\/06\/polimoda-anthos-staniland-ph-marcocci-1024x683.jpg\" class=\"attachment-large size-large wp-image-17425\" alt=\"Scott and Brett Staniland, Anthos - Polimoda Graduation Show 2023. Photo by Patrizio Marcocci\" srcset=\"https:\/\/www.polimoda.com\/wp-content\/uploads\/2023\/06\/polimoda-anthos-staniland-ph-marcocci-1024x683.jpg 1024w, https:\/\/www.polimoda.com\/wp-content\/uploads\/2023\/06\/polimoda-anthos-staniland-ph-marcocci-300x200.jpg 300w, https:\/\/www.polimoda.com\/wp-content\/uploads\/2023\/06\/polimoda-anthos-staniland-ph-marcocci-768x512.jpg 768w, https:\/\/www.polimoda.com\/wp-content\/uploads\/2023\/06\/polimoda-anthos-staniland-ph-marcocci-1536x1024.jpg 1536w, https:\/\/www.polimoda.com\/wp-content\/uploads\/2023\/06\/polimoda-anthos-staniland-ph-marcocci.jpg 1920w\" sizes=\"(max-width: 1024px) 100vw, 1024px\" \/><\/div><div class=\"uael-grid-img-overlay\"><\/div><\/a><\/div><\/div><\/div><\/div>\t\t\t\t<\/div>\n\t\t\t\t<\/div>\n\t\t\t\t<div class=\"elementor-element elementor-element-89d1fe3 elementor-widget elementor-widget-spacer\" data-id=\"89d1fe3\" data-element_type=\"widget\" data-e-type=\"widget\" data-widget_type=\"spacer.default\">\n\t\t\t\t<div class=\"elementor-widget-container\">\n\t\t\t\t\t\t\t<div class=\"elementor-spacer\">\n\t\t\t<div class=\"elementor-spacer-inner\"><\/div>\n\t\t<\/div>\n\t\t\t\t\t\t<\/div>\n\t\t\t\t<\/div>\n\t\t\t\t<div class=\"elementor-element elementor-element-1fc7aff elementor-widget elementor-widget-heading\" data-id=\"1fc7aff\" data-element_type=\"widget\" data-e-type=\"widget\" data-widget_type=\"heading.default\">\n\t\t\t\t<div class=\"elementor-widget-container\">\n\t\t\t\t\t<h2 class=\"elementor-heading-title elementor-size-default\">Dove<\/h2>\t\t\t\t<\/div>\n\t\t\t\t<\/div>\n\t\t\t\t<div class=\"elementor-element elementor-element-476f95d elementor-widget elementor-widget-text-editor\" data-id=\"476f95d\" data-element_type=\"widget\" data-e-type=\"widget\" data-widget_type=\"text-editor.default\">\n\t\t\t\t<div class=\"elementor-widget-container\">\n\t\t\t\t\t\t\t\t\t<p>Anthos svela la nuova ala B4 del complesso di Manifattura Tabacchi, che gi\u00e0 ospita la sede Polimoda dedicata ai laboratori. <\/p>\n<p>La location si trova infatti all\u2019interno della nuova area del progetto di rigenerazione urbana, una struttura razionalista disegnata dall\u2019architetto Pier Luigi Nervi che oggi riflette l\u2019impostazione all\u2019avanguardia di Polimoda e incarna la necessit\u00e0 di utilizzare gli spazi in modo contemporaneo e accessibile, funzionale all\u2019espressione della creativit\u00e0. <\/p>\n<p>La struttura architettonica originale \u00e8 stata enfatizzata preservando lo charm industriale ed il carattere unico dello stabile, mentre il suggestivo gioco di ombre e trasparenze pensato per la scenografia dello show lascia trapelare le silhouette delle collezioni con grande effetto visivo ed emozionale.<\/p>\n\t\t\t\t\t\t\t\t<\/div>\n\t\t\t\t<\/div>\n\t\t\t\t<div class=\"elementor-element elementor-element-81d6a4c elementor-widget elementor-widget-image\" data-id=\"81d6a4c\" data-element_type=\"widget\" data-e-type=\"widget\" data-widget_type=\"image.default\">\n\t\t\t\t<div class=\"elementor-widget-container\">\n\t\t\t\t\t\t\t\t\t\t\t\t\t\t\t<img loading=\"lazy\" decoding=\"async\" width=\"1024\" height=\"683\" src=\"https:\/\/www.polimoda.com\/wp-content\/uploads\/2023\/06\/polimoda-anthos-03-ph-quagli-web-1024x683.jpg\" class=\"attachment-large size-large wp-image-17292\" alt=\"Polimoda Graduation Show 2023 - Ph. Lapo Quagli\" srcset=\"https:\/\/www.polimoda.com\/wp-content\/uploads\/2023\/06\/polimoda-anthos-03-ph-quagli-web-1024x683.jpg 1024w, https:\/\/www.polimoda.com\/wp-content\/uploads\/2023\/06\/polimoda-anthos-03-ph-quagli-web-300x200.jpg 300w, https:\/\/www.polimoda.com\/wp-content\/uploads\/2023\/06\/polimoda-anthos-03-ph-quagli-web-768x512.jpg 768w, https:\/\/www.polimoda.com\/wp-content\/uploads\/2023\/06\/polimoda-anthos-03-ph-quagli-web-1536x1024.jpg 1536w, https:\/\/www.polimoda.com\/wp-content\/uploads\/2023\/06\/polimoda-anthos-03-ph-quagli-web.jpg 1920w\" sizes=\"(max-width: 1024px) 100vw, 1024px\" \/>\t\t\t\t\t\t\t\t\t\t\t\t\t\t\t<\/div>\n\t\t\t\t<\/div>\n\t\t\t\t<div class=\"elementor-element elementor-element-386f476 elementor-widget elementor-widget-spacer\" data-id=\"386f476\" data-element_type=\"widget\" data-e-type=\"widget\" data-widget_type=\"spacer.default\">\n\t\t\t\t<div class=\"elementor-widget-container\">\n\t\t\t\t\t\t\t<div class=\"elementor-spacer\">\n\t\t\t<div class=\"elementor-spacer-inner\"><\/div>\n\t\t<\/div>\n\t\t\t\t\t\t<\/div>\n\t\t\t\t<\/div>\n\t\t\t\t<div class=\"elementor-element elementor-element-dfaddfa elementor-widget elementor-widget-heading\" data-id=\"dfaddfa\" data-element_type=\"widget\" data-e-type=\"widget\" data-widget_type=\"heading.default\">\n\t\t\t\t<div class=\"elementor-widget-container\">\n\t\t\t\t\t<h2 class=\"elementor-heading-title elementor-size-default\">Live sui social media<\/h2>\t\t\t\t<\/div>\n\t\t\t\t<\/div>\n\t\t\t\t<div class=\"elementor-element elementor-element-ec532e3 elementor-widget elementor-widget-text-editor\" data-id=\"ec532e3\" data-element_type=\"widget\" data-e-type=\"widget\" data-widget_type=\"text-editor.default\">\n\t\t\t\t<div class=\"elementor-widget-container\">\n\t\t\t\t\t\t\t\t\t<p>L\u2019evento \u00e8 stato trasmesso in live streaming sul sito di Polimoda e sui suoi canali social: Instagram, Facebook, LinkedIn, YouTube e TikTok.<\/p>\n\t\t\t\t\t\t\t\t<\/div>\n\t\t\t\t<\/div>\n\t\t\t\t<div class=\"elementor-element elementor-element-e6518f3 uael-aspect-ratio-16_9 uael-youtube-subscribe-no elementor-widget elementor-widget-uael-video\" data-id=\"e6518f3\" data-element_type=\"widget\" data-e-type=\"widget\" data-widget_type=\"uael-video.default\">\n\t\t\t\t<div class=\"elementor-widget-container\">\n\t\t\t\t\t\t\t\t\t\t\t<div class=\"uael-video__outer-wrap  uael-video-type-youtube\" data-device=\"false\" data-vsticky=\"no\" data-hidedesktop=\"\" data-hidetablet=\"\" data-hidemobile=\"\" data-vsticky-viewport=\"0\" data-autoplay=\"0\">\n\t\t\t\t\t\t<div class=\"uael-video-inner-wrap\">\n\t\t\t\t<div class=\"uael-video__play\" data-src=\"https:\/\/www.youtube-nocookie.com\/embed\/O1zDuLp6NPU?rel=0&amp;start&amp;end&amp;controls=0&amp;mute=0&amp;modestbranding=0&amp;\">\n\t\t\t\t\t<img decoding=\"async\" class=\"uael-video__thumb\" src=\"https:\/\/i.ytimg.com\/vi\/O1zDuLp6NPU\/maxresdefault.jpg\" alt=\"\"><\/img>\n\t\t\t\t\t<div class=\"uael-video__play-icon uael-animation-\">\n\t\t\t\t\t\t<i aria-hidden=\"true\" class=\"fa fa-play-circle\"><\/i>\t\t\t\t\t<\/div>\n\t\t\t\t<\/div>\n\t\t\t\t\t\t\t\t\t\t\t<\/div>\n\t\t<\/div>\n\t\t\t\t\t\t\t<\/div>\n\t\t\t\t<\/div>\n\t\t\t\t<div class=\"elementor-element elementor-element-48fc3c3 elementor-widget elementor-widget-spacer\" data-id=\"48fc3c3\" data-element_type=\"widget\" data-e-type=\"widget\" data-widget_type=\"spacer.default\">\n\t\t\t\t<div class=\"elementor-widget-container\">\n\t\t\t\t\t\t\t<div class=\"elementor-spacer\">\n\t\t\t<div class=\"elementor-spacer-inner\"><\/div>\n\t\t<\/div>\n\t\t\t\t\t\t<\/div>\n\t\t\t\t<\/div>\n\t\t\t\t<div class=\"elementor-element elementor-element-2cc0ca2 elementor-widget elementor-widget-heading\" data-id=\"2cc0ca2\" data-element_type=\"widget\" data-e-type=\"widget\" data-widget_type=\"heading.default\">\n\t\t\t\t<div class=\"elementor-widget-container\">\n\t\t\t\t\t<h2 class=\"elementor-heading-title elementor-size-default\">Le altre iniziative in occasione di Pitti Uomo<\/h2>\t\t\t\t<\/div>\n\t\t\t\t<\/div>\n\t\t\t\t<div class=\"elementor-element elementor-element-9b01aae elementor-widget elementor-widget-heading\" data-id=\"9b01aae\" data-element_type=\"widget\" data-e-type=\"widget\" data-widget_type=\"heading.default\">\n\t\t\t\t<div class=\"elementor-widget-container\">\n\t\t\t\t\t<h3 class=\"elementor-heading-title elementor-size-default\">THreSH(h)\u014dld - a point of beginning<\/h3>\t\t\t\t<\/div>\n\t\t\t\t<\/div>\n\t\t\t\t<div class=\"elementor-element elementor-element-9acf2f6 elementor-widget elementor-widget-text-editor\" data-id=\"9acf2f6\" data-element_type=\"widget\" data-e-type=\"widget\" data-widget_type=\"text-editor.default\">\n\t\t\t\t<div class=\"elementor-widget-container\">\n\t\t\t\t\t\t\t\t\t<p>Dal 14 al 18 giugno presso l\u2019edificio B9 di Manifattura Tabacchi, gli studenti del corso Polimoda in Fashion Art Direction presentano la mostra <a href=\"https:\/\/www.polimoda.com\/treshold\/\">THreSH(h)\u014dld &#8211; a point of beginning<\/a>. Aperta al pubblico ogni giorno dalle 17:00 alle 22:00, la mostra presenta una collezione di installazioni che esplorano l\u2019intersezione tra le arti visive e il mondo della moda, trasformando gli spazi retail in un&#8217;esperienza culturale coinvolgente e metamorfica. THreSH(h)\u014dld invita il visitatore ad attraversare il limite fisico e allegorico di una soglia, abbandonandosi a una visione caleidoscopica declinata in quattordici progetti ideati per diversi fashion brand, alla scoperta di nuove proposte nel campo del fashion retail esperienziale.<\/p>\n\t\t\t\t\t\t\t\t<\/div>\n\t\t\t\t<\/div>\n\t\t\t\t<div class=\"elementor-element elementor-element-01b1979 elementor-widget elementor-widget-heading\" data-id=\"01b1979\" data-element_type=\"widget\" data-e-type=\"widget\" data-widget_type=\"heading.default\">\n\t\t\t\t<div class=\"elementor-widget-container\">\n\t\t\t\t\t<h3 class=\"elementor-heading-title elementor-size-default\">DO by Domenico Orefice<\/h3>\t\t\t\t<\/div>\n\t\t\t\t<\/div>\n\t\t\t\t<div class=\"elementor-element elementor-element-c8bf3aa elementor-widget elementor-widget-text-editor\" data-id=\"c8bf3aa\" data-element_type=\"widget\" data-e-type=\"widget\" data-widget_type=\"text-editor.default\">\n\t\t\t\t<div class=\"elementor-widget-container\">\n\t\t\t\t\t\t\t\t\t<p>Dal 13 al 16 giugno, infine, debutta a Pitti Uomo il brand DOTM, con la collezione a-seasonal <a href=\"https:\/\/www.polimoda.com\/domenico-orefice\/\">A0 24 MODERATE<\/a>. Fondato a Firenze dal designer ed ex studente Domenico Orefice, il progetto \u00e8 stato incubato e supportato da Polimoda. DO\u2122 \u00e8 un universo duale, composto da mondi che coesistono in modo complementare grazie ad una collezione caratterizzata da una dimensione dove sportswear ed innovazione, tailoring e artigianalit\u00e0 si intersecano e si contaminano senza limiti; una celebrazione del Made in Italy caratterizzata da un codice estetico contemporaneo e senza luogo. Lo stand di DO\u2122 sar\u00e0 presente nella sezione Futuro Maschile, Padiglione Centrale, Piano Attico, sezione I\/20 della Fortezza da Basso.<\/p>\n\t\t\t\t\t\t\t\t<\/div>\n\t\t\t\t<\/div>\n\t\t\t\t<div class=\"elementor-element elementor-element-885c88a elementor-widget elementor-widget-heading\" data-id=\"885c88a\" data-element_type=\"widget\" data-e-type=\"widget\" data-widget_type=\"heading.default\">\n\t\t\t\t<div class=\"elementor-widget-container\">\n\t\t\t\t\t<h2 class=\"elementor-heading-title elementor-size-default\">CREDITS<\/h2>\t\t\t\t<\/div>\n\t\t\t\t<\/div>\n\t\t\t\t<div class=\"elementor-element elementor-element-df26d89 elementor-widget elementor-widget-text-editor\" data-id=\"df26d89\" data-element_type=\"widget\" data-e-type=\"widget\" data-widget_type=\"text-editor.default\">\n\t\t\t\t<div class=\"elementor-widget-container\">\n\t\t\t\t\t\t\t\t\t<p>Creative Direction: Massimiliano Giornetti<br \/>Styling: Serge Girardi<br \/>Mentorship: Caroline Issa<br \/>Music: Fr\u00e9d\u00e9ric Sanchez<br \/>Scenography Concept: (ab)Normal<br \/>Hair &amp; Makeup: Santini Academy<\/p>\n<p>Technical sponsor<br \/>Lanificio Balli<\/p>\n<p>Special thanks<br \/>Diego Dolcini<br \/>Richie Ye <br \/>Georgia Forconi <br \/>Phoebe W. S. Evans<br \/>Tauras Zemaitis<\/p>\n\t\t\t\t\t\t\t\t<\/div>\n\t\t\t\t<\/div>\n\t\t\t\t<div class=\"elementor-element elementor-element-2784360 elementor-widget elementor-widget-text-editor\" data-id=\"2784360\" data-element_type=\"widget\" data-e-type=\"widget\" data-widget_type=\"text-editor.default\">\n\t\t\t\t<div class=\"elementor-widget-container\">\n\t\t\t\t\t\t\t\t\t<p>Photography: Filippo Fior (runway), Serena Gallorini, Patrizio Marcocci, Lapo Quagli, Matteo Oltrabella.<\/p>\n\t\t\t\t\t\t\t\t<\/div>\n\t\t\t\t<\/div>\n\t\t\t\t<div class=\"elementor-element elementor-element-7ce88e3 elementor-widget elementor-widget-spacer\" data-id=\"7ce88e3\" data-element_type=\"widget\" data-e-type=\"widget\" data-widget_type=\"spacer.default\">\n\t\t\t\t<div class=\"elementor-widget-container\">\n\t\t\t\t\t\t\t<div class=\"elementor-spacer\">\n\t\t\t<div class=\"elementor-spacer-inner\"><\/div>\n\t\t<\/div>\n\t\t\t\t\t\t<\/div>\n\t\t\t\t<\/div>\n\t\t\t\t<div class=\"elementor-element elementor-element-e0193dd elementor-widget elementor-widget-heading\" data-id=\"e0193dd\" data-element_type=\"widget\" data-e-type=\"widget\" data-widget_type=\"heading.default\">\n\t\t\t\t<div class=\"elementor-widget-container\">\n\t\t\t\t\t<h2 class=\"elementor-heading-title elementor-size-default\">DOWNLOAD<\/h2>\t\t\t\t<\/div>\n\t\t\t\t<\/div>\n\t\t\t\t<div class=\"elementor-element elementor-element-c9977a7 elementor-widget elementor-widget-text-editor\" data-id=\"c9977a7\" data-element_type=\"widget\" data-e-type=\"widget\" data-widget_type=\"text-editor.default\">\n\t\t\t\t<div class=\"elementor-widget-container\">\n\t\t\t\t\t\t\t\t\t<ul>\n<li><a href=\"https:\/\/www.polimoda.com\/wp-content\/uploads\/2023\/06\/Polimoda-Graduation-Show_press-EN-150623-6.pdf\" target=\"_blank\" rel=\"noopener\">Comunicato stampa EN<\/a><\/li>\n<li><a href=\"https:\/\/www.polimoda.com\/wp-content\/uploads\/2023\/06\/Polimoda-Graduation-Show_press-IT-150623-1.pdf\" target=\"_blank\" rel=\"noopener\">Comunicato stampa IT<\/a><\/li>\n<li><a href=\"https:\/\/galleries.launchmetrics.com\/p\/polimoda-production\/showrooms\/64808005c824bcf956365bfe\" target=\"_blank\" rel=\"noopener\">Immagini &#8211; runway<\/a><\/li>\n<li><a href=\"https:\/\/www.dropbox.com\/sh\/1psqoax9mmrmhdm\/AAAy0kh1_ototf0v3Wn4_4lEa?dl=0\" target=\"_blank\" rel=\"noopener\">Immagini &#8211; location e ospiti<\/a><\/li>\n<li><a href=\"https:\/\/youtu.be\/O1zDuLp6NPU\" target=\"_blank\" rel=\"noopener\">Video ufficiale<\/a><\/li>\n<\/ul>\n\t\t\t\t\t\t\t\t<\/div>\n\t\t\t\t<\/div>\n\t\t\t\t\t<\/div>\n\t\t<\/div>\n\t\t\t\t<div class=\"elementor-column elementor-col-25 elementor-top-column elementor-element elementor-element-aba64c1\" data-id=\"aba64c1\" data-element_type=\"column\" data-e-type=\"column\">\n\t\t\t<div class=\"elementor-widget-wrap\">\n\t\t\t\t\t\t\t<\/div>\n\t\t<\/div>\n\t\t\t\t\t<\/div>\n\t\t<\/section>\n\t\t\t\t<\/div>\n\t\t","protected":false},"excerpt":{"rendered":"<p>Polimoda torna a promuovere la visione creativa dei suoi migliori studenti con Anthos &#8211; Graduation Show 2023, presso il nuovo edificio B4 di Manifattura Tabacchi. L&#8217;evento pi\u00f9 atteso dell&#8217;anno ha visto protagoniste le collezioni dei migliori allievi di Fashion Design, frutto della creativit\u00e0 e passione dei giovani talenti che hanno debuttato ufficialmente nel mondo della [&hellip;]<\/p>\n","protected":false},"featured_media":17320,"template":"","meta":{"_acf_changed":false,"site-sidebar-layout":"no-sidebar","site-content-layout":"page-builder","ast-site-content-layout":"full-width-container","site-content-style":"unboxed","site-sidebar-style":"unboxed","ast-global-header-display":"","ast-banner-title-visibility":"","ast-main-header-display":"","ast-hfb-above-header-display":"","ast-hfb-below-header-display":"","ast-hfb-mobile-header-display":"","site-post-title":"disabled","ast-breadcrumbs-content":"","ast-featured-img":"disabled","footer-sml-layout":"","ast-disable-related-posts":"","theme-transparent-header-meta":"default","adv-header-id-meta":"","stick-header-meta":"default","header-above-stick-meta":"","header-main-stick-meta":"","header-below-stick-meta":"","astra-migrate-meta-layouts":"default","ast-page-background-enabled":"default","ast-page-background-meta":{"desktop":{"background-color":"var(--ast-global-color-4)","background-image":"","background-repeat":"repeat","background-position":"center center","background-size":"auto","background-attachment":"scroll","background-type":"","background-media":"","overlay-type":"","overlay-color":"","overlay-opacity":"","overlay-gradient":""},"tablet":{"background-color":"","background-image":"","background-repeat":"repeat","background-position":"center center","background-size":"auto","background-attachment":"scroll","background-type":"","background-media":"","overlay-type":"","overlay-color":"","overlay-opacity":"","overlay-gradient":""},"mobile":{"background-color":"","background-image":"","background-repeat":"repeat","background-position":"center center","background-size":"auto","background-attachment":"scroll","background-type":"","background-media":"","overlay-type":"","overlay-color":"","overlay-opacity":"","overlay-gradient":""}},"ast-content-background-meta":{"desktop":{"background-color":"var(--ast-global-color-5)","background-image":"","background-repeat":"repeat","background-position":"center center","background-size":"auto","background-attachment":"scroll","background-type":"","background-media":"","overlay-type":"","overlay-color":"","overlay-opacity":"","overlay-gradient":""},"tablet":{"background-color":"var(--ast-global-color-5)","background-image":"","background-repeat":"repeat","background-position":"center center","background-size":"auto","background-attachment":"scroll","background-type":"","background-media":"","overlay-type":"","overlay-color":"","overlay-opacity":"","overlay-gradient":""},"mobile":{"background-color":"var(--ast-global-color-5)","background-image":"","background-repeat":"repeat","background-position":"center center","background-size":"auto","background-attachment":"scroll","background-type":"","background-media":"","overlay-type":"","overlay-color":"","overlay-opacity":"","overlay-gradient":""}}},"tags":[],"press-release-categories":[158],"class_list":["post-17439","polimoda-press","type-polimoda-press","status-publish","has-post-thumbnail","hentry","press-release-categories-events"],"acf":[],"yoast_head":"<!-- This site is optimized with the Yoast SEO plugin v27.3 - https:\/\/yoast.com\/product\/yoast-seo-wordpress\/ -->\n<title>Anthos. Graduation Show 2023 | Polimoda Fashion School<\/title>\n<meta name=\"robots\" content=\"index, follow, max-snippet:-1, max-image-preview:large, max-video-preview:-1\" \/>\n<link rel=\"canonical\" href=\"https:\/\/www.polimoda.com\/it\/press-area\/anthos-graduation-show-2023\/\" \/>\n<meta property=\"og:locale\" content=\"it_IT\" \/>\n<meta property=\"og:type\" content=\"article\" \/>\n<meta property=\"og:title\" content=\"Anthos. Graduation Show 2023 | Polimoda Fashion School\" \/>\n<meta property=\"og:description\" content=\"Polimoda torna a promuovere la visione creativa dei suoi migliori studenti con Anthos &#8211; Graduation Show 2023, presso il nuovo edificio B4 di Manifattura Tabacchi. L&#8217;evento pi\u00f9 atteso dell&#8217;anno ha visto protagoniste le collezioni dei migliori allievi di Fashion Design, frutto della creativit\u00e0 e passione dei giovani talenti che hanno debuttato ufficialmente nel mondo della [&hellip;]\" \/>\n<meta property=\"og:url\" content=\"https:\/\/www.polimoda.com\/it\/press-area\/anthos-graduation-show-2023\/\" \/>\n<meta property=\"og:site_name\" content=\"Polimoda Fashion School\" \/>\n<meta property=\"article:publisher\" content=\"https:\/\/www.facebook.com\/Polimoda\" \/>\n<meta property=\"article:modified_time\" content=\"2024-02-07T09:23:59+00:00\" \/>\n<meta property=\"og:image\" content=\"https:\/\/www.polimoda.com\/wp-content\/uploads\/2023\/06\/polimoda-anthos-09-ph-gallorini.jpg\" \/>\n\t<meta property=\"og:image:width\" content=\"2000\" \/>\n\t<meta property=\"og:image:height\" content=\"1333\" \/>\n\t<meta property=\"og:image:type\" content=\"image\/jpeg\" \/>\n<meta name=\"twitter:card\" content=\"summary_large_image\" \/>\n<meta name=\"twitter:site\" content=\"@polimoda\" \/>\n<script type=\"application\/ld+json\" class=\"yoast-schema-graph\">{\"@context\":\"https:\\\/\\\/schema.org\",\"@graph\":[{\"@type\":\"WebPage\",\"@id\":\"https:\\\/\\\/www.polimoda.com\\\/it\\\/press-area\\\/anthos-graduation-show-2023\\\/\",\"url\":\"https:\\\/\\\/www.polimoda.com\\\/it\\\/press-area\\\/anthos-graduation-show-2023\\\/\",\"name\":\"Anthos. Graduation Show 2023 | Polimoda Fashion School\",\"isPartOf\":{\"@id\":\"https:\\\/\\\/www.polimoda.com\\\/it\\\/#website\"},\"primaryImageOfPage\":{\"@id\":\"https:\\\/\\\/www.polimoda.com\\\/it\\\/press-area\\\/anthos-graduation-show-2023\\\/#primaryimage\"},\"image\":{\"@id\":\"https:\\\/\\\/www.polimoda.com\\\/it\\\/press-area\\\/anthos-graduation-show-2023\\\/#primaryimage\"},\"thumbnailUrl\":\"https:\\\/\\\/www.polimoda.com\\\/wp-content\\\/uploads\\\/2023\\\/06\\\/polimoda-anthos-09-ph-gallorini.jpg\",\"datePublished\":\"2023-06-15T12:00:46+00:00\",\"dateModified\":\"2024-02-07T09:23:59+00:00\",\"breadcrumb\":{\"@id\":\"https:\\\/\\\/www.polimoda.com\\\/it\\\/press-area\\\/anthos-graduation-show-2023\\\/#breadcrumb\"},\"inLanguage\":\"it-IT\",\"potentialAction\":[{\"@type\":\"ReadAction\",\"target\":[\"https:\\\/\\\/www.polimoda.com\\\/it\\\/press-area\\\/anthos-graduation-show-2023\\\/\"]}]},{\"@type\":\"ImageObject\",\"inLanguage\":\"it-IT\",\"@id\":\"https:\\\/\\\/www.polimoda.com\\\/it\\\/press-area\\\/anthos-graduation-show-2023\\\/#primaryimage\",\"url\":\"https:\\\/\\\/www.polimoda.com\\\/wp-content\\\/uploads\\\/2023\\\/06\\\/polimoda-anthos-09-ph-gallorini.jpg\",\"contentUrl\":\"https:\\\/\\\/www.polimoda.com\\\/wp-content\\\/uploads\\\/2023\\\/06\\\/polimoda-anthos-09-ph-gallorini.jpg\",\"width\":2000,\"height\":1333,\"caption\":\"Polimoda Graduate Show 2023 at Manifattura Tabacchi\"},{\"@type\":\"BreadcrumbList\",\"@id\":\"https:\\\/\\\/www.polimoda.com\\\/it\\\/press-area\\\/anthos-graduation-show-2023\\\/#breadcrumb\",\"itemListElement\":[{\"@type\":\"ListItem\",\"position\":1,\"name\":\"Home\",\"item\":\"https:\\\/\\\/www.polimoda.com\\\/it\\\/\"},{\"@type\":\"ListItem\",\"position\":2,\"name\":\"Press releases\",\"item\":\"https:\\\/\\\/www.polimoda.com\\\/it\\\/press-area\\\/\"},{\"@type\":\"ListItem\",\"position\":3,\"name\":\"Anthos. Graduation Show 2023\"}]},{\"@type\":\"WebSite\",\"@id\":\"https:\\\/\\\/www.polimoda.com\\\/it\\\/#website\",\"url\":\"https:\\\/\\\/www.polimoda.com\\\/it\\\/\",\"name\":\"Polimoda Fashion School\",\"description\":\"The Fashion School in Florence, Italy\",\"publisher\":{\"@id\":\"https:\\\/\\\/www.polimoda.com\\\/it\\\/#organization\"},\"alternateName\":\"Polimoda\",\"potentialAction\":[{\"@type\":\"SearchAction\",\"target\":{\"@type\":\"EntryPoint\",\"urlTemplate\":\"https:\\\/\\\/www.polimoda.com\\\/it\\\/?s={search_term_string}\"},\"query-input\":{\"@type\":\"PropertyValueSpecification\",\"valueRequired\":true,\"valueName\":\"search_term_string\"}}],\"inLanguage\":\"it-IT\"},{\"@type\":\"Organization\",\"@id\":\"https:\\\/\\\/www.polimoda.com\\\/it\\\/#organization\",\"name\":\"Polimoda Fashion School\",\"alternateName\":\"Polimoda\",\"url\":\"https:\\\/\\\/www.polimoda.com\\\/it\\\/\",\"logo\":{\"@type\":\"ImageObject\",\"inLanguage\":\"it-IT\",\"@id\":\"https:\\\/\\\/www.polimoda.com\\\/it\\\/#\\\/schema\\\/logo\\\/image\\\/\",\"url\":\"https:\\\/\\\/www.polimoda.com\\\/wp-content\\\/uploads\\\/2022\\\/07\\\/logo_polimoda.png\",\"contentUrl\":\"https:\\\/\\\/www.polimoda.com\\\/wp-content\\\/uploads\\\/2022\\\/07\\\/logo_polimoda.png\",\"width\":508,\"height\":132,\"caption\":\"Polimoda Fashion School\"},\"image\":{\"@id\":\"https:\\\/\\\/www.polimoda.com\\\/it\\\/#\\\/schema\\\/logo\\\/image\\\/\"},\"sameAs\":[\"https:\\\/\\\/www.facebook.com\\\/Polimoda\",\"https:\\\/\\\/x.com\\\/polimoda\",\"https:\\\/\\\/www.instagram.com\\\/polimodafirenze\",\"https:\\\/\\\/www.tiktok.com\\\/@polimoda\",\"https:\\\/\\\/open.spotify.com\\\/user\\\/qrqkduirz0hc5ta3wvbs4ikem?si=db886dfc1ff6482c\",\"https:\\\/\\\/www.youtube.com\\\/user\\\/polimodatube\",\"https:\\\/\\\/www.linkedin.com\\\/company\\\/polimoda\"]}]}<\/script>\n<!-- \/ Yoast SEO plugin. -->","yoast_head_json":{"title":"Anthos. Graduation Show 2023 | Polimoda Fashion School","robots":{"index":"index","follow":"follow","max-snippet":"max-snippet:-1","max-image-preview":"max-image-preview:large","max-video-preview":"max-video-preview:-1"},"canonical":"https:\/\/www.polimoda.com\/it\/press-area\/anthos-graduation-show-2023\/","og_locale":"it_IT","og_type":"article","og_title":"Anthos. Graduation Show 2023 | Polimoda Fashion School","og_description":"Polimoda torna a promuovere la visione creativa dei suoi migliori studenti con Anthos &#8211; Graduation Show 2023, presso il nuovo edificio B4 di Manifattura Tabacchi. L&#8217;evento pi\u00f9 atteso dell&#8217;anno ha visto protagoniste le collezioni dei migliori allievi di Fashion Design, frutto della creativit\u00e0 e passione dei giovani talenti che hanno debuttato ufficialmente nel mondo della [&hellip;]","og_url":"https:\/\/www.polimoda.com\/it\/press-area\/anthos-graduation-show-2023\/","og_site_name":"Polimoda Fashion School","article_publisher":"https:\/\/www.facebook.com\/Polimoda","article_modified_time":"2024-02-07T09:23:59+00:00","og_image":[{"width":2000,"height":1333,"url":"https:\/\/www.polimoda.com\/wp-content\/uploads\/2023\/06\/polimoda-anthos-09-ph-gallorini.jpg","type":"image\/jpeg"}],"twitter_card":"summary_large_image","twitter_site":"@polimoda","schema":{"@context":"https:\/\/schema.org","@graph":[{"@type":"WebPage","@id":"https:\/\/www.polimoda.com\/it\/press-area\/anthos-graduation-show-2023\/","url":"https:\/\/www.polimoda.com\/it\/press-area\/anthos-graduation-show-2023\/","name":"Anthos. Graduation Show 2023 | Polimoda Fashion School","isPartOf":{"@id":"https:\/\/www.polimoda.com\/it\/#website"},"primaryImageOfPage":{"@id":"https:\/\/www.polimoda.com\/it\/press-area\/anthos-graduation-show-2023\/#primaryimage"},"image":{"@id":"https:\/\/www.polimoda.com\/it\/press-area\/anthos-graduation-show-2023\/#primaryimage"},"thumbnailUrl":"https:\/\/www.polimoda.com\/wp-content\/uploads\/2023\/06\/polimoda-anthos-09-ph-gallorini.jpg","datePublished":"2023-06-15T12:00:46+00:00","dateModified":"2024-02-07T09:23:59+00:00","breadcrumb":{"@id":"https:\/\/www.polimoda.com\/it\/press-area\/anthos-graduation-show-2023\/#breadcrumb"},"inLanguage":"it-IT","potentialAction":[{"@type":"ReadAction","target":["https:\/\/www.polimoda.com\/it\/press-area\/anthos-graduation-show-2023\/"]}]},{"@type":"ImageObject","inLanguage":"it-IT","@id":"https:\/\/www.polimoda.com\/it\/press-area\/anthos-graduation-show-2023\/#primaryimage","url":"https:\/\/www.polimoda.com\/wp-content\/uploads\/2023\/06\/polimoda-anthos-09-ph-gallorini.jpg","contentUrl":"https:\/\/www.polimoda.com\/wp-content\/uploads\/2023\/06\/polimoda-anthos-09-ph-gallorini.jpg","width":2000,"height":1333,"caption":"Polimoda Graduate Show 2023 at Manifattura Tabacchi"},{"@type":"BreadcrumbList","@id":"https:\/\/www.polimoda.com\/it\/press-area\/anthos-graduation-show-2023\/#breadcrumb","itemListElement":[{"@type":"ListItem","position":1,"name":"Home","item":"https:\/\/www.polimoda.com\/it\/"},{"@type":"ListItem","position":2,"name":"Press releases","item":"https:\/\/www.polimoda.com\/it\/press-area\/"},{"@type":"ListItem","position":3,"name":"Anthos. Graduation Show 2023"}]},{"@type":"WebSite","@id":"https:\/\/www.polimoda.com\/it\/#website","url":"https:\/\/www.polimoda.com\/it\/","name":"Polimoda Fashion School","description":"The Fashion School in Florence, Italy","publisher":{"@id":"https:\/\/www.polimoda.com\/it\/#organization"},"alternateName":"Polimoda","potentialAction":[{"@type":"SearchAction","target":{"@type":"EntryPoint","urlTemplate":"https:\/\/www.polimoda.com\/it\/?s={search_term_string}"},"query-input":{"@type":"PropertyValueSpecification","valueRequired":true,"valueName":"search_term_string"}}],"inLanguage":"it-IT"},{"@type":"Organization","@id":"https:\/\/www.polimoda.com\/it\/#organization","name":"Polimoda Fashion School","alternateName":"Polimoda","url":"https:\/\/www.polimoda.com\/it\/","logo":{"@type":"ImageObject","inLanguage":"it-IT","@id":"https:\/\/www.polimoda.com\/it\/#\/schema\/logo\/image\/","url":"https:\/\/www.polimoda.com\/wp-content\/uploads\/2022\/07\/logo_polimoda.png","contentUrl":"https:\/\/www.polimoda.com\/wp-content\/uploads\/2022\/07\/logo_polimoda.png","width":508,"height":132,"caption":"Polimoda Fashion School"},"image":{"@id":"https:\/\/www.polimoda.com\/it\/#\/schema\/logo\/image\/"},"sameAs":["https:\/\/www.facebook.com\/Polimoda","https:\/\/x.com\/polimoda","https:\/\/www.instagram.com\/polimodafirenze","https:\/\/www.tiktok.com\/@polimoda","https:\/\/open.spotify.com\/user\/qrqkduirz0hc5ta3wvbs4ikem?si=db886dfc1ff6482c","https:\/\/www.youtube.com\/user\/polimodatube","https:\/\/www.linkedin.com\/company\/polimoda"]}]}},"_links":{"self":[{"href":"https:\/\/www.polimoda.com\/it\/wp-json\/wp\/v2\/polimoda-press\/17439","targetHints":{"allow":["GET"]}}],"collection":[{"href":"https:\/\/www.polimoda.com\/it\/wp-json\/wp\/v2\/polimoda-press"}],"about":[{"href":"https:\/\/www.polimoda.com\/it\/wp-json\/wp\/v2\/types\/polimoda-press"}],"version-history":[{"count":35,"href":"https:\/\/www.polimoda.com\/it\/wp-json\/wp\/v2\/polimoda-press\/17439\/revisions"}],"predecessor-version":[{"id":26547,"href":"https:\/\/www.polimoda.com\/it\/wp-json\/wp\/v2\/polimoda-press\/17439\/revisions\/26547"}],"wp:featuredmedia":[{"embeddable":true,"href":"https:\/\/www.polimoda.com\/it\/wp-json\/wp\/v2\/media\/17320"}],"wp:attachment":[{"href":"https:\/\/www.polimoda.com\/it\/wp-json\/wp\/v2\/media?parent=17439"}],"wp:term":[{"taxonomy":"post_tag","embeddable":true,"href":"https:\/\/www.polimoda.com\/it\/wp-json\/wp\/v2\/tags?post=17439"},{"taxonomy":"press-release-categories","embeddable":true,"href":"https:\/\/www.polimoda.com\/it\/wp-json\/wp\/v2\/press-release-categories?post=17439"}],"curies":[{"name":"wp","href":"https:\/\/api.w.org\/{rel}","templated":true}]}}