{"id":12405,"date":"2022-11-08T12:00:49","date_gmt":"2022-11-08T11:00:49","guid":{"rendered":"https:\/\/www.polimoda.com\/press-area\/polimoda-debutta-alla-dubai-design-week-2022\/"},"modified":"2023-05-04T12:31:49","modified_gmt":"2023-05-04T10:31:49","slug":"polimoda-debutta-alla-dubai-design-week-2022","status":"publish","type":"polimoda-press","link":"https:\/\/www.polimoda.com\/it\/press-area\/polimoda-debutta-alla-dubai-design-week-2022\/","title":{"rendered":"Polimoda debutta alla Dubai Design Week 2022"},"content":{"rendered":"\t\t<div data-elementor-type=\"wp-post\" data-elementor-id=\"12405\" class=\"elementor elementor-12405 elementor-11409\" data-elementor-post-type=\"polimoda-press\">\n\t\t\t\t\t\t<section class=\"elementor-section elementor-top-section elementor-element elementor-element-214dac00 elementor-section-boxed elementor-section-height-default elementor-section-height-default\" data-id=\"214dac00\" data-element_type=\"section\" data-e-type=\"section\">\n\t\t\t\t\t\t<div class=\"elementor-container elementor-column-gap-default\">\n\t\t\t\t\t<div class=\"elementor-column elementor-col-25 elementor-top-column elementor-element elementor-element-57f69473\" data-id=\"57f69473\" data-element_type=\"column\" data-e-type=\"column\">\n\t\t\t<div class=\"elementor-widget-wrap\">\n\t\t\t\t\t\t\t<\/div>\n\t\t<\/div>\n\t\t\t\t<div class=\"elementor-column elementor-col-50 elementor-top-column elementor-element elementor-element-7216f37f\" data-id=\"7216f37f\" data-element_type=\"column\" data-e-type=\"column\">\n\t\t\t<div class=\"elementor-widget-wrap elementor-element-populated\">\n\t\t\t\t\t\t<div class=\"elementor-element elementor-element-e45873c elementor-widget elementor-widget-text-editor\" data-id=\"e45873c\" data-element_type=\"widget\" data-e-type=\"widget\" data-widget_type=\"text-editor.default\">\n\t\t\t\t<div class=\"elementor-widget-container\">\n\t\t\t\t\t\t\t\t\t<p>La fashion school fiorentina rivela le sue risorse creative attraverso una collaborazione interculturale alla Dubai Design Week dal 8 al 13 novembre, con il direttore Massimiliano Giornetti e l&#8217;installazione inedita site-specific Shamal. Sand Stone Stars. Sand Stone Stars.<\/p>\n\t\t\t\t\t\t\t\t<\/div>\n\t\t\t\t<\/div>\n\t\t\t\t<div class=\"elementor-element elementor-element-b45794e elementor-widget elementor-widget-image\" data-id=\"b45794e\" data-element_type=\"widget\" data-e-type=\"widget\" data-widget_type=\"image.default\">\n\t\t\t\t<div class=\"elementor-widget-container\">\n\t\t\t\t\t\t\t\t\t\t\t\t<figure class=\"wp-caption\">\n\t\t\t\t\t\t\t\t\t\t<img fetchpriority=\"high\" decoding=\"async\" width=\"1024\" height=\"683\" src=\"https:\/\/www.polimoda.com\/wp-content\/uploads\/2023\/03\/1668702404-shamal-dubai-design-week-polimoda-2022-1024x683.jpg\" class=\"attachment-large size-large wp-image-8292\" alt=\"\" srcset=\"https:\/\/www.polimoda.com\/wp-content\/uploads\/2023\/03\/1668702404-shamal-dubai-design-week-polimoda-2022-1024x683.jpg 1024w, https:\/\/www.polimoda.com\/wp-content\/uploads\/2023\/03\/1668702404-shamal-dubai-design-week-polimoda-2022-300x200.jpg 300w, https:\/\/www.polimoda.com\/wp-content\/uploads\/2023\/03\/1668702404-shamal-dubai-design-week-polimoda-2022-768x512.jpg 768w, https:\/\/www.polimoda.com\/wp-content\/uploads\/2023\/03\/1668702404-shamal-dubai-design-week-polimoda-2022-1536x1024.jpg 1536w, https:\/\/www.polimoda.com\/wp-content\/uploads\/2023\/03\/1668702404-shamal-dubai-design-week-polimoda-2022.jpg 1920w\" sizes=\"(max-width: 1024px) 100vw, 1024px\" \/>\t\t\t\t\t\t\t\t\t\t\t<figcaption class=\"widget-image-caption wp-caption-text\"><\/figcaption>\n\t\t\t\t\t\t\t\t\t\t<\/figure>\n\t\t\t\t\t\t\t\t\t<\/div>\n\t\t\t\t<\/div>\n\t\t\t\t<div class=\"elementor-element elementor-element-228d227b elementor-widget elementor-widget-text-editor\" data-id=\"228d227b\" data-element_type=\"widget\" data-e-type=\"widget\" data-widget_type=\"text-editor.default\">\n\t\t\t\t<div class=\"elementor-widget-container\">\n\t\t\t\t\t\t\t\t\t<p>Polimoda partecipa per la prima volta alla Dubai Design Week, la pi\u00f9 importante manifestazione di design e arte del Medio Oriente, curata in partnership con il Dubai Design District (d3). Il programma dell\u2019evento si concentra quest\u2019anno sulla progettazione per un futuro sostenibile, a cui Polimoda prende parte attraverso uno scambio interculturale che gli permette di uscire dal contesto puramente fashion.<\/p>\n<p>Polimoda presenta alla Dubai Design Week l\u2019installazione ambientale Shamal. Sand Stone Stars, realizzata dall\u2019 alumna Polimoda e professionista nel settore delle arti visive Lisa Mara Batacchi e curata dalla docente e curatrice Federica Forti. Shamal. L\u2019opera, una leggera struttura tessile alta oltre quattro metri in filati grezzi e tinte naturali, invita il pubblico ad attraversarla \u201cper intraprendere un antico viaggio nel futuro, muovendosi alla velocit\u00e0 della luce, ma osservando attentamente quei dettagli che la sabbia pu\u00f2 nascondere, rivelare e improvvisamente celare. Shamal \u00e8 il vento caldo, secco e polveroso che soffia da nord-ovest su Iraq, Iran e penisola arabica. Lisa Mara Batacchi auspica una possibile rigenerazione positiva all&#8217;indomani di eventi estremi come una tempesta di sabbia: la rinascita del genere umano in nome di una maggiore spiritualit\u00e0 e armonia. Al centro dell\u2019opera si trovano due preziosi arazzi, realizzati manualmente a telaio dall&#8217;artista, le cui effimere architetture di tessuto sono appese, apparentemente fluttuanti verso l&#8217;alto o verso il basso come in balia di una tempesta. Una struttura sospesa e permeabile, al cui centro gli arazzi diventano portali per la meditazione<\/p>\n<p>Shamal. Sand Stone Stars offre l&#8217;opportunit\u00e0 di un momento intimo e riflessivo per immaginare la vita futura sul pianeta Terra. L\u2019installazione si propone come centro di scambio di idee durante la Dubai Design Week.<\/p>\n<p>Inoltre, il direttore di Polimoda Massimiliano Giornetti, conduce la serie di workshop \u201cAncestral Volumes\u201d sul drappeggio creativo applicato al corpo umano, con l\u2019obiettivo di ispirare lo sviluppo del design futuro attraverso forme sperimentali. Giornetti sar\u00e0 anche uno dei relatori del Forum 2022 di Downtown Design, incontro annuale che d\u00e0 voce alle figure chiave del mondo del design internazionale, nella tavola rotonda \u201cMoving from Fast to Slow Fashion: The textile evolution\u201d, moderata da Jeannine Yazbeck. I workshop sono aperti al pubblico tramite registrazione sul sito della Dubai Design Week.<\/p>\n\t\t\t\t\t\t\t\t<\/div>\n\t\t\t\t<\/div>\n\t\t\t\t<div class=\"elementor-element elementor-element-92c2a77 elementor-widget elementor-widget-image\" data-id=\"92c2a77\" data-element_type=\"widget\" data-e-type=\"widget\" data-widget_type=\"image.default\">\n\t\t\t\t<div class=\"elementor-widget-container\">\n\t\t\t\t\t\t\t\t\t\t\t\t<figure class=\"wp-caption\">\n\t\t\t\t\t\t\t\t\t\t<img decoding=\"async\" width=\"1024\" height=\"683\" src=\"https:\/\/www.polimoda.com\/wp-content\/uploads\/2022\/11\/1668439575-dubai-design-week-workshop-polimoda3-1024x683.jpg\" class=\"attachment-large size-large wp-image-8362\" alt=\"\" srcset=\"https:\/\/www.polimoda.com\/wp-content\/uploads\/2022\/11\/1668439575-dubai-design-week-workshop-polimoda3-1024x683.jpg 1024w, https:\/\/www.polimoda.com\/wp-content\/uploads\/2022\/11\/1668439575-dubai-design-week-workshop-polimoda3-300x200.jpg 300w, https:\/\/www.polimoda.com\/wp-content\/uploads\/2022\/11\/1668439575-dubai-design-week-workshop-polimoda3-768x512.jpg 768w, https:\/\/www.polimoda.com\/wp-content\/uploads\/2022\/11\/1668439575-dubai-design-week-workshop-polimoda3-1536x1025.jpg 1536w, https:\/\/www.polimoda.com\/wp-content\/uploads\/2022\/11\/1668439575-dubai-design-week-workshop-polimoda3-2048x1366.jpg 2048w\" sizes=\"(max-width: 1024px) 100vw, 1024px\" \/>\t\t\t\t\t\t\t\t\t\t\t<figcaption class=\"widget-image-caption wp-caption-text\"><\/figcaption>\n\t\t\t\t\t\t\t\t\t\t<\/figure>\n\t\t\t\t\t\t\t\t\t<\/div>\n\t\t\t\t<\/div>\n\t\t\t\t<div class=\"elementor-element elementor-element-669a7c38 elementor-widget elementor-widget-testimonial\" data-id=\"669a7c38\" data-element_type=\"widget\" data-e-type=\"widget\" data-widget_type=\"testimonial.default\">\n\t\t\t\t<div class=\"elementor-widget-container\">\n\t\t\t\t\t\t\t<div class=\"elementor-testimonial-wrapper\">\n\t\t\t\t\t\t\t<div class=\"elementor-testimonial-content\"><p>Siamo entusiasti di partecipare per la prima volta alla Dubai Design Week, una nuova occasione per dialogare con giovani talenti e menti creative indipendenti di tutto il mondo. Rappresenta infatti l'evento culturale pi\u00f9 rilevante della regione e per noi la migliore opportunit\u00e0 di avviare un dialogo su moda, arte, antropologia e sociologia con la scena locale. Il tema dell'edizione 2022, Design with an Impact, risuona fortemente con i nostri valori e principi. La moda gioca un ruolo fondamentale nel plasmare il futuro e, ora pi\u00f9 che mai, dovrebbe attivarsi per un futuro migliore, fatto di sostenibilit\u00e0 e inclusivit\u00e0 e minor impatto sul pianeta. E noi siamo fieri di farci portavoce degli sviluppi nel mondo della moda e dell'arte.<\/p>\n<\/div>\n\t\t\t\n\t\t\t\t\t\t<div class=\"elementor-testimonial-meta\">\n\t\t\t\t<div class=\"elementor-testimonial-meta-inner\">\n\t\t\t\t\t\n\t\t\t\t\t\t\t\t\t\t<div class=\"elementor-testimonial-details\">\n\t\t\t\t\t\t\t\t\t\t\t\t\t\t<div class=\"elementor-testimonial-name\">Massimiliano Giornetti<\/div>\n\t\t\t\t\t\t\t\t\t\t\t\t\t\t\t\t\t\t\t\t\t\t<div class=\"elementor-testimonial-job\">Direttore di Polimoda<\/div>\n\t\t\t\t\t\t\t\t\t\t\t\t\t<\/div>\n\t\t\t\t\t\t\t\t\t<\/div>\n\t\t\t<\/div>\n\t\t\t\t\t<\/div>\n\t\t\t\t\t\t<\/div>\n\t\t\t\t<\/div>\n\t\t\t\t\t<\/div>\n\t\t<\/div>\n\t\t\t\t<div class=\"elementor-column elementor-col-25 elementor-top-column elementor-element elementor-element-4a1b2df6\" data-id=\"4a1b2df6\" data-element_type=\"column\" data-e-type=\"column\">\n\t\t\t<div class=\"elementor-widget-wrap\">\n\t\t\t\t\t\t\t<\/div>\n\t\t<\/div>\n\t\t\t\t\t<\/div>\n\t\t<\/section>\n\t\t\t\t<section class=\"elementor-section elementor-top-section elementor-element elementor-element-c0e102f elementor-section-boxed elementor-section-height-default elementor-section-height-default\" data-id=\"c0e102f\" data-element_type=\"section\" data-e-type=\"section\">\n\t\t\t\t\t\t<div class=\"elementor-container elementor-column-gap-default\">\n\t\t\t\t\t<div class=\"elementor-column elementor-col-100 elementor-top-column elementor-element elementor-element-94fbbcd\" data-id=\"94fbbcd\" data-element_type=\"column\" data-e-type=\"column\">\n\t\t\t<div class=\"elementor-widget-wrap elementor-element-populated\">\n\t\t\t\t\t\t<div class=\"elementor-element elementor-element-194c61e elementor-widget elementor-widget-spacer\" data-id=\"194c61e\" data-element_type=\"widget\" data-e-type=\"widget\" data-widget_type=\"spacer.default\">\n\t\t\t\t<div class=\"elementor-widget-container\">\n\t\t\t\t\t\t\t<div class=\"elementor-spacer\">\n\t\t\t<div class=\"elementor-spacer-inner\"><\/div>\n\t\t<\/div>\n\t\t\t\t\t\t<\/div>\n\t\t\t\t<\/div>\n\t\t\t\t\t<\/div>\n\t\t<\/div>\n\t\t\t\t\t<\/div>\n\t\t<\/section>\n\t\t\t\t<section class=\"elementor-section elementor-top-section elementor-element elementor-element-71023ec elementor-section-boxed elementor-section-height-default elementor-section-height-default\" data-id=\"71023ec\" data-element_type=\"section\" data-e-type=\"section\">\n\t\t\t\t\t\t<div class=\"elementor-container elementor-column-gap-default\">\n\t\t\t\t\t<div class=\"elementor-column elementor-col-25 elementor-top-column elementor-element elementor-element-00d4a24\" data-id=\"00d4a24\" data-element_type=\"column\" data-e-type=\"column\">\n\t\t\t<div class=\"elementor-widget-wrap\">\n\t\t\t\t\t\t\t<\/div>\n\t\t<\/div>\n\t\t\t\t<div class=\"elementor-column elementor-col-50 elementor-top-column elementor-element elementor-element-3925bbd\" data-id=\"3925bbd\" data-element_type=\"column\" data-e-type=\"column\">\n\t\t\t<div class=\"elementor-widget-wrap elementor-element-populated\">\n\t\t\t\t\t\t<div class=\"elementor-element elementor-element-ab02bc0 elementor-widget elementor-widget-heading\" data-id=\"ab02bc0\" data-element_type=\"widget\" data-e-type=\"widget\" data-widget_type=\"heading.default\">\n\t\t\t\t<div class=\"elementor-widget-container\">\n\t\t\t\t\t<h2 class=\"elementor-heading-title elementor-size-default\">Downloads<\/h2>\t\t\t\t<\/div>\n\t\t\t\t<\/div>\n\t\t\t\t<div class=\"elementor-element elementor-element-5317707 elementor-icon-list--layout-traditional elementor-list-item-link-full_width elementor-widget elementor-widget-icon-list\" data-id=\"5317707\" data-element_type=\"widget\" data-e-type=\"widget\" data-widget_type=\"icon-list.default\">\n\t\t\t\t<div class=\"elementor-widget-container\">\n\t\t\t\t\t\t\t<ul class=\"elementor-icon-list-items\">\n\t\t\t\t\t\t\t<li class=\"elementor-icon-list-item\">\n\t\t\t\t\t\t\t\t\t\t\t<a href=\"http:\/\/Polimoda%20at%20Dubai%20Design%20Week%20-%20comunicato%20stampa\" target=\"_blank\">\n\n\t\t\t\t\t\t\t\t\t\t\t\t<span class=\"elementor-icon-list-icon\">\n\t\t\t\t\t\t\t<i aria-hidden=\"true\" class=\"fas fa-file-pdf\"><\/i>\t\t\t\t\t\t<\/span>\n\t\t\t\t\t\t\t\t\t\t<span class=\"elementor-icon-list-text\">Comunicato stampa EN<\/span>\n\t\t\t\t\t\t\t\t\t\t\t<\/a>\n\t\t\t\t\t\t\t\t\t<\/li>\n\t\t\t\t\t\t\t\t<li class=\"elementor-icon-list-item\">\n\t\t\t\t\t\t\t\t\t\t\t<a href=\"https:\/\/polimoda.com\/wp-content\/uploads\/2023\/04\/Polimoda-Dubai-Design-Week-Press-Release-ITA_091122.pdf\" target=\"_blank\">\n\n\t\t\t\t\t\t\t\t\t\t\t\t<span class=\"elementor-icon-list-icon\">\n\t\t\t\t\t\t\t<i aria-hidden=\"true\" class=\"fas fa-file-pdf\"><\/i>\t\t\t\t\t\t<\/span>\n\t\t\t\t\t\t\t\t\t\t<span class=\"elementor-icon-list-text\">Comunicato stampa IT<\/span>\n\t\t\t\t\t\t\t\t\t\t\t<\/a>\n\t\t\t\t\t\t\t\t\t<\/li>\n\t\t\t\t\t\t\t\t<li class=\"elementor-icon-list-item\">\n\t\t\t\t\t\t\t\t\t\t\t<a href=\"https:\/\/polimoda.com\/wp-content\/uploads\/2023\/04\/shamal-sand-stone-stars-en.pdf\" target=\"_blank\">\n\n\t\t\t\t\t\t\t\t\t\t\t\t<span class=\"elementor-icon-list-icon\">\n\t\t\t\t\t\t\t<i aria-hidden=\"true\" class=\"fas fa-file-pdf\"><\/i>\t\t\t\t\t\t<\/span>\n\t\t\t\t\t\t\t\t\t\t<span class=\"elementor-icon-list-text\">Shamal. Sand Stone Stars EN<\/span>\n\t\t\t\t\t\t\t\t\t\t\t<\/a>\n\t\t\t\t\t\t\t\t\t<\/li>\n\t\t\t\t\t\t\t\t<li class=\"elementor-icon-list-item\">\n\t\t\t\t\t\t\t\t\t\t\t<a href=\"https:\/\/www.dropbox.com\/scl\/fo\/5pug405anaynrmpuoryrh\/h?dl=0&#038;rlkey=ec6u7ror7fxqs4oebr9wk0zcw\" target=\"_blank\">\n\n\t\t\t\t\t\t\t\t\t\t\t\t<span class=\"elementor-icon-list-icon\">\n\t\t\t\t\t\t\t<i aria-hidden=\"true\" class=\"fas fa-file-image\"><\/i>\t\t\t\t\t\t<\/span>\n\t\t\t\t\t\t\t\t\t\t<span class=\"elementor-icon-list-text\">Immagini<\/span>\n\t\t\t\t\t\t\t\t\t\t\t<\/a>\n\t\t\t\t\t\t\t\t\t<\/li>\n\t\t\t\t\t\t<\/ul>\n\t\t\t\t\t\t<\/div>\n\t\t\t\t<\/div>\n\t\t\t\t\t<\/div>\n\t\t<\/div>\n\t\t\t\t<div class=\"elementor-column elementor-col-25 elementor-top-column elementor-element elementor-element-91c9ef2\" data-id=\"91c9ef2\" data-element_type=\"column\" data-e-type=\"column\">\n\t\t\t<div class=\"elementor-widget-wrap\">\n\t\t\t\t\t\t\t<\/div>\n\t\t<\/div>\n\t\t\t\t\t<\/div>\n\t\t<\/section>\n\t\t\t\t<\/div>\n\t\t","protected":false},"excerpt":{"rendered":"<p>La fashion school fiorentina rivela le sue risorse creative attraverso una collaborazione interculturale alla Dubai Design Week dal 8 al 13 novembre, con il direttore Massimiliano Giornetti e l&#8217;installazione inedita site-specific Shamal. Sand Stone Stars. Sand Stone Stars.<\/p>\n","protected":false},"featured_media":8301,"template":"","meta":{"_acf_changed":false,"site-sidebar-layout":"default","site-content-layout":"default","ast-site-content-layout":"default","site-content-style":"default","site-sidebar-style":"default","ast-global-header-display":"","ast-banner-title-visibility":"","ast-main-header-display":"","ast-hfb-above-header-display":"","ast-hfb-below-header-display":"","ast-hfb-mobile-header-display":"","site-post-title":"","ast-breadcrumbs-content":"","ast-featured-img":"","footer-sml-layout":"","ast-disable-related-posts":"","theme-transparent-header-meta":"default","adv-header-id-meta":"","stick-header-meta":"default","header-above-stick-meta":"","header-main-stick-meta":"","header-below-stick-meta":"","astra-migrate-meta-layouts":"default","ast-page-background-enabled":"default","ast-page-background-meta":{"desktop":{"background-color":"var(--ast-global-color-4)","background-image":"","background-repeat":"repeat","background-position":"center center","background-size":"auto","background-attachment":"scroll","background-type":"","background-media":"","overlay-type":"","overlay-color":"","overlay-opacity":"","overlay-gradient":""},"tablet":{"background-color":"","background-image":"","background-repeat":"repeat","background-position":"center center","background-size":"auto","background-attachment":"scroll","background-type":"","background-media":"","overlay-type":"","overlay-color":"","overlay-opacity":"","overlay-gradient":""},"mobile":{"background-color":"","background-image":"","background-repeat":"repeat","background-position":"center center","background-size":"auto","background-attachment":"scroll","background-type":"","background-media":"","overlay-type":"","overlay-color":"","overlay-opacity":"","overlay-gradient":""}},"ast-content-background-meta":{"desktop":{"background-color":"var(--ast-global-color-5)","background-image":"","background-repeat":"repeat","background-position":"center center","background-size":"auto","background-attachment":"scroll","background-type":"","background-media":"","overlay-type":"","overlay-color":"","overlay-opacity":"","overlay-gradient":""},"tablet":{"background-color":"var(--ast-global-color-5)","background-image":"","background-repeat":"repeat","background-position":"center center","background-size":"auto","background-attachment":"scroll","background-type":"","background-media":"","overlay-type":"","overlay-color":"","overlay-opacity":"","overlay-gradient":""},"mobile":{"background-color":"var(--ast-global-color-5)","background-image":"","background-repeat":"repeat","background-position":"center center","background-size":"auto","background-attachment":"scroll","background-type":"","background-media":"","overlay-type":"","overlay-color":"","overlay-opacity":"","overlay-gradient":""}}},"tags":[],"press-release-categories":[155],"class_list":["post-12405","polimoda-press","type-polimoda-press","status-publish","has-post-thumbnail","hentry","press-release-categories-projects"],"acf":[],"yoast_head":"<!-- This site is optimized with the Yoast SEO plugin v27.3 - https:\/\/yoast.com\/product\/yoast-seo-wordpress\/ -->\n<title>Polimoda debutta alla Dubai Design Week 2022 | Polimoda Fashion School<\/title>\n<meta name=\"robots\" content=\"index, follow, max-snippet:-1, max-image-preview:large, max-video-preview:-1\" \/>\n<link rel=\"canonical\" href=\"https:\/\/www.polimoda.com\/it\/press-area\/polimoda-debutta-alla-dubai-design-week-2022\/\" \/>\n<meta property=\"og:locale\" content=\"it_IT\" \/>\n<meta property=\"og:type\" content=\"article\" \/>\n<meta property=\"og:title\" content=\"Polimoda debutta alla Dubai Design Week 2022 | Polimoda Fashion School\" \/>\n<meta property=\"og:description\" content=\"La fashion school fiorentina rivela le sue risorse creative attraverso una collaborazione interculturale alla Dubai Design Week dal 8 al 13 novembre, con il direttore Massimiliano Giornetti e l&#039;installazione inedita site-specific Shamal. Sand Stone Stars. Sand Stone Stars.\" \/>\n<meta property=\"og:url\" content=\"https:\/\/www.polimoda.com\/it\/press-area\/polimoda-debutta-alla-dubai-design-week-2022\/\" \/>\n<meta property=\"og:site_name\" content=\"Polimoda Fashion School\" \/>\n<meta property=\"article:publisher\" content=\"https:\/\/www.facebook.com\/Polimoda\" \/>\n<meta property=\"article:modified_time\" content=\"2023-05-04T10:31:49+00:00\" \/>\n<meta property=\"og:image\" content=\"https:\/\/www.polimoda.com\/wp-content\/uploads\/2023\/03\/1668439351-dubai-design-week-press-conference-polimoda4-scaled.jpg\" \/>\n\t<meta property=\"og:image:width\" content=\"2560\" \/>\n\t<meta property=\"og:image:height\" content=\"1708\" \/>\n\t<meta property=\"og:image:type\" content=\"image\/jpeg\" \/>\n<meta name=\"twitter:card\" content=\"summary_large_image\" \/>\n<meta name=\"twitter:site\" content=\"@polimoda\" \/>\n<script type=\"application\/ld+json\" class=\"yoast-schema-graph\">{\"@context\":\"https:\\\/\\\/schema.org\",\"@graph\":[{\"@type\":\"WebPage\",\"@id\":\"https:\\\/\\\/www.polimoda.com\\\/it\\\/press-area\\\/polimoda-debutta-alla-dubai-design-week-2022\\\/\",\"url\":\"https:\\\/\\\/www.polimoda.com\\\/it\\\/press-area\\\/polimoda-debutta-alla-dubai-design-week-2022\\\/\",\"name\":\"Polimoda debutta alla Dubai Design Week 2022 | Polimoda Fashion School\",\"isPartOf\":{\"@id\":\"https:\\\/\\\/www.polimoda.com\\\/it\\\/#website\"},\"primaryImageOfPage\":{\"@id\":\"https:\\\/\\\/www.polimoda.com\\\/it\\\/press-area\\\/polimoda-debutta-alla-dubai-design-week-2022\\\/#primaryimage\"},\"image\":{\"@id\":\"https:\\\/\\\/www.polimoda.com\\\/it\\\/press-area\\\/polimoda-debutta-alla-dubai-design-week-2022\\\/#primaryimage\"},\"thumbnailUrl\":\"https:\\\/\\\/www.polimoda.com\\\/wp-content\\\/uploads\\\/2023\\\/03\\\/1668439351-dubai-design-week-press-conference-polimoda4-scaled.jpg\",\"datePublished\":\"2022-11-08T11:00:49+00:00\",\"dateModified\":\"2023-05-04T10:31:49+00:00\",\"breadcrumb\":{\"@id\":\"https:\\\/\\\/www.polimoda.com\\\/it\\\/press-area\\\/polimoda-debutta-alla-dubai-design-week-2022\\\/#breadcrumb\"},\"inLanguage\":\"it-IT\",\"potentialAction\":[{\"@type\":\"ReadAction\",\"target\":[\"https:\\\/\\\/www.polimoda.com\\\/it\\\/press-area\\\/polimoda-debutta-alla-dubai-design-week-2022\\\/\"]}]},{\"@type\":\"ImageObject\",\"inLanguage\":\"it-IT\",\"@id\":\"https:\\\/\\\/www.polimoda.com\\\/it\\\/press-area\\\/polimoda-debutta-alla-dubai-design-week-2022\\\/#primaryimage\",\"url\":\"https:\\\/\\\/www.polimoda.com\\\/wp-content\\\/uploads\\\/2023\\\/03\\\/1668439351-dubai-design-week-press-conference-polimoda4-scaled.jpg\",\"contentUrl\":\"https:\\\/\\\/www.polimoda.com\\\/wp-content\\\/uploads\\\/2023\\\/03\\\/1668439351-dubai-design-week-press-conference-polimoda4-scaled.jpg\",\"width\":2560,\"height\":1708},{\"@type\":\"BreadcrumbList\",\"@id\":\"https:\\\/\\\/www.polimoda.com\\\/it\\\/press-area\\\/polimoda-debutta-alla-dubai-design-week-2022\\\/#breadcrumb\",\"itemListElement\":[{\"@type\":\"ListItem\",\"position\":1,\"name\":\"Home\",\"item\":\"https:\\\/\\\/www.polimoda.com\\\/it\\\/\"},{\"@type\":\"ListItem\",\"position\":2,\"name\":\"Press releases\",\"item\":\"https:\\\/\\\/www.polimoda.com\\\/it\\\/press-area\\\/\"},{\"@type\":\"ListItem\",\"position\":3,\"name\":\"Polimoda debutta alla Dubai Design Week 2022\"}]},{\"@type\":\"WebSite\",\"@id\":\"https:\\\/\\\/www.polimoda.com\\\/it\\\/#website\",\"url\":\"https:\\\/\\\/www.polimoda.com\\\/it\\\/\",\"name\":\"Polimoda Fashion School\",\"description\":\"The Fashion School in Florence, Italy\",\"publisher\":{\"@id\":\"https:\\\/\\\/www.polimoda.com\\\/it\\\/#organization\"},\"alternateName\":\"Polimoda\",\"potentialAction\":[{\"@type\":\"SearchAction\",\"target\":{\"@type\":\"EntryPoint\",\"urlTemplate\":\"https:\\\/\\\/www.polimoda.com\\\/it\\\/?s={search_term_string}\"},\"query-input\":{\"@type\":\"PropertyValueSpecification\",\"valueRequired\":true,\"valueName\":\"search_term_string\"}}],\"inLanguage\":\"it-IT\"},{\"@type\":\"Organization\",\"@id\":\"https:\\\/\\\/www.polimoda.com\\\/it\\\/#organization\",\"name\":\"Polimoda Fashion School\",\"alternateName\":\"Polimoda\",\"url\":\"https:\\\/\\\/www.polimoda.com\\\/it\\\/\",\"logo\":{\"@type\":\"ImageObject\",\"inLanguage\":\"it-IT\",\"@id\":\"https:\\\/\\\/www.polimoda.com\\\/it\\\/#\\\/schema\\\/logo\\\/image\\\/\",\"url\":\"https:\\\/\\\/www.polimoda.com\\\/wp-content\\\/uploads\\\/2022\\\/07\\\/logo_polimoda.png\",\"contentUrl\":\"https:\\\/\\\/www.polimoda.com\\\/wp-content\\\/uploads\\\/2022\\\/07\\\/logo_polimoda.png\",\"width\":508,\"height\":132,\"caption\":\"Polimoda Fashion School\"},\"image\":{\"@id\":\"https:\\\/\\\/www.polimoda.com\\\/it\\\/#\\\/schema\\\/logo\\\/image\\\/\"},\"sameAs\":[\"https:\\\/\\\/www.facebook.com\\\/Polimoda\",\"https:\\\/\\\/x.com\\\/polimoda\",\"https:\\\/\\\/www.instagram.com\\\/polimodafirenze\",\"https:\\\/\\\/www.tiktok.com\\\/@polimoda\",\"https:\\\/\\\/open.spotify.com\\\/user\\\/qrqkduirz0hc5ta3wvbs4ikem?si=db886dfc1ff6482c\",\"https:\\\/\\\/www.youtube.com\\\/user\\\/polimodatube\",\"https:\\\/\\\/www.linkedin.com\\\/company\\\/polimoda\"]}]}<\/script>\n<!-- \/ Yoast SEO plugin. -->","yoast_head_json":{"title":"Polimoda debutta alla Dubai Design Week 2022 | Polimoda Fashion School","robots":{"index":"index","follow":"follow","max-snippet":"max-snippet:-1","max-image-preview":"max-image-preview:large","max-video-preview":"max-video-preview:-1"},"canonical":"https:\/\/www.polimoda.com\/it\/press-area\/polimoda-debutta-alla-dubai-design-week-2022\/","og_locale":"it_IT","og_type":"article","og_title":"Polimoda debutta alla Dubai Design Week 2022 | Polimoda Fashion School","og_description":"La fashion school fiorentina rivela le sue risorse creative attraverso una collaborazione interculturale alla Dubai Design Week dal 8 al 13 novembre, con il direttore Massimiliano Giornetti e l'installazione inedita site-specific Shamal. Sand Stone Stars. Sand Stone Stars.","og_url":"https:\/\/www.polimoda.com\/it\/press-area\/polimoda-debutta-alla-dubai-design-week-2022\/","og_site_name":"Polimoda Fashion School","article_publisher":"https:\/\/www.facebook.com\/Polimoda","article_modified_time":"2023-05-04T10:31:49+00:00","og_image":[{"width":2560,"height":1708,"url":"https:\/\/www.polimoda.com\/wp-content\/uploads\/2023\/03\/1668439351-dubai-design-week-press-conference-polimoda4-scaled.jpg","type":"image\/jpeg"}],"twitter_card":"summary_large_image","twitter_site":"@polimoda","schema":{"@context":"https:\/\/schema.org","@graph":[{"@type":"WebPage","@id":"https:\/\/www.polimoda.com\/it\/press-area\/polimoda-debutta-alla-dubai-design-week-2022\/","url":"https:\/\/www.polimoda.com\/it\/press-area\/polimoda-debutta-alla-dubai-design-week-2022\/","name":"Polimoda debutta alla Dubai Design Week 2022 | Polimoda Fashion School","isPartOf":{"@id":"https:\/\/www.polimoda.com\/it\/#website"},"primaryImageOfPage":{"@id":"https:\/\/www.polimoda.com\/it\/press-area\/polimoda-debutta-alla-dubai-design-week-2022\/#primaryimage"},"image":{"@id":"https:\/\/www.polimoda.com\/it\/press-area\/polimoda-debutta-alla-dubai-design-week-2022\/#primaryimage"},"thumbnailUrl":"https:\/\/www.polimoda.com\/wp-content\/uploads\/2023\/03\/1668439351-dubai-design-week-press-conference-polimoda4-scaled.jpg","datePublished":"2022-11-08T11:00:49+00:00","dateModified":"2023-05-04T10:31:49+00:00","breadcrumb":{"@id":"https:\/\/www.polimoda.com\/it\/press-area\/polimoda-debutta-alla-dubai-design-week-2022\/#breadcrumb"},"inLanguage":"it-IT","potentialAction":[{"@type":"ReadAction","target":["https:\/\/www.polimoda.com\/it\/press-area\/polimoda-debutta-alla-dubai-design-week-2022\/"]}]},{"@type":"ImageObject","inLanguage":"it-IT","@id":"https:\/\/www.polimoda.com\/it\/press-area\/polimoda-debutta-alla-dubai-design-week-2022\/#primaryimage","url":"https:\/\/www.polimoda.com\/wp-content\/uploads\/2023\/03\/1668439351-dubai-design-week-press-conference-polimoda4-scaled.jpg","contentUrl":"https:\/\/www.polimoda.com\/wp-content\/uploads\/2023\/03\/1668439351-dubai-design-week-press-conference-polimoda4-scaled.jpg","width":2560,"height":1708},{"@type":"BreadcrumbList","@id":"https:\/\/www.polimoda.com\/it\/press-area\/polimoda-debutta-alla-dubai-design-week-2022\/#breadcrumb","itemListElement":[{"@type":"ListItem","position":1,"name":"Home","item":"https:\/\/www.polimoda.com\/it\/"},{"@type":"ListItem","position":2,"name":"Press releases","item":"https:\/\/www.polimoda.com\/it\/press-area\/"},{"@type":"ListItem","position":3,"name":"Polimoda debutta alla Dubai Design Week 2022"}]},{"@type":"WebSite","@id":"https:\/\/www.polimoda.com\/it\/#website","url":"https:\/\/www.polimoda.com\/it\/","name":"Polimoda Fashion School","description":"The Fashion School in Florence, Italy","publisher":{"@id":"https:\/\/www.polimoda.com\/it\/#organization"},"alternateName":"Polimoda","potentialAction":[{"@type":"SearchAction","target":{"@type":"EntryPoint","urlTemplate":"https:\/\/www.polimoda.com\/it\/?s={search_term_string}"},"query-input":{"@type":"PropertyValueSpecification","valueRequired":true,"valueName":"search_term_string"}}],"inLanguage":"it-IT"},{"@type":"Organization","@id":"https:\/\/www.polimoda.com\/it\/#organization","name":"Polimoda Fashion School","alternateName":"Polimoda","url":"https:\/\/www.polimoda.com\/it\/","logo":{"@type":"ImageObject","inLanguage":"it-IT","@id":"https:\/\/www.polimoda.com\/it\/#\/schema\/logo\/image\/","url":"https:\/\/www.polimoda.com\/wp-content\/uploads\/2022\/07\/logo_polimoda.png","contentUrl":"https:\/\/www.polimoda.com\/wp-content\/uploads\/2022\/07\/logo_polimoda.png","width":508,"height":132,"caption":"Polimoda Fashion School"},"image":{"@id":"https:\/\/www.polimoda.com\/it\/#\/schema\/logo\/image\/"},"sameAs":["https:\/\/www.facebook.com\/Polimoda","https:\/\/x.com\/polimoda","https:\/\/www.instagram.com\/polimodafirenze","https:\/\/www.tiktok.com\/@polimoda","https:\/\/open.spotify.com\/user\/qrqkduirz0hc5ta3wvbs4ikem?si=db886dfc1ff6482c","https:\/\/www.youtube.com\/user\/polimodatube","https:\/\/www.linkedin.com\/company\/polimoda"]}]}},"_links":{"self":[{"href":"https:\/\/www.polimoda.com\/it\/wp-json\/wp\/v2\/polimoda-press\/12405","targetHints":{"allow":["GET"]}}],"collection":[{"href":"https:\/\/www.polimoda.com\/it\/wp-json\/wp\/v2\/polimoda-press"}],"about":[{"href":"https:\/\/www.polimoda.com\/it\/wp-json\/wp\/v2\/types\/polimoda-press"}],"version-history":[{"count":3,"href":"https:\/\/www.polimoda.com\/it\/wp-json\/wp\/v2\/polimoda-press\/12405\/revisions"}],"predecessor-version":[{"id":13575,"href":"https:\/\/www.polimoda.com\/it\/wp-json\/wp\/v2\/polimoda-press\/12405\/revisions\/13575"}],"wp:featuredmedia":[{"embeddable":true,"href":"https:\/\/www.polimoda.com\/it\/wp-json\/wp\/v2\/media\/8301"}],"wp:attachment":[{"href":"https:\/\/www.polimoda.com\/it\/wp-json\/wp\/v2\/media?parent=12405"}],"wp:term":[{"taxonomy":"post_tag","embeddable":true,"href":"https:\/\/www.polimoda.com\/it\/wp-json\/wp\/v2\/tags?post=12405"},{"taxonomy":"press-release-categories","embeddable":true,"href":"https:\/\/www.polimoda.com\/it\/wp-json\/wp\/v2\/press-release-categories?post=12405"}],"curies":[{"name":"wp","href":"https:\/\/api.w.org\/{rel}","templated":true}]}}